{"id":9630,"date":"2025-07-25T20:02:52","date_gmt":"2025-07-25T18:02:52","guid":{"rendered":"https:\/\/us.as.com\/autos\/?p=9630"},"modified":"2025-07-25T20:02:54","modified_gmt":"2025-07-25T18:02:54","slug":"veredicto-emocional-marcas-de-autos-que-mas-emocionan-a-los-propietarios","status":"publish","type":"post","link":"https:\/\/us.as.com\/autos\/rankings\/veredicto-emocional-marcas-de-autos-que-mas-emocionan-a-los-propietarios\/","title":{"rendered":"Veredicto emocional: Marcas de autos que m\u00e1s emocionan a los propietarios"},"content":{"rendered":"\n<p>Existe un v\u00ednculo casi indescriptible entre una persona y su autom\u00f3vil. Va mucho m\u00e1s all\u00e1 de ser un simple medio de transporte; se convierte en una extensi\u00f3n de la personalidad, un c\u00f3mplice de aventuras y, en muchos casos, una fuente de pura emoci\u00f3n.&nbsp;<\/p>\n\n\n\n<p>Justamente, capturar esa conexi\u00f3n es lo que define a las <strong>marcas de autos que m\u00e1s emocionan a sus propietarios<\/strong>. No se trata \u00fanicamente de la ficha t\u00e9cnica o del equipamiento, sino de la experiencia completa.&nbsp;<\/p>\n\n\n\n<p>Para entender a fondo este fen\u00f3meno, el estudio <a href=\"https:\/\/www.jdpower.com\/\"><em>Automotive Performance, Execution and Layout (APEAL)<\/em> de J.D. Power<\/a> se ha convertido en el term\u00f3metro de la industria, midiendo directamente el apego emocional que los conductores sienten por sus veh\u00edculos nuevos despu\u00e9s de 90 d\u00edas.<\/p>\n\n\n\n<p>Los resultados de este a\u00f1o son reveladores. La industria automotriz parece haber encontrado una nueva sinton\u00eda con sus clientes, alcanzando un nivel de satisfacci\u00f3n general de 851 puntos sobre 1,000, el m\u00e1s alto desde que el estudio se renov\u00f3 en 2020.&nbsp;<\/p>\n\n\n\n<p>Lo verdaderamente notable es que las diez categor\u00edas de experiencia evaluadas, desde la sensaci\u00f3n al acercarse al veh\u00edculo hasta la eficiencia de combustible, mostraron una mejor\u00eda. Este consenso positivo, que no se ve\u00eda en casi una d\u00e9cada, dibuja un panorama optimista.&nbsp;<\/p>\n\n\n\n<p>Frank Hanley, director senior en J.D. Power, apunta que los fabricantes han logrado avances significativos, transformando la innovaci\u00f3n en interacciones valiosas. A pesar de esto, el estudio tambi\u00e9n saca a la luz una paradoja interesante: la creciente complejidad tecnol\u00f3gica sigue siendo un punto de fricci\u00f3n, especialmente en los modelos de lanzamiento reciente.<\/p>\n\n\n\n<figure class=\"wp-block-image size-large\"><img decoding=\"async\" width=\"1024\" height=\"576\" src=\"https:\/\/us.as.com\/autos\/wp-content\/uploads\/2025\/07\/Subaru-Uncharted-2026-1024x576.jpg\" alt=\"Subaru Uncharted 2026\" class=\"wp-image-9617\" srcset=\"https:\/\/us.as.com\/autos\/wp-content\/uploads\/2025\/07\/Subaru-Uncharted-2026-1024x576.jpg 1024w, https:\/\/us.as.com\/autos\/wp-content\/uploads\/2025\/07\/Subaru-Uncharted-2026-300x169.jpg 300w, https:\/\/us.as.com\/autos\/wp-content\/uploads\/2025\/07\/Subaru-Uncharted-2026-768x432.jpg 768w, https:\/\/us.as.com\/autos\/wp-content\/uploads\/2025\/07\/Subaru-Uncharted-2026-1536x864.jpg 1536w, https:\/\/us.as.com\/autos\/wp-content\/uploads\/2025\/07\/Subaru-Uncharted-2026-1200x675.jpg 1200w, https:\/\/us.as.com\/autos\/wp-content\/uploads\/2025\/07\/Subaru-Uncharted-2026-800x450.jpg 800w, https:\/\/us.as.com\/autos\/wp-content\/uploads\/2025\/07\/Subaru-Uncharted-2026-450x253.jpg 450w, https:\/\/us.as.com\/autos\/wp-content\/uploads\/2025\/07\/Subaru-Uncharted-2026.jpg 2000w\" sizes=\"(max-width: 1024px) 100vw, 1024px\" \/><\/figure>\n\n\n\n<h3 class=\"wp-block-heading\" id=\"h-la-brecha-entre-la-innovacion-y-la-intuicion\"><strong>La brecha entre la innovaci\u00f3n y la intuici\u00f3n<\/strong><\/h3>\n\n\n\n<p>Uno de los hallazgos m\u00e1s interesantes es c\u00f3mo la tecnolog\u00eda puede ser un arma de doble filo. Mientras las marcas de autos <em>premium<\/em> ampl\u00edan su ventaja sobre las de volumen gracias a una mejora de 11 puntos en la satisfacci\u00f3n emocional, impulsada en gran parte por Tesla, se observa una tendencia preocupante.\u00a0<\/p>\n\n\n\n<p><strong>Los modelos completamente nuevos o redise\u00f1ados generan menos satisfacci\u00f3n<\/strong> que los modelos ya existentes, particularmente en aspectos como la configuraci\u00f3n inicial del veh\u00edculo y el manejo del sistema de <em>infotainment<\/em>.<\/p>\n\n\n\n<p>Esto sugiere que, en la carrera por digitalizar la cabina, algunas marcas est\u00e1n tropezando con la usabilidad. Los men\u00fas complejos y las funciones ocultas en submen\u00fas est\u00e1n afectando negativamente la primera impresi\u00f3n, un momento crucial para forjar esa conexi\u00f3n emocional.&nbsp;<\/p>\n\n\n\n<p>La situaci\u00f3n es m\u00e1s pronunciada <strong><a href=\"https:\/\/us.as.com\/autos\/tag\/autos-de-lujo\/\">en el segmento <em>premium<\/em><\/a><\/strong>, donde la expectativa de una experiencia fluida es mayor. Que los modelos establecidos obtengan hasta 48 puntos m\u00e1s en la configuraci\u00f3n inicial es un claro llamado de atenci\u00f3n: la innovaci\u00f3n sin una implementaci\u00f3n intuitiva puede restar en lugar de sumar.<\/p>\n\n\n\n<figure class=\"wp-block-image size-large\"><img decoding=\"async\" width=\"1024\" height=\"576\" src=\"https:\/\/us.as.com\/autos\/wp-content\/uploads\/2024\/11\/2026CadillacVISTIQ_Vistiq_Sport_PillartoPillar-1024x576.jpg\" alt=\"Cadillac Vistiq 2026: Caracter\u00edsticas, precios y versiones\" class=\"wp-image-6603\" srcset=\"https:\/\/us.as.com\/autos\/wp-content\/uploads\/2024\/11\/2026CadillacVISTIQ_Vistiq_Sport_PillartoPillar-1024x576.jpg 1024w, https:\/\/us.as.com\/autos\/wp-content\/uploads\/2024\/11\/2026CadillacVISTIQ_Vistiq_Sport_PillartoPillar-300x169.jpg 300w, https:\/\/us.as.com\/autos\/wp-content\/uploads\/2024\/11\/2026CadillacVISTIQ_Vistiq_Sport_PillartoPillar-768x432.jpg 768w, https:\/\/us.as.com\/autos\/wp-content\/uploads\/2024\/11\/2026CadillacVISTIQ_Vistiq_Sport_PillartoPillar-1536x864.jpg 1536w, https:\/\/us.as.com\/autos\/wp-content\/uploads\/2024\/11\/2026CadillacVISTIQ_Vistiq_Sport_PillartoPillar-2048x1152.jpg 2048w, https:\/\/us.as.com\/autos\/wp-content\/uploads\/2024\/11\/2026CadillacVISTIQ_Vistiq_Sport_PillartoPillar-1200x675.jpg 1200w, https:\/\/us.as.com\/autos\/wp-content\/uploads\/2024\/11\/2026CadillacVISTIQ_Vistiq_Sport_PillartoPillar-800x450.jpg 800w, https:\/\/us.as.com\/autos\/wp-content\/uploads\/2024\/11\/2026CadillacVISTIQ_Vistiq_Sport_PillartoPillar-450x253.jpg 450w\" sizes=\"(max-width: 1024px) 100vw, 1024px\" \/><\/figure>\n\n\n\n<h3 class=\"wp-block-heading\" id=\"h-el-pulso-de-la-electrificacion-consistencia-vs-volatilidad\"><strong>El pulso de la electrificaci\u00f3n: Consistencia vs. Volatilidad<\/strong><\/h3>\n\n\n\n<p>El debate sobre el tipo de motorizaci\u00f3n (<em>powertrain<\/em>) tambi\u00e9n arroja luz sobre las prioridades actuales del consumidor. El estudio indica que los veh\u00edculos con motor de combusti\u00f3n interna (ICE) y los h\u00edbridos convencionales (HEV) ofrecen una experiencia de satisfacci\u00f3n m\u00e1s consistente. Por el contrario, los veh\u00edculos el\u00e9ctricos de bater\u00eda (BEV) y los h\u00edbridos enchufables (PHEV) muestran mayores altibajos.<\/p>\n\n\n\n<p>De manera muy significativa, la satisfacci\u00f3n entre los propietarios de BEV (excluyendo a Tesla) cay\u00f3 17 puntos, mientras que la de los PHEV mejor\u00f3 14 puntos.&nbsp;<\/p>\n\n\n\n<p>Los clientes de h\u00edbridos e h\u00edbridos enchufables se muestran como <strong>los m\u00e1s satisfechos en cuanto a econom\u00eda de combustible, autonom\u00eda y velocidad de recarga<\/strong>. Esto refleja una realidad del mercado: aunque la promesa del el\u00e9ctrico puro es atractiva, la practicidad y la previsibilidad de las tecnolog\u00edas h\u00edbridas est\u00e1n generando un mayor nivel de entusiasmo en el d\u00eda a d\u00eda para un segmento creciente de la poblaci\u00f3n.<\/p>\n\n\n\n<figure class=\"wp-block-image size-large\"><img decoding=\"async\" width=\"1024\" height=\"576\" src=\"https:\/\/us.as.com\/autos\/wp-content\/uploads\/2025\/03\/\u00bfPiezas-voladoras-El-nuevo-problema-del-Cybertruck-de-Tesla-1024x576.jpg\" alt=\"\u00bfPiezas voladoras El nuevo problema del Cybertruck de Tesla\" class=\"wp-image-8063\" srcset=\"https:\/\/us.as.com\/autos\/wp-content\/uploads\/2025\/03\/\u00bfPiezas-voladoras-El-nuevo-problema-del-Cybertruck-de-Tesla-1024x576.jpg 1024w, https:\/\/us.as.com\/autos\/wp-content\/uploads\/2025\/03\/\u00bfPiezas-voladoras-El-nuevo-problema-del-Cybertruck-de-Tesla-300x169.jpg 300w, https:\/\/us.as.com\/autos\/wp-content\/uploads\/2025\/03\/\u00bfPiezas-voladoras-El-nuevo-problema-del-Cybertruck-de-Tesla-768x432.jpg 768w, https:\/\/us.as.com\/autos\/wp-content\/uploads\/2025\/03\/\u00bfPiezas-voladoras-El-nuevo-problema-del-Cybertruck-de-Tesla-1536x864.jpg 1536w, https:\/\/us.as.com\/autos\/wp-content\/uploads\/2025\/03\/\u00bfPiezas-voladoras-El-nuevo-problema-del-Cybertruck-de-Tesla-2048x1152.jpg 2048w, https:\/\/us.as.com\/autos\/wp-content\/uploads\/2025\/03\/\u00bfPiezas-voladoras-El-nuevo-problema-del-Cybertruck-de-Tesla-1200x675.jpg 1200w, https:\/\/us.as.com\/autos\/wp-content\/uploads\/2025\/03\/\u00bfPiezas-voladoras-El-nuevo-problema-del-Cybertruck-de-Tesla-800x450.jpg 800w, https:\/\/us.as.com\/autos\/wp-content\/uploads\/2025\/03\/\u00bfPiezas-voladoras-El-nuevo-problema-del-Cybertruck-de-Tesla-450x253.jpg 450w\" sizes=\"(max-width: 1024px) 100vw, 1024px\" \/><\/figure>\n\n\n\n<h3 class=\"wp-block-heading\" id=\"h-marcas-de-autos-que-mas-emocionan-a-los-propietarios\"><strong>Marcas de autos que m\u00e1s emocionan a los propietarios\u00a0<\/strong><\/h3>\n\n\n\n<p>Al analizar los rankings, algunas marcas de autos demuestran una maestr\u00eda consistente en generar pasi\u00f3n. <strong>Porsche se consolida por segundo a\u00f1o consecutivo como l\u00edder indiscutible<\/strong> entre las marcas de lujo con 890 puntos, una prueba de que su f\u00f3rmula de rendimiento, dise\u00f1o y herencia sigue siendo imbatible. Le siguen de cerca Land Rover (886), que evoca aventura y estatus, y BMW (881), sin\u00f3nimo de placer de conducci\u00f3n.<\/p>\n\n\n\n<p>En el terreno de las marcas de volumen, <strong>MINI repite en la cima con 876 puntos<\/strong>. Su \u00e9xito radica en ofrecer una personalidad \u00fanica y una sensaci\u00f3n de manejo divertida que la desmarca del resto.&nbsp;<\/p>\n\n\n\n<p>Dodge (868), con su enfoque en el <em>muscle<\/em> y la potencia, y GMC (852), que proyecta una imagen de capacidad y refinamiento, completan un podio que celebra a las marcas con identidades bien definidas.<\/p>\n\n\n\n<figure class=\"wp-block-image size-large\"><img decoding=\"async\" width=\"1024\" height=\"576\" src=\"https:\/\/us.as.com\/autos\/wp-content\/uploads\/2025\/02\/Adios-Godzilla-Nissan-GT-R-se-despide-en-2025-1024x576.jpg\" alt=\"Adi\u00f3s, Godzilla Nissan GT-R se despide en 2025\" class=\"wp-image-7772\" srcset=\"https:\/\/us.as.com\/autos\/wp-content\/uploads\/2025\/02\/Adios-Godzilla-Nissan-GT-R-se-despide-en-2025-1024x576.jpg 1024w, https:\/\/us.as.com\/autos\/wp-content\/uploads\/2025\/02\/Adios-Godzilla-Nissan-GT-R-se-despide-en-2025-300x169.jpg 300w, https:\/\/us.as.com\/autos\/wp-content\/uploads\/2025\/02\/Adios-Godzilla-Nissan-GT-R-se-despide-en-2025-768x432.jpg 768w, https:\/\/us.as.com\/autos\/wp-content\/uploads\/2025\/02\/Adios-Godzilla-Nissan-GT-R-se-despide-en-2025-1536x864.jpg 1536w, https:\/\/us.as.com\/autos\/wp-content\/uploads\/2025\/02\/Adios-Godzilla-Nissan-GT-R-se-despide-en-2025-2048x1152.jpg 2048w, https:\/\/us.as.com\/autos\/wp-content\/uploads\/2025\/02\/Adios-Godzilla-Nissan-GT-R-se-despide-en-2025-1200x675.jpg 1200w, https:\/\/us.as.com\/autos\/wp-content\/uploads\/2025\/02\/Adios-Godzilla-Nissan-GT-R-se-despide-en-2025-800x450.jpg 800w, https:\/\/us.as.com\/autos\/wp-content\/uploads\/2025\/02\/Adios-Godzilla-Nissan-GT-R-se-despide-en-2025-450x253.jpg 450w\" sizes=\"(max-width: 1024px) 100vw, 1024px\" \/><\/figure>\n\n\n\n<h3 class=\"wp-block-heading\" id=\"h-los-modelos-que-roban-el-corazon-de-sus-duenos\"><strong>Los modelos que roban el coraz\u00f3n de sus due\u00f1os<\/strong><\/h3>\n\n\n\n<p>Cuando se desglosa por modelos espec\u00edficos, algunas corporaciones destacan por su dominio. <strong>BMW AG es la gran ganadora con cinco premios<\/strong>, incluyendo el BMW X6, que se lleva el t\u00edtulo del modelo individual mejor valorado en todo el estudio.&nbsp;<\/p>\n\n\n\n<p>Le sigue de cerca Hyundai Motor Group con cuatro galardones para modelos como el Hyundai Santa Fe y el Kia K5, este \u00faltimo premiado por quinto a\u00f1o consecutivo, una haza\u00f1a que habla de su excelencia sostenida.<\/p>\n\n\n\n<p>Ford Motor Company y Volkswagen AG tambi\u00e9n tienen un desempe\u00f1o s\u00f3lido con tres premios cada uno. Es interesante ver c\u00f3mo modelos tan diversos como el Ford Mustang, el Volkswagen ID.Buzz y el Porsche 911 logran la m\u00e1xima puntuaci\u00f3n en sus respectivos segmentos, demostrando que la emoci\u00f3n puede encontrarse en distintas formas y tama\u00f1os.<\/p>\n\n\n\n<p>En l\u00edneas generales, el estudio APEAL 2025 nos dice que, si bien la tecnolog\u00eda y la eficiencia son importantes, <strong>el factor decisivo para enamorar a un cliente es la cohesi\u00f3n de la experiencia<\/strong>.&nbsp;<\/p>\n\n\n\n<p>Las marcas que triunfan son aquellas que logran que la tecnolog\u00eda se sienta como una ayuda y no como un obst\u00e1culo, que ofrecen una propuesta de valor clara y que, sobre todo, entienden que conducir sigue siendo, y siempre ser\u00e1, un acto profundamente emocional.<\/p>\n","protected":false},"excerpt":{"rendered":"<p>Existe un v\u00ednculo casi indescriptible entre una persona y su autom\u00f3vil. Va mucho m\u00e1s all\u00e1 de ser un simple medio de transporte; se convierte en una extensi\u00f3n de la personalidad, un c\u00f3mplice de aventuras y, en muchos casos, una fuente de pura emoci\u00f3n.&nbsp; Justamente, capturar esa conexi\u00f3n es lo que define a las marcas de [&hellip;]<\/p>\n","protected":false},"author":9,"featured_media":9631,"comment_status":"open","ping_status":"open","sticky":false,"template":"","format":"standard","meta":{"_acf_changed":false,"footnotes":""},"categories":[167],"tags":[231,203,177,176,175,44],"marcas":[18,208,41,257,171,241],"class_list":["post-9630","post","type-post","status-publish","format-standard","has-post-thumbnail","hentry","category-rankings","tag-autos-deportivos","tag-autos-electricos","tag-autos-hibridos","tag-camionetas","tag-pickups","tag-suv","marcas-bmw","marcas-ford","marcas-hyundai","marcas-mini","marcas-tesla","marcas-volkswagen","cat-167-id"],"acf":[],"yoast_head":"<!-- This site is optimized with the Yoast SEO Premium plugin  - https:\/\/yoast.com\/wordpress\/plugins\/seo\/ -->\n<title>Veredicto emocional: Marcas de autos que m\u00e1s emocionan a los propietarios - Autos<\/title>\n<meta name=\"description\" content=\"\u00bfBuscas las marcas de autos que m\u00e1s emocionan a sus due\u00f1os? Ranking 2025 de J.D. Power. por qu\u00e9 Porsche, MINI y BMW lideran en pasi\u00f3n.\" \/>\n<meta name=\"robots\" content=\"index, follow, max-snippet:-1, max-image-preview:large, max-video-preview:-1\" \/>\n<link rel=\"canonical\" href=\"https:\/\/us.as.com\/autos\/rankings\/veredicto-emocional-marcas-de-autos-que-mas-emocionan-a-los-propietarios\/\" \/>\n<meta property=\"og:locale\" content=\"es_ES\" \/>\n<meta property=\"og:type\" content=\"article\" \/>\n<meta property=\"og:title\" content=\"Veredicto emocional: Marcas de autos que m\u00e1s emocionan a los propietarios - Autos\" \/>\n<meta property=\"og:description\" content=\"\u00bfBuscas las marcas de autos que m\u00e1s emocionan a sus due\u00f1os? Ranking 2025 de J.D. Power. por qu\u00e9 Porsche, MINI y BMW lideran en pasi\u00f3n.\" \/>\n<meta property=\"og:url\" content=\"https:\/\/us.as.com\/autos\/rankings\/veredicto-emocional-marcas-de-autos-que-mas-emocionan-a-los-propietarios\/\" \/>\n<meta property=\"og:site_name\" content=\"Autos\" \/>\n<meta property=\"article:published_time\" content=\"2025-07-25T18:02:52+00:00\" \/>\n<meta property=\"article:modified_time\" content=\"2025-07-25T18:02:54+00:00\" \/>\n<meta property=\"og:image\" content=\"https:\/\/us.as.com\/autos\/wp-content\/uploads\/2025\/07\/SUVs-Mexico.jpg\" \/>\n\t<meta property=\"og:image:width\" content=\"2048\" \/>\n\t<meta property=\"og:image:height\" content=\"1152\" \/>\n\t<meta property=\"og:image:type\" content=\"image\/jpeg\" \/>\n<meta name=\"author\" content=\"Luis Hern\u00e1ndez del Arco\" \/>\n<meta name=\"twitter:card\" content=\"summary_large_image\" \/>\n<meta name=\"twitter:creator\" content=\"@https:\/\/x.com\/ldelarco\" \/>\n<meta name=\"twitter:label1\" content=\"Escrito por\" \/>\n\t<meta name=\"twitter:data1\" content=\"Luis Hern\u00e1ndez del Arco\" \/>\n\t<meta name=\"twitter:label2\" content=\"Tiempo de lectura\" \/>\n\t<meta name=\"twitter:data2\" content=\"6 minutos\" \/>\n<script type=\"application\/ld+json\" class=\"yoast-schema-graph\">{\"@context\":\"https:\/\/schema.org\",\"@graph\":[{\"@type\":\"WebPage\",\"@id\":\"https:\/\/us.as.com\/autos\/rankings\/veredicto-emocional-marcas-de-autos-que-mas-emocionan-a-los-propietarios\/\",\"url\":\"https:\/\/us.as.com\/autos\/rankings\/veredicto-emocional-marcas-de-autos-que-mas-emocionan-a-los-propietarios\/\",\"name\":\"Veredicto emocional: Marcas de autos que m\u00e1s emocionan a los propietarios - Autos\",\"isPartOf\":{\"@id\":\"https:\/\/us.as.com\/autos\/#website\"},\"primaryImageOfPage\":{\"@id\":\"https:\/\/us.as.com\/autos\/rankings\/veredicto-emocional-marcas-de-autos-que-mas-emocionan-a-los-propietarios\/#primaryimage\"},\"image\":{\"@id\":\"https:\/\/us.as.com\/autos\/rankings\/veredicto-emocional-marcas-de-autos-que-mas-emocionan-a-los-propietarios\/#primaryimage\"},\"thumbnailUrl\":\"https:\/\/us.as.com\/autos\/wp-content\/uploads\/2025\/07\/SUVs-Mexico.jpg\",\"datePublished\":\"2025-07-25T18:02:52+00:00\",\"dateModified\":\"2025-07-25T18:02:54+00:00\",\"author\":{\"@id\":\"https:\/\/us.as.com\/autos\/#\/schema\/person\/b59ded8d3d136c0f0f7adae8ab7f1712\"},\"description\":\"\u00bfBuscas las marcas de autos que m\u00e1s emocionan a sus due\u00f1os? Ranking 2025 de J.D. Power. por qu\u00e9 Porsche, MINI y BMW lideran en pasi\u00f3n.\",\"inLanguage\":\"es\",\"potentialAction\":[{\"@type\":\"ReadAction\",\"target\":[\"https:\/\/us.as.com\/autos\/rankings\/veredicto-emocional-marcas-de-autos-que-mas-emocionan-a-los-propietarios\/\"]}]},{\"@type\":\"ImageObject\",\"inLanguage\":\"es\",\"@id\":\"https:\/\/us.as.com\/autos\/rankings\/veredicto-emocional-marcas-de-autos-que-mas-emocionan-a-los-propietarios\/#primaryimage\",\"url\":\"https:\/\/us.as.com\/autos\/wp-content\/uploads\/2025\/07\/SUVs-Mexico.jpg\",\"contentUrl\":\"https:\/\/us.as.com\/autos\/wp-content\/uploads\/2025\/07\/SUVs-Mexico.jpg\",\"width\":2048,\"height\":1152,\"caption\":\"Veredicto emocional: Marcas de autos que m\u00e1s emocionan a sus propietarios\"},{\"@type\":\"WebSite\",\"@id\":\"https:\/\/us.as.com\/autos\/#website\",\"url\":\"https:\/\/us.as.com\/autos\/\",\"name\":\"Autos\",\"description\":\"\",\"potentialAction\":[{\"@type\":\"SearchAction\",\"target\":{\"@type\":\"EntryPoint\",\"urlTemplate\":\"https:\/\/us.as.com\/autos\/?s={search_term_string}\"},\"query-input\":{\"@type\":\"PropertyValueSpecification\",\"valueRequired\":true,\"valueName\":\"search_term_string\"}}],\"inLanguage\":\"es\"},{\"@type\":\"Person\",\"@id\":\"https:\/\/us.as.com\/autos\/#\/schema\/person\/b59ded8d3d136c0f0f7adae8ab7f1712\",\"name\":\"Luis Hern\u00e1ndez del Arco\",\"image\":{\"@type\":\"ImageObject\",\"inLanguage\":\"es\",\"@id\":\"https:\/\/us.as.com\/autos\/#\/schema\/person\/image\/\",\"url\":\"https:\/\/secure.gravatar.com\/avatar\/c2b7262a4ee821aa4260ed5f07cfd999?s=96&d=mm&r=g\",\"contentUrl\":\"https:\/\/secure.gravatar.com\/avatar\/c2b7262a4ee821aa4260ed5f07cfd999?s=96&d=mm&r=g\",\"caption\":\"Luis Hern\u00e1ndez del Arco\"},\"sameAs\":[\"https:\/\/us.as.com\/autos\/\",\"https:\/\/www.instagram.com\/luisdelarcoh\",\"https:\/\/x.com\/https:\/\/x.com\/ldelarco\"],\"gender\":\"Hombre\",\"jobTitle\":\"Editor\",\"worksFor\":\"Grupo Prisa\",\"url\":\"https:\/\/us.as.com\/autos\/autor\/lhernandezd\/\"}]}<\/script>\n<!-- \/ Yoast SEO Premium plugin. -->","yoast_head_json":{"title":"Veredicto emocional: Marcas de autos que m\u00e1s emocionan a los propietarios - Autos","description":"\u00bfBuscas las marcas de autos que m\u00e1s emocionan a sus due\u00f1os? Ranking 2025 de J.D. Power. por qu\u00e9 Porsche, MINI y BMW lideran en pasi\u00f3n.","robots":{"index":"index","follow":"follow","max-snippet":"max-snippet:-1","max-image-preview":"max-image-preview:large","max-video-preview":"max-video-preview:-1"},"canonical":"https:\/\/us.as.com\/autos\/rankings\/veredicto-emocional-marcas-de-autos-que-mas-emocionan-a-los-propietarios\/","og_locale":"es_ES","og_type":"article","og_title":"Veredicto emocional: Marcas de autos que m\u00e1s emocionan a los propietarios - Autos","og_description":"\u00bfBuscas las marcas de autos que m\u00e1s emocionan a sus due\u00f1os? Ranking 2025 de J.D. Power. por qu\u00e9 Porsche, MINI y BMW lideran en pasi\u00f3n.","og_url":"https:\/\/us.as.com\/autos\/rankings\/veredicto-emocional-marcas-de-autos-que-mas-emocionan-a-los-propietarios\/","og_site_name":"Autos","article_published_time":"2025-07-25T18:02:52+00:00","article_modified_time":"2025-07-25T18:02:54+00:00","og_image":[{"width":2048,"height":1152,"url":"https:\/\/us.as.com\/autos\/wp-content\/uploads\/2025\/07\/SUVs-Mexico.jpg","type":"image\/jpeg"}],"author":"Luis Hern\u00e1ndez del Arco","twitter_card":"summary_large_image","twitter_creator":"@https:\/\/x.com\/ldelarco","twitter_misc":{"Escrito por":"Luis Hern\u00e1ndez del Arco","Tiempo de lectura":"6 minutos"},"schema":{"@context":"https:\/\/schema.org","@graph":[{"@type":"WebPage","@id":"https:\/\/us.as.com\/autos\/rankings\/veredicto-emocional-marcas-de-autos-que-mas-emocionan-a-los-propietarios\/","url":"https:\/\/us.as.com\/autos\/rankings\/veredicto-emocional-marcas-de-autos-que-mas-emocionan-a-los-propietarios\/","name":"Veredicto emocional: Marcas de autos que m\u00e1s emocionan a los propietarios - Autos","isPartOf":{"@id":"https:\/\/us.as.com\/autos\/#website"},"primaryImageOfPage":{"@id":"https:\/\/us.as.com\/autos\/rankings\/veredicto-emocional-marcas-de-autos-que-mas-emocionan-a-los-propietarios\/#primaryimage"},"image":{"@id":"https:\/\/us.as.com\/autos\/rankings\/veredicto-emocional-marcas-de-autos-que-mas-emocionan-a-los-propietarios\/#primaryimage"},"thumbnailUrl":"https:\/\/us.as.com\/autos\/wp-content\/uploads\/2025\/07\/SUVs-Mexico.jpg","datePublished":"2025-07-25T18:02:52+00:00","dateModified":"2025-07-25T18:02:54+00:00","author":{"@id":"https:\/\/us.as.com\/autos\/#\/schema\/person\/b59ded8d3d136c0f0f7adae8ab7f1712"},"description":"\u00bfBuscas las marcas de autos que m\u00e1s emocionan a sus due\u00f1os? Ranking 2025 de J.D. Power. por qu\u00e9 Porsche, MINI y BMW lideran en pasi\u00f3n.","inLanguage":"es","potentialAction":[{"@type":"ReadAction","target":["https:\/\/us.as.com\/autos\/rankings\/veredicto-emocional-marcas-de-autos-que-mas-emocionan-a-los-propietarios\/"]}]},{"@type":"ImageObject","inLanguage":"es","@id":"https:\/\/us.as.com\/autos\/rankings\/veredicto-emocional-marcas-de-autos-que-mas-emocionan-a-los-propietarios\/#primaryimage","url":"https:\/\/us.as.com\/autos\/wp-content\/uploads\/2025\/07\/SUVs-Mexico.jpg","contentUrl":"https:\/\/us.as.com\/autos\/wp-content\/uploads\/2025\/07\/SUVs-Mexico.jpg","width":2048,"height":1152,"caption":"Veredicto emocional: Marcas de autos que m\u00e1s emocionan a sus propietarios"},{"@type":"WebSite","@id":"https:\/\/us.as.com\/autos\/#website","url":"https:\/\/us.as.com\/autos\/","name":"Autos","description":"","potentialAction":[{"@type":"SearchAction","target":{"@type":"EntryPoint","urlTemplate":"https:\/\/us.as.com\/autos\/?s={search_term_string}"},"query-input":{"@type":"PropertyValueSpecification","valueRequired":true,"valueName":"search_term_string"}}],"inLanguage":"es"},{"@type":"Person","@id":"https:\/\/us.as.com\/autos\/#\/schema\/person\/b59ded8d3d136c0f0f7adae8ab7f1712","name":"Luis Hern\u00e1ndez del Arco","image":{"@type":"ImageObject","inLanguage":"es","@id":"https:\/\/us.as.com\/autos\/#\/schema\/person\/image\/","url":"https:\/\/secure.gravatar.com\/avatar\/c2b7262a4ee821aa4260ed5f07cfd999?s=96&d=mm&r=g","contentUrl":"https:\/\/secure.gravatar.com\/avatar\/c2b7262a4ee821aa4260ed5f07cfd999?s=96&d=mm&r=g","caption":"Luis Hern\u00e1ndez del Arco"},"sameAs":["https:\/\/us.as.com\/autos\/","https:\/\/www.instagram.com\/luisdelarcoh","https:\/\/x.com\/https:\/\/x.com\/ldelarco"],"gender":"Hombre","jobTitle":"Editor","worksFor":"Grupo Prisa","url":"https:\/\/us.as.com\/autos\/autor\/lhernandezd\/"}]}},"amp_enabled":true,"_links":{"self":[{"href":"https:\/\/us.as.com\/autos\/wp-json\/wp\/v2\/posts\/9630","targetHints":{"allow":["GET"]}}],"collection":[{"href":"https:\/\/us.as.com\/autos\/wp-json\/wp\/v2\/posts"}],"about":[{"href":"https:\/\/us.as.com\/autos\/wp-json\/wp\/v2\/types\/post"}],"author":[{"embeddable":true,"href":"https:\/\/us.as.com\/autos\/wp-json\/wp\/v2\/users\/9"}],"replies":[{"embeddable":true,"href":"https:\/\/us.as.com\/autos\/wp-json\/wp\/v2\/comments?post=9630"}],"version-history":[{"count":1,"href":"https:\/\/us.as.com\/autos\/wp-json\/wp\/v2\/posts\/9630\/revisions"}],"predecessor-version":[{"id":9632,"href":"https:\/\/us.as.com\/autos\/wp-json\/wp\/v2\/posts\/9630\/revisions\/9632"}],"wp:featuredmedia":[{"embeddable":true,"href":"https:\/\/us.as.com\/autos\/wp-json\/wp\/v2\/media\/9631"}],"wp:attachment":[{"href":"https:\/\/us.as.com\/autos\/wp-json\/wp\/v2\/media?parent=9630"}],"wp:term":[{"taxonomy":"category","embeddable":true,"href":"https:\/\/us.as.com\/autos\/wp-json\/wp\/v2\/categories?post=9630"},{"taxonomy":"post_tag","embeddable":true,"href":"https:\/\/us.as.com\/autos\/wp-json\/wp\/v2\/tags?post=9630"},{"taxonomy":"marcas","embeddable":true,"href":"https:\/\/us.as.com\/autos\/wp-json\/wp\/v2\/marcas?post=9630"}],"curies":[{"name":"wp","href":"https:\/\/api.w.org\/{rel}","templated":true}]}}