{"id":9452,"date":"2025-07-11T23:10:44","date_gmt":"2025-07-11T21:10:44","guid":{"rendered":"https:\/\/us.as.com\/autos\/?p=9452"},"modified":"2025-07-11T23:10:45","modified_gmt":"2025-07-11T21:10:45","slug":"la-camioneta-mas-lujosa-del-mundo-irreconocible-tras-esta-brutal-modificacion","status":"publish","type":"post","link":"https:\/\/us.as.com\/autos\/curiosidades\/la-camioneta-mas-lujosa-del-mundo-irreconocible-tras-esta-brutal-modificacion\/","title":{"rendered":"La camioneta m\u00e1s lujosa del mundo, irreconocible tras esta brutal modificaci\u00f3n"},"content":{"rendered":"\n<p>Hoy por hoy, el segmento de los veh\u00edculos utilitarios deportivos (SUV) tiene un rey indiscutible en la cima de la opulencia, un monarca cuyo nombre evoca un est\u00e1ndar de lujo que parec\u00eda insuperable. Hablamos, por supuesto, del Rolls-Royce Cullinan.\u00a0<\/p>\n\n\n\n<p>Este SUV no es simplemente un medio de transporte, es una experiencia, un santuario rodante que a\u00edsla a sus ocupantes del mundo exterior con una calma imperial. Aun as\u00ed, para un sector del mercado, la perfecci\u00f3n puede ser solo el punto de partida.&nbsp;<\/p>\n\n\n\n<p>Es aqu\u00ed donde entra en escena Urban Automotive, una firma que no se conforma con lo sublime y se atreve a reinterpretarlo, tal como demostr\u00f3 con el debut mundial de su <strong>Rolls-Royce Cullinan (Serie II) Redefined by Urban<\/strong> en el Festival de la Velocidad de Goodwood.<\/p>\n\n\n\n<p>Este no es un simple paquete de accesorios. Es una transformaci\u00f3n conceptual que plantea una pregunta fundamental: \u00bfqu\u00e9 sucede cuando la opulencia susurrante aprende a gritar? La respuesta es un veh\u00edculo que conserva el alma de un Rolls-Royce, pero con un cuerpo que exuda una confianza mucho m\u00e1s desafiante y contempor\u00e1nea.<\/p>\n\n\n\n<figure class=\"wp-block-image size-large\"><img decoding=\"async\" width=\"1024\" height=\"576\" src=\"https:\/\/us.as.com\/autos\/wp-content\/uploads\/2025\/07\/UA-Cullinan-High-Res-Jpeg-Finals-6-of-13-1-1024x576.jpg\" alt=\"La camioneta m\u00e1s lujosa del mundo, irreconocible tras esta brutal modificaci\u00f3n\" class=\"wp-image-9455\" srcset=\"https:\/\/us.as.com\/autos\/wp-content\/uploads\/2025\/07\/UA-Cullinan-High-Res-Jpeg-Finals-6-of-13-1-1024x576.jpg 1024w, https:\/\/us.as.com\/autos\/wp-content\/uploads\/2025\/07\/UA-Cullinan-High-Res-Jpeg-Finals-6-of-13-1-300x169.jpg 300w, https:\/\/us.as.com\/autos\/wp-content\/uploads\/2025\/07\/UA-Cullinan-High-Res-Jpeg-Finals-6-of-13-1-768x432.jpg 768w, https:\/\/us.as.com\/autos\/wp-content\/uploads\/2025\/07\/UA-Cullinan-High-Res-Jpeg-Finals-6-of-13-1-1536x864.jpg 1536w, https:\/\/us.as.com\/autos\/wp-content\/uploads\/2025\/07\/UA-Cullinan-High-Res-Jpeg-Finals-6-of-13-1-2048x1152.jpg 2048w, https:\/\/us.as.com\/autos\/wp-content\/uploads\/2025\/07\/UA-Cullinan-High-Res-Jpeg-Finals-6-of-13-1-1200x675.jpg 1200w, https:\/\/us.as.com\/autos\/wp-content\/uploads\/2025\/07\/UA-Cullinan-High-Res-Jpeg-Finals-6-of-13-1-800x450.jpg 800w, https:\/\/us.as.com\/autos\/wp-content\/uploads\/2025\/07\/UA-Cullinan-High-Res-Jpeg-Finals-6-of-13-1-450x253.jpg 450w\" sizes=\"(max-width: 1024px) 100vw, 1024px\" \/><\/figure>\n\n\n\n<h3 class=\"wp-block-heading\" id=\"h-camioneta-mas-lujosa-del-mundo-la-metamorfosis-de-un-titan\"><strong>Camioneta m\u00e1s lujosa del mundo:<\/strong> <strong>La metamorfosis de un tit\u00e1n<\/strong><\/h3>\n\n\n\n<p>Partir del Cullinan como lienzo es, en s\u00ed mismo, un acto de valent\u00eda. La ingenier\u00eda de Goodwood ha logrado un equilibrio casi m\u00e1gico entre tama\u00f1o, confort y capacidad. La propuesta de Urban Automotive, por lo tanto, no busca corregir defectos, sino inyectar una personalidad completamente nueva.&nbsp;<\/p>\n\n\n\n<p>Su programa de dise\u00f1o <em>Widetrack<\/em> es la clave de esta metamorfosis. El objetivo es claro y directo: otorgarle al Cullinan <strong>una presencia en carretera m\u00e1s agresiva y dominante<\/strong>.<\/p>\n\n\n\n<p>Para lograrlo, el especialista brit\u00e1nico recurre a un material que es sin\u00f3nimo de alta competici\u00f3n y tecnolog\u00eda de punta: la fibra de carbono. El uso de este compuesto va mucho m\u00e1s all\u00e1 de un simple adorno. Se manifiesta en un cap\u00f3 de reemplazo completo, con secciones de fibra a la vista que rompen la monoton\u00eda del color de la carrocer\u00eda, y en extensiones de los pasos de rueda que ensanchan visiblemente la silueta del veh\u00edculo. De este modo, el Cullinan de Urban no solo ocupa su carril, lo conquista visualmente.<\/p>\n\n\n\n<figure class=\"wp-block-image size-large\"><img decoding=\"async\" width=\"1024\" height=\"576\" src=\"https:\/\/us.as.com\/autos\/wp-content\/uploads\/2025\/07\/UA-Cullinan-High-Res-Jpeg-Finals-11-of-13-1024x576.jpg\" alt=\"La camioneta m\u00e1s lujosa del mundo, irreconocible tras esta brutal modificaci\u00f3n\" class=\"wp-image-9456\" srcset=\"https:\/\/us.as.com\/autos\/wp-content\/uploads\/2025\/07\/UA-Cullinan-High-Res-Jpeg-Finals-11-of-13-1024x576.jpg 1024w, https:\/\/us.as.com\/autos\/wp-content\/uploads\/2025\/07\/UA-Cullinan-High-Res-Jpeg-Finals-11-of-13-300x169.jpg 300w, https:\/\/us.as.com\/autos\/wp-content\/uploads\/2025\/07\/UA-Cullinan-High-Res-Jpeg-Finals-11-of-13-768x432.jpg 768w, https:\/\/us.as.com\/autos\/wp-content\/uploads\/2025\/07\/UA-Cullinan-High-Res-Jpeg-Finals-11-of-13-1536x864.jpg 1536w, https:\/\/us.as.com\/autos\/wp-content\/uploads\/2025\/07\/UA-Cullinan-High-Res-Jpeg-Finals-11-of-13-2048x1152.jpg 2048w, https:\/\/us.as.com\/autos\/wp-content\/uploads\/2025\/07\/UA-Cullinan-High-Res-Jpeg-Finals-11-of-13-1200x675.jpg 1200w, https:\/\/us.as.com\/autos\/wp-content\/uploads\/2025\/07\/UA-Cullinan-High-Res-Jpeg-Finals-11-of-13-800x450.jpg 800w, https:\/\/us.as.com\/autos\/wp-content\/uploads\/2025\/07\/UA-Cullinan-High-Res-Jpeg-Finals-11-of-13-450x253.jpg 450w\" sizes=\"(max-width: 1024px) 100vw, 1024px\" \/><\/figure>\n\n\n\n<h3 class=\"wp-block-heading\" id=\"h-un-lenguaje-de-diseno-en-fibra-de-carbono\"><strong>Un lenguaje de dise\u00f1o en fibra de carbono<\/strong><\/h3>\n\n\n\n<p>La narrativa de dise\u00f1o de Urban es coherente y total. Cada nuevo componente dialoga con el siguiente para crear una est\u00e9tica unificada. El frontal del veh\u00edculo adquiere una nueva identidad gracias a un parachoques redise\u00f1ado que integra luces de circulaci\u00f3n diurna (<em>DRL<\/em>) verticales, creando una firma lum\u00ednica \u00fanica que lo distingue instant\u00e1neamente.&nbsp;<\/p>\n\n\n\n<p>Un divisor frontal de dos piezas, tambi\u00e9n en fibra de carbono expuesta, ancla visualmente el coche al asfalto, mientras que las imponentes llantas de aleaci\u00f3n <em>Urban-Vossen UV-8 Fully Forged<\/em> de 24 pulgadas, calzadas con neum\u00e1ticos Yokohama Advan Sport, llenan los pasos de rueda ensanchados con una autoridad innegable.<\/p>\n\n\n\n<p>La transformaci\u00f3n contin\u00faa en la zaga. Un nuevo parachoques trasero incorpora un difusor visualmente integrado y salidas de escape de aluminio <em>billet<\/em>, enmarcadas en fibra de carbono. Dos alerones, uno superior y otro central, completan el conjunto aerodin\u00e1mico y est\u00e9tico.&nbsp;<\/p>\n\n\n\n<p>El resultado es un veh\u00edculo que, visto desde cualquier \u00e1ngulo, comunica poder y un nivel de detalle obsesivo. Es <strong>la personalizaci\u00f3n como m\u00e1xima expresi\u00f3n de poder<\/strong>, donde cada elemento ha sido dise\u00f1ado y producido internamente para garantizar una calidad que la propia firma denomina <em>OEM+<\/em>, es decir, superior a la del fabricante original.<\/p>\n\n\n\n<figure class=\"wp-block-image size-large\"><img decoding=\"async\" width=\"1024\" height=\"576\" src=\"https:\/\/us.as.com\/autos\/wp-content\/uploads\/2025\/07\/UA-Cullinan-High-Res-Jpeg-Finals-9-of-13-1024x576.jpg\" alt=\"La camioneta m\u00e1s lujosa del mundo, irreconocible tras esta brutal modificaci\u00f3n\" class=\"wp-image-9457\" srcset=\"https:\/\/us.as.com\/autos\/wp-content\/uploads\/2025\/07\/UA-Cullinan-High-Res-Jpeg-Finals-9-of-13-1024x576.jpg 1024w, https:\/\/us.as.com\/autos\/wp-content\/uploads\/2025\/07\/UA-Cullinan-High-Res-Jpeg-Finals-9-of-13-300x169.jpg 300w, https:\/\/us.as.com\/autos\/wp-content\/uploads\/2025\/07\/UA-Cullinan-High-Res-Jpeg-Finals-9-of-13-768x432.jpg 768w, https:\/\/us.as.com\/autos\/wp-content\/uploads\/2025\/07\/UA-Cullinan-High-Res-Jpeg-Finals-9-of-13-1536x864.jpg 1536w, https:\/\/us.as.com\/autos\/wp-content\/uploads\/2025\/07\/UA-Cullinan-High-Res-Jpeg-Finals-9-of-13-2048x1152.jpg 2048w, https:\/\/us.as.com\/autos\/wp-content\/uploads\/2025\/07\/UA-Cullinan-High-Res-Jpeg-Finals-9-of-13-1200x675.jpg 1200w, https:\/\/us.as.com\/autos\/wp-content\/uploads\/2025\/07\/UA-Cullinan-High-Res-Jpeg-Finals-9-of-13-800x450.jpg 800w, https:\/\/us.as.com\/autos\/wp-content\/uploads\/2025\/07\/UA-Cullinan-High-Res-Jpeg-Finals-9-of-13-450x253.jpg 450w\" sizes=\"(max-width: 1024px) 100vw, 1024px\" \/><\/figure>\n\n\n\n<h3 class=\"wp-block-heading\" id=\"h-camioneta-mas-lujosa-del-mundo-exceso-o-exclusividad-definitiva\"><strong>Camioneta m\u00e1s lujosa del mundo: \u00bfExceso o exclusividad definitiva?<\/strong><\/h3>\n\n\n\n<p>Inevitablemente, una modificaci\u00f3n de esta magnitud genera debate. \u00bfEs posible mejorar un Rolls-Royce o cualquier alteraci\u00f3n es un sacrilegio? La creaci\u00f3n de Urban Automotive no est\u00e1 dirigida al purista tradicional de la marca.&nbsp;<\/p>\n\n\n\n<p>Apunta directamente a un nuevo arquetipo de cliente: aquel para quien la exclusividad no reside en la discreci\u00f3n, sino en la autoexpresi\u00f3n audaz. Este cliente no quiere el mismo coche que los dem\u00e1s miembros del club; quiere una pieza \u00fanica que refleje su propia personalidad disruptiva.<\/p>\n\n\n\n<p>Lejos de ser un mero ejercicio de estilo, el Cullinan Redefined by Urban es un producto que entiende perfectamente a su p\u00fablico. Ofrece una alternativa para quienes consideran que el modelo de serie, a pesar de su magnificencia, es demasiado sutil. Como afirma el fundador de Urban, Simon Dearn, el objetivo era dotar al Serie II de una imagen m\u00e1s agresiva. Misi\u00f3n cumplida. Este veh\u00edculo no pide permiso, se impone.<\/p>\n\n\n\n<p>Es la prueba fehaciente de que, incluso en el estrato m\u00e1s alto del lujo automotriz, siempre hay espacio para ser m\u00e1s audaz, m\u00e1s ruidoso y, para un selecto grupo, indiscutiblemente m\u00e1s deseable.<\/p>\n\n\n\n<p>El precio de partida para la camioneta m\u00e1s lujosa del mundo Rolls-Royce Cullinan (Serie II) Redefined by Urban es de 449,995 libras esterlinas. Haciendo la conversi\u00f3n a d\u00f3lares estadounidenses, el precio estimado es de aproximadamente $607,000 USD.<\/p>\n\n\n\n<p><\/p>\n","protected":false},"excerpt":{"rendered":"<p>Hoy por hoy, el segmento de los veh\u00edculos utilitarios deportivos (SUV) tiene un rey indiscutible en la cima de la opulencia, un monarca cuyo nombre evoca un est\u00e1ndar de lujo que parec\u00eda insuperable. Hablamos, por supuesto, del Rolls-Royce Cullinan.\u00a0 Este SUV no es simplemente un medio de transporte, es una experiencia, un santuario rodante que [&hellip;]<\/p>\n","protected":false},"author":9,"featured_media":9454,"comment_status":"open","ping_status":"open","sticky":false,"template":"","format":"standard","meta":{"_acf_changed":false,"footnotes":""},"categories":[12],"tags":[176,44],"marcas":[287],"class_list":["post-9452","post","type-post","status-publish","format-standard","has-post-thumbnail","hentry","category-curiosidades","tag-camionetas","tag-suv","marcas-rolls-royce","cat-12-id"],"acf":[],"yoast_head":"<!-- This site is optimized with the Yoast SEO Premium plugin  - https:\/\/yoast.com\/wordpress\/plugins\/seo\/ -->\n<title>La camioneta m\u00e1s lujosa del mundo, irreconocible tras esta brutal modificaci\u00f3n - Autos<\/title>\n<meta name=\"description\" content=\"La camioneta m\u00e1s lujosa del mundo recibe una brutal modificaci\u00f3n en fibra de carbono. Una transformaci\u00f3n que cambia la elegancia\" \/>\n<meta name=\"robots\" content=\"index, follow, max-snippet:-1, max-image-preview:large, max-video-preview:-1\" \/>\n<link rel=\"canonical\" href=\"https:\/\/us.as.com\/autos\/curiosidades\/la-camioneta-mas-lujosa-del-mundo-irreconocible-tras-esta-brutal-modificacion\/\" \/>\n<meta property=\"og:locale\" content=\"es_ES\" \/>\n<meta property=\"og:type\" content=\"article\" \/>\n<meta property=\"og:title\" content=\"La camioneta m\u00e1s lujosa del mundo, irreconocible tras esta brutal modificaci\u00f3n - Autos\" \/>\n<meta property=\"og:description\" content=\"La camioneta m\u00e1s lujosa del mundo recibe una brutal modificaci\u00f3n en fibra de carbono. Una transformaci\u00f3n que cambia la elegancia\" \/>\n<meta property=\"og:url\" content=\"https:\/\/us.as.com\/autos\/curiosidades\/la-camioneta-mas-lujosa-del-mundo-irreconocible-tras-esta-brutal-modificacion\/\" \/>\n<meta property=\"og:site_name\" content=\"Autos\" \/>\n<meta property=\"article:published_time\" content=\"2025-07-11T21:10:44+00:00\" \/>\n<meta property=\"article:modified_time\" content=\"2025-07-11T21:10:45+00:00\" \/>\n<meta property=\"og:image\" content=\"https:\/\/us.as.com\/autos\/wp-content\/uploads\/2025\/07\/UA-Cullinan-High-Res-Jpeg-Finals-8-of-13-scaled.jpg\" \/>\n\t<meta property=\"og:image:width\" content=\"2560\" \/>\n\t<meta property=\"og:image:height\" content=\"1440\" \/>\n\t<meta property=\"og:image:type\" content=\"image\/jpeg\" \/>\n<meta name=\"author\" content=\"Luis Hern\u00e1ndez del Arco\" \/>\n<meta name=\"twitter:card\" content=\"summary_large_image\" \/>\n<meta name=\"twitter:creator\" content=\"@https:\/\/x.com\/ldelarco\" \/>\n<meta name=\"twitter:label1\" content=\"Escrito por\" \/>\n\t<meta name=\"twitter:data1\" content=\"Luis Hern\u00e1ndez del Arco\" \/>\n\t<meta name=\"twitter:label2\" content=\"Tiempo de lectura\" \/>\n\t<meta name=\"twitter:data2\" content=\"5 minutos\" \/>\n<script type=\"application\/ld+json\" class=\"yoast-schema-graph\">{\"@context\":\"https:\/\/schema.org\",\"@graph\":[{\"@type\":\"WebPage\",\"@id\":\"https:\/\/us.as.com\/autos\/curiosidades\/la-camioneta-mas-lujosa-del-mundo-irreconocible-tras-esta-brutal-modificacion\/\",\"url\":\"https:\/\/us.as.com\/autos\/curiosidades\/la-camioneta-mas-lujosa-del-mundo-irreconocible-tras-esta-brutal-modificacion\/\",\"name\":\"La camioneta m\u00e1s lujosa del mundo, irreconocible tras esta brutal modificaci\u00f3n - Autos\",\"isPartOf\":{\"@id\":\"https:\/\/us.as.com\/autos\/#website\"},\"primaryImageOfPage\":{\"@id\":\"https:\/\/us.as.com\/autos\/curiosidades\/la-camioneta-mas-lujosa-del-mundo-irreconocible-tras-esta-brutal-modificacion\/#primaryimage\"},\"image\":{\"@id\":\"https:\/\/us.as.com\/autos\/curiosidades\/la-camioneta-mas-lujosa-del-mundo-irreconocible-tras-esta-brutal-modificacion\/#primaryimage\"},\"thumbnailUrl\":\"https:\/\/us.as.com\/autos\/wp-content\/uploads\/2025\/07\/UA-Cullinan-High-Res-Jpeg-Finals-8-of-13-scaled.jpg\",\"datePublished\":\"2025-07-11T21:10:44+00:00\",\"dateModified\":\"2025-07-11T21:10:45+00:00\",\"author\":{\"@id\":\"https:\/\/us.as.com\/autos\/#\/schema\/person\/b59ded8d3d136c0f0f7adae8ab7f1712\"},\"description\":\"La camioneta m\u00e1s lujosa del mundo recibe una brutal modificaci\u00f3n en fibra de carbono. Una transformaci\u00f3n que cambia la elegancia\",\"inLanguage\":\"es\",\"potentialAction\":[{\"@type\":\"ReadAction\",\"target\":[\"https:\/\/us.as.com\/autos\/curiosidades\/la-camioneta-mas-lujosa-del-mundo-irreconocible-tras-esta-brutal-modificacion\/\"]}]},{\"@type\":\"ImageObject\",\"inLanguage\":\"es\",\"@id\":\"https:\/\/us.as.com\/autos\/curiosidades\/la-camioneta-mas-lujosa-del-mundo-irreconocible-tras-esta-brutal-modificacion\/#primaryimage\",\"url\":\"https:\/\/us.as.com\/autos\/wp-content\/uploads\/2025\/07\/UA-Cullinan-High-Res-Jpeg-Finals-8-of-13-scaled.jpg\",\"contentUrl\":\"https:\/\/us.as.com\/autos\/wp-content\/uploads\/2025\/07\/UA-Cullinan-High-Res-Jpeg-Finals-8-of-13-scaled.jpg\",\"width\":2560,\"height\":1440,\"caption\":\"camioneta m\u00e1s lujosa del mundo\"},{\"@type\":\"WebSite\",\"@id\":\"https:\/\/us.as.com\/autos\/#website\",\"url\":\"https:\/\/us.as.com\/autos\/\",\"name\":\"Autos\",\"description\":\"\",\"potentialAction\":[{\"@type\":\"SearchAction\",\"target\":{\"@type\":\"EntryPoint\",\"urlTemplate\":\"https:\/\/us.as.com\/autos\/?s={search_term_string}\"},\"query-input\":{\"@type\":\"PropertyValueSpecification\",\"valueRequired\":true,\"valueName\":\"search_term_string\"}}],\"inLanguage\":\"es\"},{\"@type\":\"Person\",\"@id\":\"https:\/\/us.as.com\/autos\/#\/schema\/person\/b59ded8d3d136c0f0f7adae8ab7f1712\",\"name\":\"Luis Hern\u00e1ndez del Arco\",\"image\":{\"@type\":\"ImageObject\",\"inLanguage\":\"es\",\"@id\":\"https:\/\/us.as.com\/autos\/#\/schema\/person\/image\/\",\"url\":\"https:\/\/secure.gravatar.com\/avatar\/c2b7262a4ee821aa4260ed5f07cfd999?s=96&d=mm&r=g\",\"contentUrl\":\"https:\/\/secure.gravatar.com\/avatar\/c2b7262a4ee821aa4260ed5f07cfd999?s=96&d=mm&r=g\",\"caption\":\"Luis Hern\u00e1ndez del Arco\"},\"sameAs\":[\"https:\/\/us.as.com\/autos\/\",\"https:\/\/www.instagram.com\/luisdelarcoh\",\"https:\/\/x.com\/https:\/\/x.com\/ldelarco\"],\"gender\":\"Hombre\",\"jobTitle\":\"Editor\",\"worksFor\":\"Grupo Prisa\",\"url\":\"https:\/\/us.as.com\/autos\/autor\/lhernandezd\/\"}]}<\/script>\n<!-- \/ Yoast SEO Premium plugin. -->","yoast_head_json":{"title":"La camioneta m\u00e1s lujosa del mundo, irreconocible tras esta brutal modificaci\u00f3n - Autos","description":"La camioneta m\u00e1s lujosa del mundo recibe una brutal modificaci\u00f3n en fibra de carbono. Una transformaci\u00f3n que cambia la elegancia","robots":{"index":"index","follow":"follow","max-snippet":"max-snippet:-1","max-image-preview":"max-image-preview:large","max-video-preview":"max-video-preview:-1"},"canonical":"https:\/\/us.as.com\/autos\/curiosidades\/la-camioneta-mas-lujosa-del-mundo-irreconocible-tras-esta-brutal-modificacion\/","og_locale":"es_ES","og_type":"article","og_title":"La camioneta m\u00e1s lujosa del mundo, irreconocible tras esta brutal modificaci\u00f3n - Autos","og_description":"La camioneta m\u00e1s lujosa del mundo recibe una brutal modificaci\u00f3n en fibra de carbono. Una transformaci\u00f3n que cambia la elegancia","og_url":"https:\/\/us.as.com\/autos\/curiosidades\/la-camioneta-mas-lujosa-del-mundo-irreconocible-tras-esta-brutal-modificacion\/","og_site_name":"Autos","article_published_time":"2025-07-11T21:10:44+00:00","article_modified_time":"2025-07-11T21:10:45+00:00","og_image":[{"width":2560,"height":1440,"url":"https:\/\/us.as.com\/autos\/wp-content\/uploads\/2025\/07\/UA-Cullinan-High-Res-Jpeg-Finals-8-of-13-scaled.jpg","type":"image\/jpeg"}],"author":"Luis Hern\u00e1ndez del Arco","twitter_card":"summary_large_image","twitter_creator":"@https:\/\/x.com\/ldelarco","twitter_misc":{"Escrito por":"Luis Hern\u00e1ndez del Arco","Tiempo de lectura":"5 minutos"},"schema":{"@context":"https:\/\/schema.org","@graph":[{"@type":"WebPage","@id":"https:\/\/us.as.com\/autos\/curiosidades\/la-camioneta-mas-lujosa-del-mundo-irreconocible-tras-esta-brutal-modificacion\/","url":"https:\/\/us.as.com\/autos\/curiosidades\/la-camioneta-mas-lujosa-del-mundo-irreconocible-tras-esta-brutal-modificacion\/","name":"La camioneta m\u00e1s lujosa del mundo, irreconocible tras esta brutal modificaci\u00f3n - Autos","isPartOf":{"@id":"https:\/\/us.as.com\/autos\/#website"},"primaryImageOfPage":{"@id":"https:\/\/us.as.com\/autos\/curiosidades\/la-camioneta-mas-lujosa-del-mundo-irreconocible-tras-esta-brutal-modificacion\/#primaryimage"},"image":{"@id":"https:\/\/us.as.com\/autos\/curiosidades\/la-camioneta-mas-lujosa-del-mundo-irreconocible-tras-esta-brutal-modificacion\/#primaryimage"},"thumbnailUrl":"https:\/\/us.as.com\/autos\/wp-content\/uploads\/2025\/07\/UA-Cullinan-High-Res-Jpeg-Finals-8-of-13-scaled.jpg","datePublished":"2025-07-11T21:10:44+00:00","dateModified":"2025-07-11T21:10:45+00:00","author":{"@id":"https:\/\/us.as.com\/autos\/#\/schema\/person\/b59ded8d3d136c0f0f7adae8ab7f1712"},"description":"La camioneta m\u00e1s lujosa del mundo recibe una brutal modificaci\u00f3n en fibra de carbono. Una transformaci\u00f3n que cambia la elegancia","inLanguage":"es","potentialAction":[{"@type":"ReadAction","target":["https:\/\/us.as.com\/autos\/curiosidades\/la-camioneta-mas-lujosa-del-mundo-irreconocible-tras-esta-brutal-modificacion\/"]}]},{"@type":"ImageObject","inLanguage":"es","@id":"https:\/\/us.as.com\/autos\/curiosidades\/la-camioneta-mas-lujosa-del-mundo-irreconocible-tras-esta-brutal-modificacion\/#primaryimage","url":"https:\/\/us.as.com\/autos\/wp-content\/uploads\/2025\/07\/UA-Cullinan-High-Res-Jpeg-Finals-8-of-13-scaled.jpg","contentUrl":"https:\/\/us.as.com\/autos\/wp-content\/uploads\/2025\/07\/UA-Cullinan-High-Res-Jpeg-Finals-8-of-13-scaled.jpg","width":2560,"height":1440,"caption":"camioneta m\u00e1s lujosa del mundo"},{"@type":"WebSite","@id":"https:\/\/us.as.com\/autos\/#website","url":"https:\/\/us.as.com\/autos\/","name":"Autos","description":"","potentialAction":[{"@type":"SearchAction","target":{"@type":"EntryPoint","urlTemplate":"https:\/\/us.as.com\/autos\/?s={search_term_string}"},"query-input":{"@type":"PropertyValueSpecification","valueRequired":true,"valueName":"search_term_string"}}],"inLanguage":"es"},{"@type":"Person","@id":"https:\/\/us.as.com\/autos\/#\/schema\/person\/b59ded8d3d136c0f0f7adae8ab7f1712","name":"Luis Hern\u00e1ndez del Arco","image":{"@type":"ImageObject","inLanguage":"es","@id":"https:\/\/us.as.com\/autos\/#\/schema\/person\/image\/","url":"https:\/\/secure.gravatar.com\/avatar\/c2b7262a4ee821aa4260ed5f07cfd999?s=96&d=mm&r=g","contentUrl":"https:\/\/secure.gravatar.com\/avatar\/c2b7262a4ee821aa4260ed5f07cfd999?s=96&d=mm&r=g","caption":"Luis Hern\u00e1ndez del Arco"},"sameAs":["https:\/\/us.as.com\/autos\/","https:\/\/www.instagram.com\/luisdelarcoh","https:\/\/x.com\/https:\/\/x.com\/ldelarco"],"gender":"Hombre","jobTitle":"Editor","worksFor":"Grupo Prisa","url":"https:\/\/us.as.com\/autos\/autor\/lhernandezd\/"}]}},"amp_enabled":true,"_links":{"self":[{"href":"https:\/\/us.as.com\/autos\/wp-json\/wp\/v2\/posts\/9452","targetHints":{"allow":["GET"]}}],"collection":[{"href":"https:\/\/us.as.com\/autos\/wp-json\/wp\/v2\/posts"}],"about":[{"href":"https:\/\/us.as.com\/autos\/wp-json\/wp\/v2\/types\/post"}],"author":[{"embeddable":true,"href":"https:\/\/us.as.com\/autos\/wp-json\/wp\/v2\/users\/9"}],"replies":[{"embeddable":true,"href":"https:\/\/us.as.com\/autos\/wp-json\/wp\/v2\/comments?post=9452"}],"version-history":[{"count":1,"href":"https:\/\/us.as.com\/autos\/wp-json\/wp\/v2\/posts\/9452\/revisions"}],"predecessor-version":[{"id":9459,"href":"https:\/\/us.as.com\/autos\/wp-json\/wp\/v2\/posts\/9452\/revisions\/9459"}],"wp:featuredmedia":[{"embeddable":true,"href":"https:\/\/us.as.com\/autos\/wp-json\/wp\/v2\/media\/9454"}],"wp:attachment":[{"href":"https:\/\/us.as.com\/autos\/wp-json\/wp\/v2\/media?parent=9452"}],"wp:term":[{"taxonomy":"category","embeddable":true,"href":"https:\/\/us.as.com\/autos\/wp-json\/wp\/v2\/categories?post=9452"},{"taxonomy":"post_tag","embeddable":true,"href":"https:\/\/us.as.com\/autos\/wp-json\/wp\/v2\/tags?post=9452"},{"taxonomy":"marcas","embeddable":true,"href":"https:\/\/us.as.com\/autos\/wp-json\/wp\/v2\/marcas?post=9452"}],"curies":[{"name":"wp","href":"https:\/\/api.w.org\/{rel}","templated":true}]}}