{"id":9008,"date":"2025-06-09T17:42:32","date_gmt":"2025-06-09T15:42:32","guid":{"rendered":"https:\/\/us.as.com\/autos\/?p=9008"},"modified":"2025-06-09T17:42:33","modified_gmt":"2025-06-09T15:42:33","slug":"origen-del-apodo-el-vocho-para-el-volkswagen-beetle","status":"publish","type":"post","link":"https:\/\/us.as.com\/autos\/curiosidades\/origen-del-apodo-el-vocho-para-el-volkswagen-beetle\/","title":{"rendered":"Origen del apodo \u00abEl Vocho\u00bb para el Volkswagen Beetle"},"content":{"rendered":"\n<p>Pocos autom\u00f3viles han logrado trascender su funci\u00f3n como medio de transporte para convertirse en un aut\u00e9ntico miembro de la familia y en un pilar de la identidad nacional. <strong>El Volkswagen Type 1 es, sin duda, el mejor ejemplo de esto en M\u00e9xico<\/strong>.&nbsp;<\/p>\n\n\n\n<p>Este auto, con su inconfundible silueta de escarabajo, no solo motoriz\u00f3 al pa\u00eds durante d\u00e9cadas, sino que tambi\u00e9n se gan\u00f3 un lugar permanente en el coraz\u00f3n y en el lenguaje de los mexicanos. Hoy en d\u00eda, verlo rodar por las calles, ya sea como una reliquia funcional o una joya de colecci\u00f3n, sigue despertando una sonrisa.<\/p>\n\n\n\n<p>Resulta curioso que su nombre de batalla, con el que todos lo identifican, no provenga de una estrategia de marketing de la marca alemana. De hecho, Volkswagen lo registr\u00f3 en el mercado mexicano bajo el nombre oficial de \u201cSed\u00e1n\u201d.&nbsp;<\/p>\n\n\n\n<p>Esta designaci\u00f3n ya presentaba una peculiaridad, puesto que, t\u00e9cnicamente, su carrocer\u00eda de dos puertas no corresponde a la de un sed\u00e1n convencional. As\u00ed que, desde el principio, el auto parec\u00eda destinado a forjar su propio camino, comenzando por su nombre. La pregunta que flota en el aire es inevitable: <strong>\u00bfc\u00f3mo y por qu\u00e9 el Volkswagen Sed\u00e1n pas\u00f3 a ser el legendario Vocho?<\/strong><\/p>\n\n\n\n<p>El misterio, como ocurre con muchas tradiciones populares, no tiene una \u00fanica respuesta, sino un abanico de explicaciones que reflejan la creatividad y el contexto hist\u00f3rico del M\u00e9xico de mediados del siglo XX.<\/p>\n\n\n\n<figure class=\"wp-block-image size-large\"><img decoding=\"async\" width=\"1024\" height=\"576\" src=\"https:\/\/us.as.com\/autos\/wp-content\/uploads\/2025\/06\/Origen-del-apodo-El-Vocho-para-el-Volkswagen-Beetle-2-1024x576.jpg\" alt=\"\" class=\"wp-image-9012\" srcset=\"https:\/\/us.as.com\/autos\/wp-content\/uploads\/2025\/06\/Origen-del-apodo-El-Vocho-para-el-Volkswagen-Beetle-2-1024x576.jpg 1024w, https:\/\/us.as.com\/autos\/wp-content\/uploads\/2025\/06\/Origen-del-apodo-El-Vocho-para-el-Volkswagen-Beetle-2-300x169.jpg 300w, https:\/\/us.as.com\/autos\/wp-content\/uploads\/2025\/06\/Origen-del-apodo-El-Vocho-para-el-Volkswagen-Beetle-2-768x432.jpg 768w, https:\/\/us.as.com\/autos\/wp-content\/uploads\/2025\/06\/Origen-del-apodo-El-Vocho-para-el-Volkswagen-Beetle-2-800x450.jpg 800w, https:\/\/us.as.com\/autos\/wp-content\/uploads\/2025\/06\/Origen-del-apodo-El-Vocho-para-el-Volkswagen-Beetle-2-450x253.jpg 450w, https:\/\/us.as.com\/autos\/wp-content\/uploads\/2025\/06\/Origen-del-apodo-El-Vocho-para-el-Volkswagen-Beetle-2.jpg 1200w\" sizes=\"(max-width: 1024px) 100vw, 1024px\" \/><\/figure>\n\n\n\n<h3 class=\"wp-block-heading\" id=\"h-el-vocho-el-ingenio-mexicano-y-el-arte-de-acortar-palabras\"><strong>El Vocho<\/strong>: <strong>El ingenio mexicano y el arte de acortar palabras<\/strong><\/h3>\n\n\n\n<p>Una de las teor\u00edas m\u00e1s aceptadas y difundidas apunta directamente al pragmatismo del lenguaje coloquial. <strong>\u201cVocho\u201d ser\u00eda una abreviaci\u00f3n popular de la palabra \u201cVolkswagen\u201d<\/strong>.&nbsp;<\/p>\n\n\n\n<p>Para el p\u00fablico mexicano de la \u00e9poca, poco familiarizado con la fon\u00e9tica alemana, pronunciar \u201cFolks-va-guen\u201d resultaba complejo y poco pr\u00e1ctico para el d\u00eda a d\u00eda. <\/p>\n\n\n\n<p>El ingenio popular, siempre \u00e1gil para crear apodos y simplificar t\u00e9rminos, habr\u00eda tomado las primeras letras de la marca (\u201cVo-\u201d) y las habr\u00eda combinado con un sufijo com\u00fan y sonoro (\u201c-cho\u201d), dando vida a una palabra corta, pegajosa y f\u00e1cil de recordar. Esta pr\u00e1ctica es un rasgo distintivo del espa\u00f1ol hablado en M\u00e9xico, donde la econom\u00eda del lenguaje da lugar a t\u00e9rminos cari\u00f1osos y funcionales.<\/p>\n\n\n\n<figure class=\"wp-block-image size-full\"><img decoding=\"async\" width=\"1018\" height=\"751\" src=\"https:\/\/us.as.com\/autos\/wp-content\/uploads\/2025\/06\/Galeria5-1.webp\" alt=\"Origen del apodo El Vocho para el Volkswagen Beetle\" class=\"wp-image-9013\" srcset=\"https:\/\/us.as.com\/autos\/wp-content\/uploads\/2025\/06\/Galeria5-1.webp 1018w, https:\/\/us.as.com\/autos\/wp-content\/uploads\/2025\/06\/Galeria5-1-300x221.webp 300w, https:\/\/us.as.com\/autos\/wp-content\/uploads\/2025\/06\/Galeria5-1-768x567.webp 768w, https:\/\/us.as.com\/autos\/wp-content\/uploads\/2025\/06\/Galeria5-1-800x590.webp 800w, https:\/\/us.as.com\/autos\/wp-content\/uploads\/2025\/06\/Galeria5-1-450x332.webp 450w\" sizes=\"(max-width: 1018px) 100vw, 1018px\" \/><\/figure>\n\n\n\n<h3 class=\"wp-block-heading\" id=\"h-un-eco-de-la-posguerra-en-las-calles-de-mexico\"><strong>Un eco de la posguerra en las calles de M\u00e9xico<\/strong><\/h3>\n\n\n\n<p>Existe otra explicaci\u00f3n, con tintes mucho m\u00e1s hist\u00f3ricos y atrevidos, que conecta el apodo con las tensiones geopol\u00edticas del siglo XX. Esta teor\u00eda sugiere que la palabra tiene sus ra\u00edces en el t\u00e9rmino franc\u00e9s <em>\u201cboche\u201d<\/em>, un apelativo despectivo utilizado para referirse a los soldados alemanes durante la Primera y Segunda Guerra Mundial.&nbsp;<\/p>\n\n\n\n<p>Seg\u00fan esta hip\u00f3tesis, al llegar a M\u00e9xico un producto tan emblem\u00e1tico de la industria alemana, el t\u00e9rmino <em>\u201cboche\u201d<\/em> se habr\u00eda asociado con el auto. Con el paso del tiempo y la adaptaci\u00f3n fon\u00e9tica, <strong>la palabra se habr\u00eda transformado primero en \u201cbocho\u201d y, finalmente, en \u201cvocho\u201d<\/strong>, cambiando la \u201cb\u201d por la \u201cv\u201d en una clara alusi\u00f3n a Volkswagen.&nbsp;<\/p>\n\n\n\n<p>Aunque es una teor\u00eda m\u00e1s oscura, nos recuerda c\u00f3mo los grandes acontecimientos mundiales pueden dejar una huella inesperada en los detalles m\u00e1s cotidianos.<\/p>\n\n\n\n<figure class=\"wp-block-image size-full\"><img decoding=\"async\" width=\"800\" height=\"596\" src=\"https:\/\/us.as.com\/autos\/wp-content\/uploads\/2025\/06\/Galeria3-2.webp\" alt=\"\" class=\"wp-image-9014\" srcset=\"https:\/\/us.as.com\/autos\/wp-content\/uploads\/2025\/06\/Galeria3-2.webp 800w, https:\/\/us.as.com\/autos\/wp-content\/uploads\/2025\/06\/Galeria3-2-300x224.webp 300w, https:\/\/us.as.com\/autos\/wp-content\/uploads\/2025\/06\/Galeria3-2-768x572.webp 768w, https:\/\/us.as.com\/autos\/wp-content\/uploads\/2025\/06\/Galeria3-2-450x335.webp 450w\" sizes=\"(max-width: 800px) 100vw, 800px\" \/><\/figure>\n\n\n\n<h3 class=\"wp-block-heading\" id=\"h-la-forma-del-bicho-que-conquisto-mexico\"><strong>La forma del \u201cbicho\u201d que conquist\u00f3 M\u00e9xico<\/strong><\/h3>\n\n\n\n<p>Una tercera v\u00eda, m\u00e1s sencilla y visual, propone que el apodo es una derivaci\u00f3n de la palabra \u201cbicho\u201d. <strong>La forma redondeada y compacta del Volkswagen Type 1<\/strong>, con sus faros saltones y su caparaz\u00f3n met\u00e1lico, le daba una apariencia similar a la de un insecto.&nbsp;<\/p>\n\n\n\n<p>Es muy posible que la gente comenzara a referirse a \u00e9l como \u201cel bicho\u201d, y que, por la rapidez del habla y la evoluci\u00f3n del lenguaje callejero, la pronunciaci\u00f3n se fuera deformando hasta consolidarse en \u201cvocho\u201d. Esta explicaci\u00f3n resalta la conexi\u00f3n directa entre el dise\u00f1o ic\u00f3nico del auto y la percepci\u00f3n popular, una relaci\u00f3n tan fuerte que termin\u00f3 por bautizarlo.<\/p>\n\n\n\n<p>Independientemente de cu\u00e1l teor\u00eda sea la correcta, la realidad es que <strong>el apodo \u201cVocho\u201d se arraig\u00f3 con una fuerza imparable<\/strong>. Se convirti\u00f3 en mucho m\u00e1s que un simple nombre; es una palabra cargada de nostalgia, de historias de carretera, de primeras citas, de viajes familiares y de incontables an\u00e9cdotas.&nbsp;<\/p>\n\n\n\n<p>El Vocho es un testamento rodante de la cultura mexicana, un s\u00edmbolo de resistencia, asequibilidad y carisma que demuestra c\u00f3mo un objeto puede ser adoptado y rebautizado por un pueblo hasta hacerlo completamente suyo.<\/p>\n","protected":false},"excerpt":{"rendered":"<p>Pocos autom\u00f3viles han logrado trascender su funci\u00f3n como medio de transporte para convertirse en un aut\u00e9ntico miembro de la familia y en un pilar de la identidad nacional. El Volkswagen Type 1 es, sin duda, el mejor ejemplo de esto en M\u00e9xico.&nbsp; Este auto, con su inconfundible silueta de escarabajo, no solo motoriz\u00f3 al pa\u00eds [&hellip;]<\/p>\n","protected":false},"author":9,"featured_media":9011,"comment_status":"open","ping_status":"open","sticky":false,"template":"","format":"standard","meta":{"_acf_changed":false,"footnotes":""},"categories":[12],"tags":[188],"marcas":[241],"class_list":["post-9008","post","type-post","status-publish","format-standard","has-post-thumbnail","hentry","category-curiosidades","tag-autos-clasicos","marcas-volkswagen","cat-12-id"],"acf":[],"yoast_head":"<!-- This site is optimized with the Yoast SEO Premium plugin  - https:\/\/yoast.com\/wordpress\/plugins\/seo\/ -->\n<title>Origen del apodo &quot;El Vocho&quot; para el Volkswagen Beetle - Autos<\/title>\n<meta name=\"description\" content=\"Descubre las fascinantes teor\u00edas sobre el origen del apodo \u201cEl Vocho\u201d. Analizamos por qu\u00e9 el Volkswagen Type 1 se convirti\u00f3 en un \u00edcono\" \/>\n<meta name=\"robots\" content=\"index, follow, max-snippet:-1, max-image-preview:large, max-video-preview:-1\" \/>\n<link rel=\"canonical\" href=\"https:\/\/us.as.com\/autos\/curiosidades\/origen-del-apodo-el-vocho-para-el-volkswagen-beetle\/\" \/>\n<meta property=\"og:locale\" content=\"es_ES\" \/>\n<meta property=\"og:type\" content=\"article\" \/>\n<meta property=\"og:title\" content=\"Origen del apodo &quot;El Vocho&quot; para el Volkswagen Beetle - Autos\" \/>\n<meta property=\"og:description\" content=\"Descubre las fascinantes teor\u00edas sobre el origen del apodo \u201cEl Vocho\u201d. Analizamos por qu\u00e9 el Volkswagen Type 1 se convirti\u00f3 en un \u00edcono\" \/>\n<meta property=\"og:url\" content=\"https:\/\/us.as.com\/autos\/curiosidades\/origen-del-apodo-el-vocho-para-el-volkswagen-beetle\/\" \/>\n<meta property=\"og:site_name\" content=\"Autos\" \/>\n<meta property=\"article:published_time\" content=\"2025-06-09T15:42:32+00:00\" \/>\n<meta property=\"article:modified_time\" content=\"2025-06-09T15:42:33+00:00\" \/>\n<meta property=\"og:image\" content=\"https:\/\/us.as.com\/autos\/wp-content\/uploads\/2025\/06\/Origen-del-apodo-El-Vocho-para-el-Volkswagen-Beetle.jpg\" \/>\n\t<meta property=\"og:image:width\" content=\"1200\" \/>\n\t<meta property=\"og:image:height\" content=\"675\" \/>\n\t<meta property=\"og:image:type\" content=\"image\/jpeg\" \/>\n<meta name=\"author\" content=\"Luis Hern\u00e1ndez del Arco\" \/>\n<meta name=\"twitter:card\" content=\"summary_large_image\" \/>\n<meta name=\"twitter:creator\" content=\"@https:\/\/x.com\/ldelarco\" \/>\n<meta name=\"twitter:label1\" content=\"Escrito por\" \/>\n\t<meta name=\"twitter:data1\" content=\"Luis Hern\u00e1ndez del Arco\" \/>\n\t<meta name=\"twitter:label2\" content=\"Tiempo de lectura\" \/>\n\t<meta name=\"twitter:data2\" content=\"4 minutos\" \/>\n<script type=\"application\/ld+json\" class=\"yoast-schema-graph\">{\"@context\":\"https:\/\/schema.org\",\"@graph\":[{\"@type\":\"WebPage\",\"@id\":\"https:\/\/us.as.com\/autos\/curiosidades\/origen-del-apodo-el-vocho-para-el-volkswagen-beetle\/\",\"url\":\"https:\/\/us.as.com\/autos\/curiosidades\/origen-del-apodo-el-vocho-para-el-volkswagen-beetle\/\",\"name\":\"Origen del apodo \\\"El Vocho\\\" para el Volkswagen Beetle - Autos\",\"isPartOf\":{\"@id\":\"https:\/\/us.as.com\/autos\/#website\"},\"primaryImageOfPage\":{\"@id\":\"https:\/\/us.as.com\/autos\/curiosidades\/origen-del-apodo-el-vocho-para-el-volkswagen-beetle\/#primaryimage\"},\"image\":{\"@id\":\"https:\/\/us.as.com\/autos\/curiosidades\/origen-del-apodo-el-vocho-para-el-volkswagen-beetle\/#primaryimage\"},\"thumbnailUrl\":\"https:\/\/us.as.com\/autos\/wp-content\/uploads\/2025\/06\/Origen-del-apodo-El-Vocho-para-el-Volkswagen-Beetle.jpg\",\"datePublished\":\"2025-06-09T15:42:32+00:00\",\"dateModified\":\"2025-06-09T15:42:33+00:00\",\"author\":{\"@id\":\"https:\/\/us.as.com\/autos\/#\/schema\/person\/b59ded8d3d136c0f0f7adae8ab7f1712\"},\"description\":\"Descubre las fascinantes teor\u00edas sobre el origen del apodo \u201cEl Vocho\u201d. Analizamos por qu\u00e9 el Volkswagen Type 1 se convirti\u00f3 en un \u00edcono\",\"inLanguage\":\"es\",\"potentialAction\":[{\"@type\":\"ReadAction\",\"target\":[\"https:\/\/us.as.com\/autos\/curiosidades\/origen-del-apodo-el-vocho-para-el-volkswagen-beetle\/\"]}]},{\"@type\":\"ImageObject\",\"inLanguage\":\"es\",\"@id\":\"https:\/\/us.as.com\/autos\/curiosidades\/origen-del-apodo-el-vocho-para-el-volkswagen-beetle\/#primaryimage\",\"url\":\"https:\/\/us.as.com\/autos\/wp-content\/uploads\/2025\/06\/Origen-del-apodo-El-Vocho-para-el-Volkswagen-Beetle.jpg\",\"contentUrl\":\"https:\/\/us.as.com\/autos\/wp-content\/uploads\/2025\/06\/Origen-del-apodo-El-Vocho-para-el-Volkswagen-Beetle.jpg\",\"width\":1200,\"height\":675,\"caption\":\"Origen del apodo El Vocho para el Volkswagen Beetle\"},{\"@type\":\"WebSite\",\"@id\":\"https:\/\/us.as.com\/autos\/#website\",\"url\":\"https:\/\/us.as.com\/autos\/\",\"name\":\"Autos\",\"description\":\"\",\"potentialAction\":[{\"@type\":\"SearchAction\",\"target\":{\"@type\":\"EntryPoint\",\"urlTemplate\":\"https:\/\/us.as.com\/autos\/?s={search_term_string}\"},\"query-input\":{\"@type\":\"PropertyValueSpecification\",\"valueRequired\":true,\"valueName\":\"search_term_string\"}}],\"inLanguage\":\"es\"},{\"@type\":\"Person\",\"@id\":\"https:\/\/us.as.com\/autos\/#\/schema\/person\/b59ded8d3d136c0f0f7adae8ab7f1712\",\"name\":\"Luis Hern\u00e1ndez del Arco\",\"image\":{\"@type\":\"ImageObject\",\"inLanguage\":\"es\",\"@id\":\"https:\/\/us.as.com\/autos\/#\/schema\/person\/image\/\",\"url\":\"https:\/\/secure.gravatar.com\/avatar\/c2b7262a4ee821aa4260ed5f07cfd999?s=96&d=mm&r=g\",\"contentUrl\":\"https:\/\/secure.gravatar.com\/avatar\/c2b7262a4ee821aa4260ed5f07cfd999?s=96&d=mm&r=g\",\"caption\":\"Luis Hern\u00e1ndez del Arco\"},\"sameAs\":[\"https:\/\/us.as.com\/autos\/\",\"https:\/\/www.instagram.com\/luisdelarcoh\",\"https:\/\/x.com\/https:\/\/x.com\/ldelarco\"],\"gender\":\"Hombre\",\"jobTitle\":\"Editor\",\"worksFor\":\"Grupo Prisa\",\"url\":\"https:\/\/us.as.com\/autos\/autor\/lhernandezd\/\"}]}<\/script>\n<!-- \/ Yoast SEO Premium plugin. -->","yoast_head_json":{"title":"Origen del apodo \"El Vocho\" para el Volkswagen Beetle - Autos","description":"Descubre las fascinantes teor\u00edas sobre el origen del apodo \u201cEl Vocho\u201d. Analizamos por qu\u00e9 el Volkswagen Type 1 se convirti\u00f3 en un \u00edcono","robots":{"index":"index","follow":"follow","max-snippet":"max-snippet:-1","max-image-preview":"max-image-preview:large","max-video-preview":"max-video-preview:-1"},"canonical":"https:\/\/us.as.com\/autos\/curiosidades\/origen-del-apodo-el-vocho-para-el-volkswagen-beetle\/","og_locale":"es_ES","og_type":"article","og_title":"Origen del apodo \"El Vocho\" para el Volkswagen Beetle - Autos","og_description":"Descubre las fascinantes teor\u00edas sobre el origen del apodo \u201cEl Vocho\u201d. Analizamos por qu\u00e9 el Volkswagen Type 1 se convirti\u00f3 en un \u00edcono","og_url":"https:\/\/us.as.com\/autos\/curiosidades\/origen-del-apodo-el-vocho-para-el-volkswagen-beetle\/","og_site_name":"Autos","article_published_time":"2025-06-09T15:42:32+00:00","article_modified_time":"2025-06-09T15:42:33+00:00","og_image":[{"width":1200,"height":675,"url":"https:\/\/us.as.com\/autos\/wp-content\/uploads\/2025\/06\/Origen-del-apodo-El-Vocho-para-el-Volkswagen-Beetle.jpg","type":"image\/jpeg"}],"author":"Luis Hern\u00e1ndez del Arco","twitter_card":"summary_large_image","twitter_creator":"@https:\/\/x.com\/ldelarco","twitter_misc":{"Escrito por":"Luis Hern\u00e1ndez del Arco","Tiempo de lectura":"4 minutos"},"schema":{"@context":"https:\/\/schema.org","@graph":[{"@type":"WebPage","@id":"https:\/\/us.as.com\/autos\/curiosidades\/origen-del-apodo-el-vocho-para-el-volkswagen-beetle\/","url":"https:\/\/us.as.com\/autos\/curiosidades\/origen-del-apodo-el-vocho-para-el-volkswagen-beetle\/","name":"Origen del apodo \"El Vocho\" para el Volkswagen Beetle - Autos","isPartOf":{"@id":"https:\/\/us.as.com\/autos\/#website"},"primaryImageOfPage":{"@id":"https:\/\/us.as.com\/autos\/curiosidades\/origen-del-apodo-el-vocho-para-el-volkswagen-beetle\/#primaryimage"},"image":{"@id":"https:\/\/us.as.com\/autos\/curiosidades\/origen-del-apodo-el-vocho-para-el-volkswagen-beetle\/#primaryimage"},"thumbnailUrl":"https:\/\/us.as.com\/autos\/wp-content\/uploads\/2025\/06\/Origen-del-apodo-El-Vocho-para-el-Volkswagen-Beetle.jpg","datePublished":"2025-06-09T15:42:32+00:00","dateModified":"2025-06-09T15:42:33+00:00","author":{"@id":"https:\/\/us.as.com\/autos\/#\/schema\/person\/b59ded8d3d136c0f0f7adae8ab7f1712"},"description":"Descubre las fascinantes teor\u00edas sobre el origen del apodo \u201cEl Vocho\u201d. Analizamos por qu\u00e9 el Volkswagen Type 1 se convirti\u00f3 en un \u00edcono","inLanguage":"es","potentialAction":[{"@type":"ReadAction","target":["https:\/\/us.as.com\/autos\/curiosidades\/origen-del-apodo-el-vocho-para-el-volkswagen-beetle\/"]}]},{"@type":"ImageObject","inLanguage":"es","@id":"https:\/\/us.as.com\/autos\/curiosidades\/origen-del-apodo-el-vocho-para-el-volkswagen-beetle\/#primaryimage","url":"https:\/\/us.as.com\/autos\/wp-content\/uploads\/2025\/06\/Origen-del-apodo-El-Vocho-para-el-Volkswagen-Beetle.jpg","contentUrl":"https:\/\/us.as.com\/autos\/wp-content\/uploads\/2025\/06\/Origen-del-apodo-El-Vocho-para-el-Volkswagen-Beetle.jpg","width":1200,"height":675,"caption":"Origen del apodo El Vocho para el Volkswagen Beetle"},{"@type":"WebSite","@id":"https:\/\/us.as.com\/autos\/#website","url":"https:\/\/us.as.com\/autos\/","name":"Autos","description":"","potentialAction":[{"@type":"SearchAction","target":{"@type":"EntryPoint","urlTemplate":"https:\/\/us.as.com\/autos\/?s={search_term_string}"},"query-input":{"@type":"PropertyValueSpecification","valueRequired":true,"valueName":"search_term_string"}}],"inLanguage":"es"},{"@type":"Person","@id":"https:\/\/us.as.com\/autos\/#\/schema\/person\/b59ded8d3d136c0f0f7adae8ab7f1712","name":"Luis Hern\u00e1ndez del Arco","image":{"@type":"ImageObject","inLanguage":"es","@id":"https:\/\/us.as.com\/autos\/#\/schema\/person\/image\/","url":"https:\/\/secure.gravatar.com\/avatar\/c2b7262a4ee821aa4260ed5f07cfd999?s=96&d=mm&r=g","contentUrl":"https:\/\/secure.gravatar.com\/avatar\/c2b7262a4ee821aa4260ed5f07cfd999?s=96&d=mm&r=g","caption":"Luis Hern\u00e1ndez del Arco"},"sameAs":["https:\/\/us.as.com\/autos\/","https:\/\/www.instagram.com\/luisdelarcoh","https:\/\/x.com\/https:\/\/x.com\/ldelarco"],"gender":"Hombre","jobTitle":"Editor","worksFor":"Grupo Prisa","url":"https:\/\/us.as.com\/autos\/autor\/lhernandezd\/"}]}},"amp_enabled":true,"_links":{"self":[{"href":"https:\/\/us.as.com\/autos\/wp-json\/wp\/v2\/posts\/9008","targetHints":{"allow":["GET"]}}],"collection":[{"href":"https:\/\/us.as.com\/autos\/wp-json\/wp\/v2\/posts"}],"about":[{"href":"https:\/\/us.as.com\/autos\/wp-json\/wp\/v2\/types\/post"}],"author":[{"embeddable":true,"href":"https:\/\/us.as.com\/autos\/wp-json\/wp\/v2\/users\/9"}],"replies":[{"embeddable":true,"href":"https:\/\/us.as.com\/autos\/wp-json\/wp\/v2\/comments?post=9008"}],"version-history":[{"count":3,"href":"https:\/\/us.as.com\/autos\/wp-json\/wp\/v2\/posts\/9008\/revisions"}],"predecessor-version":[{"id":9015,"href":"https:\/\/us.as.com\/autos\/wp-json\/wp\/v2\/posts\/9008\/revisions\/9015"}],"wp:featuredmedia":[{"embeddable":true,"href":"https:\/\/us.as.com\/autos\/wp-json\/wp\/v2\/media\/9011"}],"wp:attachment":[{"href":"https:\/\/us.as.com\/autos\/wp-json\/wp\/v2\/media?parent=9008"}],"wp:term":[{"taxonomy":"category","embeddable":true,"href":"https:\/\/us.as.com\/autos\/wp-json\/wp\/v2\/categories?post=9008"},{"taxonomy":"post_tag","embeddable":true,"href":"https:\/\/us.as.com\/autos\/wp-json\/wp\/v2\/tags?post=9008"},{"taxonomy":"marcas","embeddable":true,"href":"https:\/\/us.as.com\/autos\/wp-json\/wp\/v2\/marcas?post=9008"}],"curies":[{"name":"wp","href":"https:\/\/api.w.org\/{rel}","templated":true}]}}