{"id":8382,"date":"2025-04-16T23:27:47","date_gmt":"2025-04-16T21:27:47","guid":{"rendered":"https:\/\/us.as.com\/autos\/?p=8382"},"modified":"2025-04-16T23:27:49","modified_gmt":"2025-04-16T21:27:49","slug":"subaru-solterra-ev-2026-mas-potencia-autonomia-y-tecnologia","status":"publish","type":"post","link":"https:\/\/us.as.com\/autos\/electricos\/subaru-solterra-ev-2026-mas-potencia-autonomia-y-tecnologia\/","title":{"rendered":"Subaru Solterra EV 2026: M\u00e1s potencia, autonom\u00eda y tecnolog\u00eda"},"content":{"rendered":"\n<p>Parece que Subaru no se anda con rodeos esta vez. Tras un debut que, seamos sinceros, dej\u00f3 a algunos con ganas de m\u00e1s, la marca japonesa ha decidido darle una vuelta de tuerca importante a su propuesta el\u00e9ctrica: el Solterra EV.<\/p>\n\n\n\n<p>As\u00ed pues, en el reciente Auto Show de New York 2025, presentaron el Subaru Solterra EV 2026, un veh\u00edculo que a todas luces busca su revancha en el competitivo segmento de los SUV el\u00e9ctricos. Y por lo visto, vienen con argumentos s\u00f3lidos.<\/p>\n\n\n\n<p>Resulta que el Solterra original, lanzado para el modelo 2023, fue un primer paso interesante, pero quiz\u00e1s algo t\u00edmido en aspectos clave como la autonom\u00eda o la velocidad de carga, especialmente si lo comparamos con rivales que pisaban fuerte. Por consiguiente, Subaru ha escuchado atentamente y ha trabajado en pulir esas \u00e1reas que necesitaban un empuj\u00f3n.<\/p>\n\n\n\n<figure class=\"wp-block-image size-large\"><img decoding=\"async\" width=\"1024\" height=\"576\" src=\"https:\/\/us.as.com\/autos\/wp-content\/uploads\/2025\/04\/2026_Subaru_Solterra__5_-1024x576.jpg\" alt=\"Subaru Solterra EV 2026 M\u00e1s potencia, autonom\u00eda y tecnolog\u00eda\" class=\"wp-image-8384\" srcset=\"https:\/\/us.as.com\/autos\/wp-content\/uploads\/2025\/04\/2026_Subaru_Solterra__5_-1024x576.jpg 1024w, https:\/\/us.as.com\/autos\/wp-content\/uploads\/2025\/04\/2026_Subaru_Solterra__5_-300x169.jpg 300w, https:\/\/us.as.com\/autos\/wp-content\/uploads\/2025\/04\/2026_Subaru_Solterra__5_-768x432.jpg 768w, https:\/\/us.as.com\/autos\/wp-content\/uploads\/2025\/04\/2026_Subaru_Solterra__5_-1536x864.jpg 1536w, https:\/\/us.as.com\/autos\/wp-content\/uploads\/2025\/04\/2026_Subaru_Solterra__5_-2048x1152.jpg 2048w, https:\/\/us.as.com\/autos\/wp-content\/uploads\/2025\/04\/2026_Subaru_Solterra__5_-1200x675.jpg 1200w, https:\/\/us.as.com\/autos\/wp-content\/uploads\/2025\/04\/2026_Subaru_Solterra__5_-800x450.jpg 800w, https:\/\/us.as.com\/autos\/wp-content\/uploads\/2025\/04\/2026_Subaru_Solterra__5_-450x253.jpg 450w\" sizes=\"(max-width: 1024px) 100vw, 1024px\" \/><\/figure>\n\n\n\n<h3 class=\"wp-block-heading\" id=\"h-subaru-solterra-ev-2026-mas-autonomia-menos-ansiedad\"><strong>Subaru Solterra EV 2026: M\u00e1s autonom\u00eda, menos ansiedad<\/strong><\/h3>\n\n\n\n<p>Uno de los puntos que m\u00e1s titulares acapara es, l\u00f3gicamente, la bater\u00eda y su rendimiento. El nuevo Solterra 2026 viene equipado con una bater\u00eda de iones de litio de 74.7 kWh. \u00bfQu\u00e9 significa esto en la pr\u00e1ctica? Pues que la autonom\u00eda estimada es de 285 millas (458 kil\u00f3metros), lo cual representa un incremento superior al 25% respecto al modelo anterior.&nbsp;<\/p>\n\n\n\n<p>Ya empezamos bien, porque este salto cuantitativo ataca directamente una de las principales preocupaciones de los compradores de el\u00e9ctricos: quedarse tirado.<\/p>\n\n\n\n<p>Junto a esto, introducen un sistema de preacondicionamiento de la bater\u00eda. Esto es bastante \u00fatil, ya que permite que la bater\u00eda alcance y mantenga una temperatura \u00f3ptima para la carga, incluso cuando hace fr\u00edo.&nbsp;<\/p>\n\n\n\n<p>De este modo, cuando se use el navegador para ir a una estaci\u00f3n de carga o se active manualmente, el auto se prepara para recibir energ\u00eda de la forma m\u00e1s eficiente posible. Hablando de carga, el Solterra 2026 puede pasar del 10% al 80% en menos de 35 minutos usando un cargador r\u00e1pido de hasta 150 kW.\u00a0<\/p>\n\n\n\n<p>Igualmente relevante es la adopci\u00f3n del puerto de carga NACS de serie, lo que abre las puertas a la extensa red de Superchargers de Tesla en Norteam\u00e9rica (m\u00e1s de 15,000 puntos), un detalle que sin duda facilitar\u00e1 la vida a sus futuros propietarios en esa regi\u00f3n. Por supuesto, mantiene la compatibilidad con carga dom\u00e9stica de Nivel 1 y Nivel 2.<\/p>\n\n\n\n<figure class=\"wp-block-image size-large\"><img decoding=\"async\" width=\"1024\" height=\"576\" src=\"https:\/\/us.as.com\/autos\/wp-content\/uploads\/2025\/04\/2026_Subaru_Solterra__10_-1024x576.jpg\" alt=\"Subaru Solterra EV 2026 M\u00e1s potencia, autonom\u00eda y tecnolog\u00eda\" class=\"wp-image-8387\" srcset=\"https:\/\/us.as.com\/autos\/wp-content\/uploads\/2025\/04\/2026_Subaru_Solterra__10_-1024x576.jpg 1024w, https:\/\/us.as.com\/autos\/wp-content\/uploads\/2025\/04\/2026_Subaru_Solterra__10_-300x169.jpg 300w, https:\/\/us.as.com\/autos\/wp-content\/uploads\/2025\/04\/2026_Subaru_Solterra__10_-768x432.jpg 768w, https:\/\/us.as.com\/autos\/wp-content\/uploads\/2025\/04\/2026_Subaru_Solterra__10_-1536x864.jpg 1536w, https:\/\/us.as.com\/autos\/wp-content\/uploads\/2025\/04\/2026_Subaru_Solterra__10_-2048x1152.jpg 2048w, https:\/\/us.as.com\/autos\/wp-content\/uploads\/2025\/04\/2026_Subaru_Solterra__10_-1200x675.jpg 1200w, https:\/\/us.as.com\/autos\/wp-content\/uploads\/2025\/04\/2026_Subaru_Solterra__10_-800x450.jpg 800w, https:\/\/us.as.com\/autos\/wp-content\/uploads\/2025\/04\/2026_Subaru_Solterra__10_-450x253.jpg 450w\" sizes=\"(max-width: 1024px) 100vw, 1024px\" \/><\/figure>\n\n\n\n<h3 class=\"wp-block-heading\" id=\"h-potencia-y-control\"><strong>Potencia y control<\/strong><\/h3>\n\n\n\n<p>Si algo caracteriza a Subaru es su tracci\u00f3n integral sim\u00e9trica (Symmetrical All-Wheel Drive), y el Solterra no es la excepci\u00f3n. Para 2026, este sistema se ha refinado. Ahora integra las salidas de los motores delantero y trasero de forma independiente, gestionados por un controlador mejorado. \u00bfEl resultado? Una distribuci\u00f3n de la potencia m\u00e1s flexible y precisa, tanto en carretera como fuera de ella, ya sea en seco o mojado. Esto deber\u00eda traducirse en una sensaci\u00f3n de mayor control y seguridad al volante.<\/p>\n\n\n\n<p>Y hablando de potencia, aqu\u00ed tambi\u00e9n hay novedades jugosas. El modelo base ahora entrega 233 hp, una mejora respecto a la versi\u00f3n saliente. Pero la gran sorpresa es la introducci\u00f3n de un nuevo nivel de acabado, el Solterra XT.&nbsp;<\/p>\n\n\n\n<p>Este monta motores duales m\u00e1s potentes que combinan para alcanzar los 338 hp, permiti\u00e9ndo acelerar de 0 a 60 mph (100 km\/h) en menos de 5 segundos. Con esto, Subaru busca atraer a quienes buscan un toque m\u00e1s deportivo en su SUV el\u00e9ctrico.<\/p>\n\n\n\n<figure class=\"wp-block-image size-large\"><img decoding=\"async\" width=\"1024\" height=\"576\" src=\"https:\/\/us.as.com\/autos\/wp-content\/uploads\/2025\/04\/2026_Subaru_Solterra__3_-1024x576.jpg\" alt=\"\" class=\"wp-image-8385\" srcset=\"https:\/\/us.as.com\/autos\/wp-content\/uploads\/2025\/04\/2026_Subaru_Solterra__3_-1024x576.jpg 1024w, https:\/\/us.as.com\/autos\/wp-content\/uploads\/2025\/04\/2026_Subaru_Solterra__3_-300x169.jpg 300w, https:\/\/us.as.com\/autos\/wp-content\/uploads\/2025\/04\/2026_Subaru_Solterra__3_-768x432.jpg 768w, https:\/\/us.as.com\/autos\/wp-content\/uploads\/2025\/04\/2026_Subaru_Solterra__3_-1536x864.jpg 1536w, https:\/\/us.as.com\/autos\/wp-content\/uploads\/2025\/04\/2026_Subaru_Solterra__3_-2048x1152.jpg 2048w, https:\/\/us.as.com\/autos\/wp-content\/uploads\/2025\/04\/2026_Subaru_Solterra__3_-1200x675.jpg 1200w, https:\/\/us.as.com\/autos\/wp-content\/uploads\/2025\/04\/2026_Subaru_Solterra__3_-800x450.jpg 800w, https:\/\/us.as.com\/autos\/wp-content\/uploads\/2025\/04\/2026_Subaru_Solterra__3_-450x253.jpg 450w\" sizes=\"(max-width: 1024px) 100vw, 1024px\" \/><\/figure>\n\n\n\n<h3 class=\"wp-block-heading\" id=\"h-subaru-solterra-ev-2026-capacidad-todoterreno\"><strong>Subaru Solterra EV 2026:<\/strong> <strong>Capacidad todoterreno<\/strong><\/h3>\n\n\n\n<p>Un Subaru tiene que poder aventurarse fuera del asfalto, y el Solterra 2026 mantiene esa promesa. Cuenta con el sistema X-MODE\u00ae Dual-Mode (con modos Nieve\/Tierra y Nieve Profunda\/Barro), control de agarre y asistente de descenso de pendientes. Sumado a sus 21 cent\u00edmetros (8.3 pulgadas) de altura libre al suelo (una cifra l\u00edder en su clase de SUV el\u00e9ctricos peque\u00f1os), este veh\u00edculo conserva esa capacidad todoterreno genuina que tanto aprecian los seguidores de la marca.&nbsp;<\/p>\n\n\n\n<p>Para redondear, se han realizado ajustes en la suspensi\u00f3n y la direcci\u00f3n asistida el\u00e9ctrica con el fin de mejorar la maniobrabilidad y la respuesta general, buscando reducir el balanceo y ofrecer una conducci\u00f3n m\u00e1s suave y controlada.<\/p>\n\n\n\n<h3 class=\"wp-block-heading\" id=\"h-tecnologia-y-comodidad-nbsp\"><strong>Tecnolog\u00eda y comodidad&nbsp;<\/strong><\/h3>\n\n\n\n<p>Puertas adentro, el Solterra 2026 tambi\u00e9n recibe una actualizaci\u00f3n tecnol\u00f3gica significativa. Destaca la nueva pantalla t\u00e1ctil multimedia de 14 pulgadas, compatible de forma inal\u00e1mbrica con Apple CarPlay y Android Auto. Se agradece el tama\u00f1o y la conectividad sin cables, que ya se est\u00e1 volviendo un est\u00e1ndar esperado. Tambi\u00e9n incluye cargadores inal\u00e1mbricos de 15W para el conductor y el copiloto, as\u00ed como puntos de carga USB-C de alta potencia en las plazas traseras.<\/p>\n\n\n\n<p>En materia de seguridad, el paquete Subaru EyeSight viene de serie e incluye un arsenal de asistencias: frenado pre-colisi\u00f3n, alerta de tr\u00e1fico cruzado frontal, monitor de punto ciego, alerta de cambio de carril, monitor de visi\u00f3n panor\u00e1mica, asistente de parada de emergencia, asistente para atascos, asistente de cambio de carril y control de crucero adaptativo avanzado, entre otros. Definitivamente, un conjunto muy completo.<\/p>\n\n\n\n<figure class=\"wp-block-image size-large\"><img decoding=\"async\" width=\"1024\" height=\"576\" src=\"https:\/\/us.as.com\/autos\/wp-content\/uploads\/2025\/04\/2026_Subaru_Solterra__17_-1024x576.jpg\" alt=\"Subaru Solterra EV 2026 M\u00e1s potencia, autonom\u00eda y tecnolog\u00eda\" class=\"wp-image-8386\" srcset=\"https:\/\/us.as.com\/autos\/wp-content\/uploads\/2025\/04\/2026_Subaru_Solterra__17_-1024x576.jpg 1024w, https:\/\/us.as.com\/autos\/wp-content\/uploads\/2025\/04\/2026_Subaru_Solterra__17_-300x169.jpg 300w, https:\/\/us.as.com\/autos\/wp-content\/uploads\/2025\/04\/2026_Subaru_Solterra__17_-768x432.jpg 768w, https:\/\/us.as.com\/autos\/wp-content\/uploads\/2025\/04\/2026_Subaru_Solterra__17_-1536x864.jpg 1536w, https:\/\/us.as.com\/autos\/wp-content\/uploads\/2025\/04\/2026_Subaru_Solterra__17_-2048x1152.jpg 2048w, https:\/\/us.as.com\/autos\/wp-content\/uploads\/2025\/04\/2026_Subaru_Solterra__17_-1200x675.jpg 1200w, https:\/\/us.as.com\/autos\/wp-content\/uploads\/2025\/04\/2026_Subaru_Solterra__17_-800x450.jpg 800w, https:\/\/us.as.com\/autos\/wp-content\/uploads\/2025\/04\/2026_Subaru_Solterra__17_-450x253.jpg 450w\" sizes=\"(max-width: 1024px) 100vw, 1024px\" \/><\/figure>\n\n\n\n<h3 class=\"wp-block-heading\" id=\"h-diseno-mas-sofisticado-y-moderno\"><strong>Dise\u00f1o m\u00e1s sofisticado y moderno<\/strong><\/h3>\n\n\n\n<p>Est\u00e9ticamente, el Solterra 2026 estrena una nueva firma lum\u00ednica EV en el frontal, con el logo de las seis estrellas iluminado, faros redise\u00f1ados y un nuevo parachoques. Las llantas, de 18 o 20 pulgadas, tambi\u00e9n son de nuevo dise\u00f1o. En la zaga, encontramos un nuevo emblema, una moldura en el port\u00f3n y un spoiler que no solo le dan una presencia nocturna distintiva, sino que tambi\u00e9n contribuyen a mejorar la aerodin\u00e1mica.<\/p>\n\n\n\n<p>El interior, que ya destacaba por su luminosidad y buena visibilidad gracias a la pantalla central baja y las amplias superficies acristaladas, se ve realzado con acabados met\u00e1licos y una consola central ancha pensada para el almacenamiento.&nbsp;<\/p>\n\n\n\n<p>Como detalle curioso, en algunos colores, las aletas delanteras ahora van pintadas en el color de la carrocer\u00eda, d\u00e1ndole un aspecto m\u00e1s urbano y elegante. Tambi\u00e9n estar\u00e1n disponibles configuraciones de pintura bitono.<\/p>\n\n\n\n<p>Tanto los precios como las especificaciones detalladas del Subaru Solterra 2026 estar\u00e1n disponibles cuando salga a la venta a finales de 2025.<\/p>\n","protected":false},"excerpt":{"rendered":"<p>Parece que Subaru no se anda con rodeos esta vez. Tras un debut que, seamos sinceros, dej\u00f3 a algunos con ganas de m\u00e1s, la marca japonesa ha decidido darle una vuelta de tuerca importante a su propuesta el\u00e9ctrica: el Solterra EV. As\u00ed pues, en el reciente Auto Show de New York 2025, presentaron el Subaru [&hellip;]<\/p>\n","protected":false},"author":9,"featured_media":8383,"comment_status":"open","ping_status":"open","sticky":false,"template":"","format":"standard","meta":{"_acf_changed":false,"footnotes":""},"categories":[6],"tags":[203,44],"marcas":[240],"class_list":["post-8382","post","type-post","status-publish","format-standard","has-post-thumbnail","hentry","category-electricos","tag-autos-electricos","tag-suv","marcas-subaru","cat-6-id"],"acf":[],"yoast_head":"<!-- This site is optimized with the Yoast SEO Premium plugin  - https:\/\/yoast.com\/wordpress\/plugins\/seo\/ -->\n<title>Subaru Solterra EV 2026: M\u00e1s potencia, autonom\u00eda y tecnolog\u00eda - Autos<\/title>\n<meta name=\"description\" content=\"An\u00e1lisis Subaru Solterra EV 2026: La revancha del SUV el\u00e9ctrico con m\u00e1s autonom\u00eda y poder, carga r\u00e1pida y tecnolog\u00eda renovada.\" \/>\n<meta name=\"robots\" content=\"index, follow, max-snippet:-1, max-image-preview:large, max-video-preview:-1\" \/>\n<link rel=\"canonical\" href=\"https:\/\/us.as.com\/autos\/electricos\/subaru-solterra-ev-2026-mas-potencia-autonomia-y-tecnologia\/\" \/>\n<meta property=\"og:locale\" content=\"es_ES\" \/>\n<meta property=\"og:type\" content=\"article\" \/>\n<meta property=\"og:title\" content=\"Subaru Solterra EV 2026: M\u00e1s potencia, autonom\u00eda y tecnolog\u00eda - Autos\" \/>\n<meta property=\"og:description\" content=\"An\u00e1lisis Subaru Solterra EV 2026: La revancha del SUV el\u00e9ctrico con m\u00e1s autonom\u00eda y poder, carga r\u00e1pida y tecnolog\u00eda renovada.\" \/>\n<meta property=\"og:url\" content=\"https:\/\/us.as.com\/autos\/electricos\/subaru-solterra-ev-2026-mas-potencia-autonomia-y-tecnologia\/\" \/>\n<meta property=\"og:site_name\" content=\"Autos\" \/>\n<meta property=\"article:published_time\" content=\"2025-04-16T21:27:47+00:00\" \/>\n<meta property=\"article:modified_time\" content=\"2025-04-16T21:27:49+00:00\" \/>\n<meta property=\"og:image\" content=\"https:\/\/us.as.com\/autos\/wp-content\/uploads\/2025\/04\/Subaru-Solterra-EV-2026-Mas-potencia-autonomia-y-tecnologia.jpg\" \/>\n\t<meta property=\"og:image:width\" content=\"2160\" \/>\n\t<meta property=\"og:image:height\" content=\"1215\" \/>\n\t<meta property=\"og:image:type\" content=\"image\/jpeg\" \/>\n<meta name=\"author\" content=\"Luis Hern\u00e1ndez del Arco\" \/>\n<meta name=\"twitter:card\" content=\"summary_large_image\" \/>\n<meta name=\"twitter:creator\" content=\"@https:\/\/x.com\/ldelarco\" \/>\n<meta name=\"twitter:label1\" content=\"Escrito por\" \/>\n\t<meta name=\"twitter:data1\" content=\"Luis Hern\u00e1ndez del Arco\" \/>\n\t<meta name=\"twitter:label2\" content=\"Tiempo de lectura\" \/>\n\t<meta name=\"twitter:data2\" content=\"6 minutos\" \/>\n<script type=\"application\/ld+json\" class=\"yoast-schema-graph\">{\"@context\":\"https:\/\/schema.org\",\"@graph\":[{\"@type\":\"WebPage\",\"@id\":\"https:\/\/us.as.com\/autos\/electricos\/subaru-solterra-ev-2026-mas-potencia-autonomia-y-tecnologia\/\",\"url\":\"https:\/\/us.as.com\/autos\/electricos\/subaru-solterra-ev-2026-mas-potencia-autonomia-y-tecnologia\/\",\"name\":\"Subaru Solterra EV 2026: M\u00e1s potencia, autonom\u00eda y tecnolog\u00eda - Autos\",\"isPartOf\":{\"@id\":\"https:\/\/us.as.com\/autos\/#website\"},\"primaryImageOfPage\":{\"@id\":\"https:\/\/us.as.com\/autos\/electricos\/subaru-solterra-ev-2026-mas-potencia-autonomia-y-tecnologia\/#primaryimage\"},\"image\":{\"@id\":\"https:\/\/us.as.com\/autos\/electricos\/subaru-solterra-ev-2026-mas-potencia-autonomia-y-tecnologia\/#primaryimage\"},\"thumbnailUrl\":\"https:\/\/us.as.com\/autos\/wp-content\/uploads\/2025\/04\/Subaru-Solterra-EV-2026-Mas-potencia-autonomia-y-tecnologia.jpg\",\"datePublished\":\"2025-04-16T21:27:47+00:00\",\"dateModified\":\"2025-04-16T21:27:49+00:00\",\"author\":{\"@id\":\"https:\/\/us.as.com\/autos\/#\/schema\/person\/b59ded8d3d136c0f0f7adae8ab7f1712\"},\"description\":\"An\u00e1lisis Subaru Solterra EV 2026: La revancha del SUV el\u00e9ctrico con m\u00e1s autonom\u00eda y poder, carga r\u00e1pida y tecnolog\u00eda renovada.\",\"inLanguage\":\"es\",\"potentialAction\":[{\"@type\":\"ReadAction\",\"target\":[\"https:\/\/us.as.com\/autos\/electricos\/subaru-solterra-ev-2026-mas-potencia-autonomia-y-tecnologia\/\"]}]},{\"@type\":\"ImageObject\",\"inLanguage\":\"es\",\"@id\":\"https:\/\/us.as.com\/autos\/electricos\/subaru-solterra-ev-2026-mas-potencia-autonomia-y-tecnologia\/#primaryimage\",\"url\":\"https:\/\/us.as.com\/autos\/wp-content\/uploads\/2025\/04\/Subaru-Solterra-EV-2026-Mas-potencia-autonomia-y-tecnologia.jpg\",\"contentUrl\":\"https:\/\/us.as.com\/autos\/wp-content\/uploads\/2025\/04\/Subaru-Solterra-EV-2026-Mas-potencia-autonomia-y-tecnologia.jpg\",\"width\":2160,\"height\":1215,\"caption\":\"Subaru Solterra EV 2026 M\u00e1s potencia, autonom\u00eda y tecnolog\u00eda\"},{\"@type\":\"WebSite\",\"@id\":\"https:\/\/us.as.com\/autos\/#website\",\"url\":\"https:\/\/us.as.com\/autos\/\",\"name\":\"Autos\",\"description\":\"\",\"potentialAction\":[{\"@type\":\"SearchAction\",\"target\":{\"@type\":\"EntryPoint\",\"urlTemplate\":\"https:\/\/us.as.com\/autos\/?s={search_term_string}\"},\"query-input\":{\"@type\":\"PropertyValueSpecification\",\"valueRequired\":true,\"valueName\":\"search_term_string\"}}],\"inLanguage\":\"es\"},{\"@type\":\"Person\",\"@id\":\"https:\/\/us.as.com\/autos\/#\/schema\/person\/b59ded8d3d136c0f0f7adae8ab7f1712\",\"name\":\"Luis Hern\u00e1ndez del Arco\",\"image\":{\"@type\":\"ImageObject\",\"inLanguage\":\"es\",\"@id\":\"https:\/\/us.as.com\/autos\/#\/schema\/person\/image\/\",\"url\":\"https:\/\/secure.gravatar.com\/avatar\/c2b7262a4ee821aa4260ed5f07cfd999?s=96&d=mm&r=g\",\"contentUrl\":\"https:\/\/secure.gravatar.com\/avatar\/c2b7262a4ee821aa4260ed5f07cfd999?s=96&d=mm&r=g\",\"caption\":\"Luis Hern\u00e1ndez del Arco\"},\"sameAs\":[\"https:\/\/us.as.com\/autos\/\",\"https:\/\/www.instagram.com\/luisdelarcoh\",\"https:\/\/x.com\/https:\/\/x.com\/ldelarco\"],\"gender\":\"Hombre\",\"jobTitle\":\"Editor\",\"worksFor\":\"Grupo Prisa\",\"url\":\"https:\/\/us.as.com\/autos\/autor\/lhernandezd\/\"}]}<\/script>\n<!-- \/ Yoast SEO Premium plugin. -->","yoast_head_json":{"title":"Subaru Solterra EV 2026: M\u00e1s potencia, autonom\u00eda y tecnolog\u00eda - Autos","description":"An\u00e1lisis Subaru Solterra EV 2026: La revancha del SUV el\u00e9ctrico con m\u00e1s autonom\u00eda y poder, carga r\u00e1pida y tecnolog\u00eda renovada.","robots":{"index":"index","follow":"follow","max-snippet":"max-snippet:-1","max-image-preview":"max-image-preview:large","max-video-preview":"max-video-preview:-1"},"canonical":"https:\/\/us.as.com\/autos\/electricos\/subaru-solterra-ev-2026-mas-potencia-autonomia-y-tecnologia\/","og_locale":"es_ES","og_type":"article","og_title":"Subaru Solterra EV 2026: M\u00e1s potencia, autonom\u00eda y tecnolog\u00eda - Autos","og_description":"An\u00e1lisis Subaru Solterra EV 2026: La revancha del SUV el\u00e9ctrico con m\u00e1s autonom\u00eda y poder, carga r\u00e1pida y tecnolog\u00eda renovada.","og_url":"https:\/\/us.as.com\/autos\/electricos\/subaru-solterra-ev-2026-mas-potencia-autonomia-y-tecnologia\/","og_site_name":"Autos","article_published_time":"2025-04-16T21:27:47+00:00","article_modified_time":"2025-04-16T21:27:49+00:00","og_image":[{"width":2160,"height":1215,"url":"https:\/\/us.as.com\/autos\/wp-content\/uploads\/2025\/04\/Subaru-Solterra-EV-2026-Mas-potencia-autonomia-y-tecnologia.jpg","type":"image\/jpeg"}],"author":"Luis Hern\u00e1ndez del Arco","twitter_card":"summary_large_image","twitter_creator":"@https:\/\/x.com\/ldelarco","twitter_misc":{"Escrito por":"Luis Hern\u00e1ndez del Arco","Tiempo de lectura":"6 minutos"},"schema":{"@context":"https:\/\/schema.org","@graph":[{"@type":"WebPage","@id":"https:\/\/us.as.com\/autos\/electricos\/subaru-solterra-ev-2026-mas-potencia-autonomia-y-tecnologia\/","url":"https:\/\/us.as.com\/autos\/electricos\/subaru-solterra-ev-2026-mas-potencia-autonomia-y-tecnologia\/","name":"Subaru Solterra EV 2026: M\u00e1s potencia, autonom\u00eda y tecnolog\u00eda - Autos","isPartOf":{"@id":"https:\/\/us.as.com\/autos\/#website"},"primaryImageOfPage":{"@id":"https:\/\/us.as.com\/autos\/electricos\/subaru-solterra-ev-2026-mas-potencia-autonomia-y-tecnologia\/#primaryimage"},"image":{"@id":"https:\/\/us.as.com\/autos\/electricos\/subaru-solterra-ev-2026-mas-potencia-autonomia-y-tecnologia\/#primaryimage"},"thumbnailUrl":"https:\/\/us.as.com\/autos\/wp-content\/uploads\/2025\/04\/Subaru-Solterra-EV-2026-Mas-potencia-autonomia-y-tecnologia.jpg","datePublished":"2025-04-16T21:27:47+00:00","dateModified":"2025-04-16T21:27:49+00:00","author":{"@id":"https:\/\/us.as.com\/autos\/#\/schema\/person\/b59ded8d3d136c0f0f7adae8ab7f1712"},"description":"An\u00e1lisis Subaru Solterra EV 2026: La revancha del SUV el\u00e9ctrico con m\u00e1s autonom\u00eda y poder, carga r\u00e1pida y tecnolog\u00eda renovada.","inLanguage":"es","potentialAction":[{"@type":"ReadAction","target":["https:\/\/us.as.com\/autos\/electricos\/subaru-solterra-ev-2026-mas-potencia-autonomia-y-tecnologia\/"]}]},{"@type":"ImageObject","inLanguage":"es","@id":"https:\/\/us.as.com\/autos\/electricos\/subaru-solterra-ev-2026-mas-potencia-autonomia-y-tecnologia\/#primaryimage","url":"https:\/\/us.as.com\/autos\/wp-content\/uploads\/2025\/04\/Subaru-Solterra-EV-2026-Mas-potencia-autonomia-y-tecnologia.jpg","contentUrl":"https:\/\/us.as.com\/autos\/wp-content\/uploads\/2025\/04\/Subaru-Solterra-EV-2026-Mas-potencia-autonomia-y-tecnologia.jpg","width":2160,"height":1215,"caption":"Subaru Solterra EV 2026 M\u00e1s potencia, autonom\u00eda y tecnolog\u00eda"},{"@type":"WebSite","@id":"https:\/\/us.as.com\/autos\/#website","url":"https:\/\/us.as.com\/autos\/","name":"Autos","description":"","potentialAction":[{"@type":"SearchAction","target":{"@type":"EntryPoint","urlTemplate":"https:\/\/us.as.com\/autos\/?s={search_term_string}"},"query-input":{"@type":"PropertyValueSpecification","valueRequired":true,"valueName":"search_term_string"}}],"inLanguage":"es"},{"@type":"Person","@id":"https:\/\/us.as.com\/autos\/#\/schema\/person\/b59ded8d3d136c0f0f7adae8ab7f1712","name":"Luis Hern\u00e1ndez del Arco","image":{"@type":"ImageObject","inLanguage":"es","@id":"https:\/\/us.as.com\/autos\/#\/schema\/person\/image\/","url":"https:\/\/secure.gravatar.com\/avatar\/c2b7262a4ee821aa4260ed5f07cfd999?s=96&d=mm&r=g","contentUrl":"https:\/\/secure.gravatar.com\/avatar\/c2b7262a4ee821aa4260ed5f07cfd999?s=96&d=mm&r=g","caption":"Luis Hern\u00e1ndez del Arco"},"sameAs":["https:\/\/us.as.com\/autos\/","https:\/\/www.instagram.com\/luisdelarcoh","https:\/\/x.com\/https:\/\/x.com\/ldelarco"],"gender":"Hombre","jobTitle":"Editor","worksFor":"Grupo Prisa","url":"https:\/\/us.as.com\/autos\/autor\/lhernandezd\/"}]}},"amp_enabled":true,"_links":{"self":[{"href":"https:\/\/us.as.com\/autos\/wp-json\/wp\/v2\/posts\/8382","targetHints":{"allow":["GET"]}}],"collection":[{"href":"https:\/\/us.as.com\/autos\/wp-json\/wp\/v2\/posts"}],"about":[{"href":"https:\/\/us.as.com\/autos\/wp-json\/wp\/v2\/types\/post"}],"author":[{"embeddable":true,"href":"https:\/\/us.as.com\/autos\/wp-json\/wp\/v2\/users\/9"}],"replies":[{"embeddable":true,"href":"https:\/\/us.as.com\/autos\/wp-json\/wp\/v2\/comments?post=8382"}],"version-history":[{"count":1,"href":"https:\/\/us.as.com\/autos\/wp-json\/wp\/v2\/posts\/8382\/revisions"}],"predecessor-version":[{"id":8388,"href":"https:\/\/us.as.com\/autos\/wp-json\/wp\/v2\/posts\/8382\/revisions\/8388"}],"wp:featuredmedia":[{"embeddable":true,"href":"https:\/\/us.as.com\/autos\/wp-json\/wp\/v2\/media\/8383"}],"wp:attachment":[{"href":"https:\/\/us.as.com\/autos\/wp-json\/wp\/v2\/media?parent=8382"}],"wp:term":[{"taxonomy":"category","embeddable":true,"href":"https:\/\/us.as.com\/autos\/wp-json\/wp\/v2\/categories?post=8382"},{"taxonomy":"post_tag","embeddable":true,"href":"https:\/\/us.as.com\/autos\/wp-json\/wp\/v2\/tags?post=8382"},{"taxonomy":"marcas","embeddable":true,"href":"https:\/\/us.as.com\/autos\/wp-json\/wp\/v2\/marcas?post=8382"}],"curies":[{"name":"wp","href":"https:\/\/api.w.org\/{rel}","templated":true}]}}