{"id":7914,"date":"2025-03-11T12:54:30","date_gmt":"2025-03-11T11:54:30","guid":{"rendered":"https:\/\/us.as.com\/autos\/?p=7914"},"modified":"2025-03-11T12:54:31","modified_gmt":"2025-03-11T11:54:31","slug":"la-historia-del-volkswagen-microbus-75-anos-de-un-icono-sobre-ruedas","status":"publish","type":"post","link":"https:\/\/us.as.com\/autos\/curiosidades\/la-historia-del-volkswagen-microbus-75-anos-de-un-icono-sobre-ruedas\/","title":{"rendered":"La historia del Volkswagen Microbus: 75 A\u00f1os de un \u00edcono sobre ruedas"},"content":{"rendered":"\n<p>A lo largo de siete d\u00e9cadas y media, el Volkswagen Microbus ha trascendido su concepci\u00f3n original como veh\u00edculo utilitario para convertirse en un aut\u00e9ntico \u00edcono cultural.&nbsp;<\/p>\n\n\n\n<p>Toda su evoluci\u00f3n, desde la robusta simplicidad del T1 <strong><a href=\"https:\/\/us.as.com\/autos\/marcas\/volkswagen-id-buzz-precios-versiones-estados-unidos\/\">hasta la sofisticaci\u00f3n el\u00e9ctrica del ID. Buzz<\/a><\/strong>, refleja no solo los avances tecnol\u00f3gicos de la industria automotriz, sino tambi\u00e9n los cambios en las aspiraciones y valores de la sociedad.\u00a0<\/p>\n\n\n\n<p>De hecho, no solo se trata de un veh\u00edculo, es una leyenda: el Volkswagen Microbus. \u00bfQui\u00e9n no ha so\u00f1ado alguna vez con recorrer el mundo en uno de estos? Pues bien, este \u201csue\u00f1o rodante\u201d cumple 75 a\u00f1os, y su historia es tan fascinante como su dise\u00f1o.<\/p>\n\n\n\n<figure class=\"wp-block-image size-large\"><img decoding=\"async\" width=\"1024\" height=\"576\" src=\"https:\/\/us.as.com\/autos\/wp-content\/uploads\/2025\/03\/a_0565-transporter-produktion-wolfsburg-1950_582799219-1024x576.jpg\" alt=\"La historia del Volkswagen Microbus 75 A\u00f1os de un \u00edcono sobre ruedas\" class=\"wp-image-7921\" srcset=\"https:\/\/us.as.com\/autos\/wp-content\/uploads\/2025\/03\/a_0565-transporter-produktion-wolfsburg-1950_582799219-1024x576.jpg 1024w, https:\/\/us.as.com\/autos\/wp-content\/uploads\/2025\/03\/a_0565-transporter-produktion-wolfsburg-1950_582799219-300x169.jpg 300w, https:\/\/us.as.com\/autos\/wp-content\/uploads\/2025\/03\/a_0565-transporter-produktion-wolfsburg-1950_582799219-768x432.jpg 768w, https:\/\/us.as.com\/autos\/wp-content\/uploads\/2025\/03\/a_0565-transporter-produktion-wolfsburg-1950_582799219-1536x864.jpg 1536w, https:\/\/us.as.com\/autos\/wp-content\/uploads\/2025\/03\/a_0565-transporter-produktion-wolfsburg-1950_582799219-1200x675.jpg 1200w, https:\/\/us.as.com\/autos\/wp-content\/uploads\/2025\/03\/a_0565-transporter-produktion-wolfsburg-1950_582799219-800x450.jpg 800w, https:\/\/us.as.com\/autos\/wp-content\/uploads\/2025\/03\/a_0565-transporter-produktion-wolfsburg-1950_582799219-450x253.jpg 450w, https:\/\/us.as.com\/autos\/wp-content\/uploads\/2025\/03\/a_0565-transporter-produktion-wolfsburg-1950_582799219.jpg 1712w\" sizes=\"(max-width: 1024px) 100vw, 1024px\" \/><\/figure>\n\n\n\n<h2 class=\"wp-block-heading\" id=\"h-de-herramienta-de-trabajo-a-ser-un-simbolo\"><strong>De herramienta de trabajo a ser un s\u00edmbolo <\/strong><\/h2>\n\n\n\n<p>Resulta que, en sus inicios, all\u00e1 por 1950, el Microbus (o T1, como se le conoce t\u00e9cnicamente) no era precisamente un objeto de deseo. Era, m\u00e1s bien, una herramienta de trabajo, una van pensada para transportar cosas. Pero, oh, sorpresa, la gente vio algo m\u00e1s en ese dise\u00f1o y espacio interior.<\/p>\n\n\n\n<p>Con el tiempo, el T1 se convirti\u00f3 en mucho m\u00e1s que una van. Fue el compa\u00f1ero de aventuras de hippies y surferos, el escenario de incontables viajes por carretera, e incluso, un s\u00edmbolo de libertad y contracultura. Esa foto ic\u00f3nica de Woodstock con una pareja en el techo de un T1, lo dice todo.<\/p>\n\n\n\n<figure class=\"wp-block-image size-large\"><img decoding=\"async\" width=\"1024\" height=\"576\" src=\"https:\/\/us.as.com\/autos\/wp-content\/uploads\/2025\/03\/DB2018AU02000_large-1024x576.jpg\" alt=\"La historia del Volkswagen Microbus 75 A\u00f1os de un \u00edcono sobre ruedas\" class=\"wp-image-7916\" srcset=\"https:\/\/us.as.com\/autos\/wp-content\/uploads\/2025\/03\/DB2018AU02000_large-1024x576.jpg 1024w, https:\/\/us.as.com\/autos\/wp-content\/uploads\/2025\/03\/DB2018AU02000_large-300x169.jpg 300w, https:\/\/us.as.com\/autos\/wp-content\/uploads\/2025\/03\/DB2018AU02000_large-768x432.jpg 768w, https:\/\/us.as.com\/autos\/wp-content\/uploads\/2025\/03\/DB2018AU02000_large-1536x864.jpg 1536w, https:\/\/us.as.com\/autos\/wp-content\/uploads\/2025\/03\/DB2018AU02000_large-2048x1152.jpg 2048w, https:\/\/us.as.com\/autos\/wp-content\/uploads\/2025\/03\/DB2018AU02000_large-1200x675.jpg 1200w, https:\/\/us.as.com\/autos\/wp-content\/uploads\/2025\/03\/DB2018AU02000_large-800x450.jpg 800w, https:\/\/us.as.com\/autos\/wp-content\/uploads\/2025\/03\/DB2018AU02000_large-450x253.jpg 450w\" sizes=\"(max-width: 1024px) 100vw, 1024px\" \/><\/figure>\n\n\n\n<h2 class=\"wp-block-heading\" id=\"h-volkswagen-microbus-evolucion-constante\"><strong>Volkswagen Microbus: Evoluci\u00f3n constante<\/strong><\/h2>\n\n\n\n<p>Por supuesto, el Microbus no se qued\u00f3 anclado en el pasado. A lo largo de los a\u00f1os, ha ido evolucionando, adapt\u00e1ndose a los tiempos y a las necesidades de cada \u00e9poca.<\/p>\n\n\n\n<p><strong>T2 (1967-1979):<\/strong> La segunda generaci\u00f3n lleg\u00f3 con un dise\u00f1o m\u00e1s moderno, ventanas m\u00e1s grandes y, por fin, una puerta corredera de serie. Aparte, su tecnolog\u00eda se puso al d\u00eda. Pero el T2 no se olvid\u00f3 de sus ra\u00edces, sigui\u00f3 siendo el favorito de aventureros y familias.<\/p>\n\n\n\n<p><strong>T3 (1979-1992):<\/strong> El T3 trajo consigo l\u00edneas m\u00e1s rectas y tecnolog\u00edas m\u00e1s avanzadas. Se introdujeron motores di\u00e9sel y versiones de tracci\u00f3n total, lo que ampli\u00f3 a\u00fan m\u00e1s sus posibilidades. Y aqu\u00ed es donde aparece el California, la autocaravana que se convirti\u00f3 en un \u00e9xito instant\u00e1neo.<\/p>\n\n\n\n<p><strong>T4 (1990-2003):<\/strong> Con el T4 lleg\u00f3 una aut\u00e9ntica revoluci\u00f3n. Se cambi\u00f3 el motor y la tracci\u00f3n trasera por delantera, lo que transform\u00f3 por completo su dise\u00f1o y manejo. Se gan\u00f3 en espacio y comodidad, acerc\u00e1ndose m\u00e1s a la experiencia de conducir un turismo.<\/p>\n\n\n\n<p><strong>T5 (2003-2015):<\/strong> El T5 apost\u00f3 por un dise\u00f1o m\u00e1s espacioso y ergon\u00f3mico, con una gran variedad de versiones para adaptarse a todo tipo de necesidades. Desde vans de carga hasta lujosas autocaravanas, el T5 lo ten\u00eda todo.<\/p>\n\n\n\n<p><strong>T6 y T6.1 (2015-2024):<\/strong> La sexta generaci\u00f3n lleg\u00f3 cargada de tecnolog\u00eda, con nuevos motores, sistemas de asistencia y un interior m\u00e1s moderno. El T6 se refin\u00f3, se hizo m\u00e1s elegante y eficiente, pero sin perder su esencia.<\/p>\n\n\n\n<figure class=\"wp-block-image size-large\"><img decoding=\"async\" width=\"1024\" height=\"576\" src=\"https:\/\/us.as.com\/autos\/wp-content\/uploads\/2025\/03\/DB2022AU00392_large-1024x576.jpg\" alt=\"La historia del Volkswagen Microbus 75 A\u00f1os de un \u00edcono sobre ruedas\" class=\"wp-image-7919\" srcset=\"https:\/\/us.as.com\/autos\/wp-content\/uploads\/2025\/03\/DB2022AU00392_large-1024x576.jpg 1024w, https:\/\/us.as.com\/autos\/wp-content\/uploads\/2025\/03\/DB2022AU00392_large-300x169.jpg 300w, https:\/\/us.as.com\/autos\/wp-content\/uploads\/2025\/03\/DB2022AU00392_large-768x432.jpg 768w, https:\/\/us.as.com\/autos\/wp-content\/uploads\/2025\/03\/DB2022AU00392_large-1536x864.jpg 1536w, https:\/\/us.as.com\/autos\/wp-content\/uploads\/2025\/03\/DB2022AU00392_large-2048x1152.jpg 2048w, https:\/\/us.as.com\/autos\/wp-content\/uploads\/2025\/03\/DB2022AU00392_large-1200x675.jpg 1200w, https:\/\/us.as.com\/autos\/wp-content\/uploads\/2025\/03\/DB2022AU00392_large-800x450.jpg 800w, https:\/\/us.as.com\/autos\/wp-content\/uploads\/2025\/03\/DB2022AU00392_large-450x253.jpg 450w\" sizes=\"(max-width: 1024px) 100vw, 1024px\" \/><\/figure>\n\n\n\n<h2 class=\"wp-block-heading\" id=\"h-el-futuro-es-electrico\"><strong>El futuro es el\u00e9ctrico<\/strong><\/h2>\n\n\n\n<p>Y llegamos al presente, donde el Microbus se reinventa una vez m\u00e1s. Primero, con el Multivan, que se atreve con un motor h\u00edbrido enchufable, marcando el inicio de una nueva era.<\/p>\n\n\n\n<p>Luego, lleg\u00f3 el ID. Buzz, la primera van VW totalmente el\u00e9ctrica. Es como si el esp\u00edritu del Microbus original se hubiera fusionado con la tecnolog\u00eda del siglo XXI. Y, ojo, que hay versiones para todos los gustos: desde el ID. Buzz Pro para familias y aventureros, hasta el ID. Buzz Cargo.<\/p>\n\n\n\n<p>De forma complementaria, para los puristas se ofrecen el Transporter y el Caravelle que continuan el linaje de la combusti\u00f3n con mejoras de espacio, carga \u00fatil y, en especial, el Caravelle, se ha dise\u00f1ado para el transporte de pasajeros.<\/p>\n\n\n\n<figure class=\"wp-block-image size-large\"><img decoding=\"async\" width=\"1024\" height=\"576\" src=\"https:\/\/us.as.com\/autos\/wp-content\/uploads\/2025\/03\/id-buzz-1024x576.jpg\" alt=\"La historia del Volkswagen Microbus 75 A\u00f1os de un \u00edcono sobre ruedas\" class=\"wp-image-7920\" srcset=\"https:\/\/us.as.com\/autos\/wp-content\/uploads\/2025\/03\/id-buzz-1024x576.jpg 1024w, https:\/\/us.as.com\/autos\/wp-content\/uploads\/2025\/03\/id-buzz-300x169.jpg 300w, https:\/\/us.as.com\/autos\/wp-content\/uploads\/2025\/03\/id-buzz-768x432.jpg 768w, https:\/\/us.as.com\/autos\/wp-content\/uploads\/2025\/03\/id-buzz-1536x864.jpg 1536w, https:\/\/us.as.com\/autos\/wp-content\/uploads\/2025\/03\/id-buzz-2048x1152.jpg 2048w, https:\/\/us.as.com\/autos\/wp-content\/uploads\/2025\/03\/id-buzz-1200x675.jpg 1200w, https:\/\/us.as.com\/autos\/wp-content\/uploads\/2025\/03\/id-buzz-800x450.jpg 800w, https:\/\/us.as.com\/autos\/wp-content\/uploads\/2025\/03\/id-buzz-450x253.jpg 450w\" sizes=\"(max-width: 1024px) 100vw, 1024px\" \/><\/figure>\n\n\n\n<h2 class=\"wp-block-heading\" id=\"h-volkswagen-microbus-mas-alla-de-la-nostalgia\"><strong>Volkswagen Microbus: M\u00e1s all\u00e1 de la nostalgia<\/strong><\/h2>\n\n\n\n<p>Es f\u00e1cil caer en la nostalgia al hablar del Microbus, pero creo que su \u00e9xito va m\u00e1s all\u00e1 de eso. Es cierto que su dise\u00f1o ic\u00f3nico y su conexi\u00f3n con la cultura pop lo han convertido en un objeto de culto.<\/p>\n\n\n\n<p>No obstante, tambi\u00e9n hay que reconocer que Volkswagen ha sabido mantener vivo el esp\u00edritu del Microbus a lo largo de los a\u00f1os. Han sabido evolucionar sin perder la esencia, adapt\u00e1ndose a las necesidades de cada \u00e9poca y ofreciendo soluciones para todo tipo de usuarios.<\/p>\n\n\n\n<p>En s\u00edntesis, el Microbus es un ejemplo de c\u00f3mo un veh\u00edculo puede trascender su funci\u00f3n original y convertirse en algo m\u00e1s. Es un s\u00edmbolo de libertad, de aventura, de comunidad. Y, por lo que parece, su historia est\u00e1 lejos de terminar.<\/p>\n","protected":false},"excerpt":{"rendered":"<p>A lo largo de siete d\u00e9cadas y media, el Volkswagen Microbus ha trascendido su concepci\u00f3n original como veh\u00edculo utilitario para convertirse en un aut\u00e9ntico \u00edcono cultural.&nbsp; Toda su evoluci\u00f3n, desde la robusta simplicidad del T1 hasta la sofisticaci\u00f3n el\u00e9ctrica del ID. Buzz, refleja no solo los avances tecnol\u00f3gicos de la industria automotriz, sino tambi\u00e9n los [&hellip;]<\/p>\n","protected":false},"author":9,"featured_media":7915,"comment_status":"open","ping_status":"open","sticky":false,"template":"","format":"standard","meta":{"_acf_changed":false,"footnotes":""},"categories":[12],"tags":[203,176,356],"marcas":[241],"class_list":["post-7914","post","type-post","status-publish","format-standard","has-post-thumbnail","hentry","category-curiosidades","tag-autos-electricos","tag-camionetas","tag-vans","marcas-volkswagen","cat-12-id"],"acf":[],"yoast_head":"<!-- This site is optimized with the Yoast SEO Premium plugin  - https:\/\/yoast.com\/wordpress\/plugins\/seo\/ -->\n<title>La historia del Volkswagen Microbus: 75 A\u00f1os de un \u00edcono sobre ruedas - Autos<\/title>\n<meta name=\"description\" content=\"La historia del Volkswagen Microbus, desde sus inicios como van de carga hasta su renacimiento el\u00e9ctrico. Un viaje de 75 a\u00f1os\" \/>\n<meta name=\"robots\" content=\"index, follow, max-snippet:-1, max-image-preview:large, max-video-preview:-1\" \/>\n<link rel=\"canonical\" href=\"https:\/\/us.as.com\/autos\/curiosidades\/la-historia-del-volkswagen-microbus-75-anos-de-un-icono-sobre-ruedas\/\" \/>\n<meta property=\"og:locale\" content=\"es_ES\" \/>\n<meta property=\"og:type\" content=\"article\" \/>\n<meta property=\"og:title\" content=\"La historia del Volkswagen Microbus: 75 A\u00f1os de un \u00edcono sobre ruedas - Autos\" \/>\n<meta property=\"og:description\" content=\"La historia del Volkswagen Microbus, desde sus inicios como van de carga hasta su renacimiento el\u00e9ctrico. Un viaje de 75 a\u00f1os\" \/>\n<meta property=\"og:url\" content=\"https:\/\/us.as.com\/autos\/curiosidades\/la-historia-del-volkswagen-microbus-75-anos-de-un-icono-sobre-ruedas\/\" \/>\n<meta property=\"og:site_name\" content=\"Autos\" \/>\n<meta property=\"article:published_time\" content=\"2025-03-11T11:54:30+00:00\" \/>\n<meta property=\"article:modified_time\" content=\"2025-03-11T11:54:31+00:00\" \/>\n<meta property=\"og:image\" content=\"https:\/\/us.as.com\/autos\/wp-content\/uploads\/2025\/03\/La-historia-del-Volkswagen-Microbus-75-Anos-de-un-icono-sobre-ruedas.jpg\" \/>\n\t<meta property=\"og:image:width\" content=\"2160\" \/>\n\t<meta property=\"og:image:height\" content=\"1215\" \/>\n\t<meta property=\"og:image:type\" content=\"image\/jpeg\" \/>\n<meta name=\"author\" content=\"Luis Hern\u00e1ndez del Arco\" \/>\n<meta name=\"twitter:card\" content=\"summary_large_image\" \/>\n<meta name=\"twitter:creator\" content=\"@https:\/\/x.com\/ldelarco\" \/>\n<meta name=\"twitter:label1\" content=\"Escrito por\" \/>\n\t<meta name=\"twitter:data1\" content=\"Luis Hern\u00e1ndez del Arco\" \/>\n\t<meta name=\"twitter:label2\" content=\"Tiempo de lectura\" \/>\n\t<meta name=\"twitter:data2\" content=\"5 minutos\" \/>\n<script type=\"application\/ld+json\" class=\"yoast-schema-graph\">{\"@context\":\"https:\/\/schema.org\",\"@graph\":[{\"@type\":\"WebPage\",\"@id\":\"https:\/\/us.as.com\/autos\/curiosidades\/la-historia-del-volkswagen-microbus-75-anos-de-un-icono-sobre-ruedas\/\",\"url\":\"https:\/\/us.as.com\/autos\/curiosidades\/la-historia-del-volkswagen-microbus-75-anos-de-un-icono-sobre-ruedas\/\",\"name\":\"La historia del Volkswagen Microbus: 75 A\u00f1os de un \u00edcono sobre ruedas - Autos\",\"isPartOf\":{\"@id\":\"https:\/\/us.as.com\/autos\/#website\"},\"primaryImageOfPage\":{\"@id\":\"https:\/\/us.as.com\/autos\/curiosidades\/la-historia-del-volkswagen-microbus-75-anos-de-un-icono-sobre-ruedas\/#primaryimage\"},\"image\":{\"@id\":\"https:\/\/us.as.com\/autos\/curiosidades\/la-historia-del-volkswagen-microbus-75-anos-de-un-icono-sobre-ruedas\/#primaryimage\"},\"thumbnailUrl\":\"https:\/\/us.as.com\/autos\/wp-content\/uploads\/2025\/03\/La-historia-del-Volkswagen-Microbus-75-Anos-de-un-icono-sobre-ruedas.jpg\",\"datePublished\":\"2025-03-11T11:54:30+00:00\",\"dateModified\":\"2025-03-11T11:54:31+00:00\",\"author\":{\"@id\":\"https:\/\/us.as.com\/autos\/#\/schema\/person\/b59ded8d3d136c0f0f7adae8ab7f1712\"},\"description\":\"La historia del Volkswagen Microbus, desde sus inicios como van de carga hasta su renacimiento el\u00e9ctrico. Un viaje de 75 a\u00f1os\",\"inLanguage\":\"es\",\"potentialAction\":[{\"@type\":\"ReadAction\",\"target\":[\"https:\/\/us.as.com\/autos\/curiosidades\/la-historia-del-volkswagen-microbus-75-anos-de-un-icono-sobre-ruedas\/\"]}]},{\"@type\":\"ImageObject\",\"inLanguage\":\"es\",\"@id\":\"https:\/\/us.as.com\/autos\/curiosidades\/la-historia-del-volkswagen-microbus-75-anos-de-un-icono-sobre-ruedas\/#primaryimage\",\"url\":\"https:\/\/us.as.com\/autos\/wp-content\/uploads\/2025\/03\/La-historia-del-Volkswagen-Microbus-75-Anos-de-un-icono-sobre-ruedas.jpg\",\"contentUrl\":\"https:\/\/us.as.com\/autos\/wp-content\/uploads\/2025\/03\/La-historia-del-Volkswagen-Microbus-75-Anos-de-un-icono-sobre-ruedas.jpg\",\"width\":2160,\"height\":1215,\"caption\":\"La historia del Volkswagen Microbus 75 A\u00f1os de un \u00edcono sobre ruedas\"},{\"@type\":\"WebSite\",\"@id\":\"https:\/\/us.as.com\/autos\/#website\",\"url\":\"https:\/\/us.as.com\/autos\/\",\"name\":\"Autos\",\"description\":\"\",\"potentialAction\":[{\"@type\":\"SearchAction\",\"target\":{\"@type\":\"EntryPoint\",\"urlTemplate\":\"https:\/\/us.as.com\/autos\/?s={search_term_string}\"},\"query-input\":{\"@type\":\"PropertyValueSpecification\",\"valueRequired\":true,\"valueName\":\"search_term_string\"}}],\"inLanguage\":\"es\"},{\"@type\":\"Person\",\"@id\":\"https:\/\/us.as.com\/autos\/#\/schema\/person\/b59ded8d3d136c0f0f7adae8ab7f1712\",\"name\":\"Luis Hern\u00e1ndez del Arco\",\"image\":{\"@type\":\"ImageObject\",\"inLanguage\":\"es\",\"@id\":\"https:\/\/us.as.com\/autos\/#\/schema\/person\/image\/\",\"url\":\"https:\/\/secure.gravatar.com\/avatar\/c2b7262a4ee821aa4260ed5f07cfd999?s=96&d=mm&r=g\",\"contentUrl\":\"https:\/\/secure.gravatar.com\/avatar\/c2b7262a4ee821aa4260ed5f07cfd999?s=96&d=mm&r=g\",\"caption\":\"Luis Hern\u00e1ndez del Arco\"},\"sameAs\":[\"https:\/\/us.as.com\/autos\/\",\"https:\/\/www.instagram.com\/luisdelarcoh\",\"https:\/\/x.com\/https:\/\/x.com\/ldelarco\"],\"gender\":\"Hombre\",\"jobTitle\":\"Editor\",\"worksFor\":\"Grupo Prisa\",\"url\":\"https:\/\/us.as.com\/autos\/autor\/lhernandezd\/\"}]}<\/script>\n<!-- \/ Yoast SEO Premium plugin. -->","yoast_head_json":{"title":"La historia del Volkswagen Microbus: 75 A\u00f1os de un \u00edcono sobre ruedas - Autos","description":"La historia del Volkswagen Microbus, desde sus inicios como van de carga hasta su renacimiento el\u00e9ctrico. Un viaje de 75 a\u00f1os","robots":{"index":"index","follow":"follow","max-snippet":"max-snippet:-1","max-image-preview":"max-image-preview:large","max-video-preview":"max-video-preview:-1"},"canonical":"https:\/\/us.as.com\/autos\/curiosidades\/la-historia-del-volkswagen-microbus-75-anos-de-un-icono-sobre-ruedas\/","og_locale":"es_ES","og_type":"article","og_title":"La historia del Volkswagen Microbus: 75 A\u00f1os de un \u00edcono sobre ruedas - Autos","og_description":"La historia del Volkswagen Microbus, desde sus inicios como van de carga hasta su renacimiento el\u00e9ctrico. Un viaje de 75 a\u00f1os","og_url":"https:\/\/us.as.com\/autos\/curiosidades\/la-historia-del-volkswagen-microbus-75-anos-de-un-icono-sobre-ruedas\/","og_site_name":"Autos","article_published_time":"2025-03-11T11:54:30+00:00","article_modified_time":"2025-03-11T11:54:31+00:00","og_image":[{"width":2160,"height":1215,"url":"https:\/\/us.as.com\/autos\/wp-content\/uploads\/2025\/03\/La-historia-del-Volkswagen-Microbus-75-Anos-de-un-icono-sobre-ruedas.jpg","type":"image\/jpeg"}],"author":"Luis Hern\u00e1ndez del Arco","twitter_card":"summary_large_image","twitter_creator":"@https:\/\/x.com\/ldelarco","twitter_misc":{"Escrito por":"Luis Hern\u00e1ndez del Arco","Tiempo de lectura":"5 minutos"},"schema":{"@context":"https:\/\/schema.org","@graph":[{"@type":"WebPage","@id":"https:\/\/us.as.com\/autos\/curiosidades\/la-historia-del-volkswagen-microbus-75-anos-de-un-icono-sobre-ruedas\/","url":"https:\/\/us.as.com\/autos\/curiosidades\/la-historia-del-volkswagen-microbus-75-anos-de-un-icono-sobre-ruedas\/","name":"La historia del Volkswagen Microbus: 75 A\u00f1os de un \u00edcono sobre ruedas - Autos","isPartOf":{"@id":"https:\/\/us.as.com\/autos\/#website"},"primaryImageOfPage":{"@id":"https:\/\/us.as.com\/autos\/curiosidades\/la-historia-del-volkswagen-microbus-75-anos-de-un-icono-sobre-ruedas\/#primaryimage"},"image":{"@id":"https:\/\/us.as.com\/autos\/curiosidades\/la-historia-del-volkswagen-microbus-75-anos-de-un-icono-sobre-ruedas\/#primaryimage"},"thumbnailUrl":"https:\/\/us.as.com\/autos\/wp-content\/uploads\/2025\/03\/La-historia-del-Volkswagen-Microbus-75-Anos-de-un-icono-sobre-ruedas.jpg","datePublished":"2025-03-11T11:54:30+00:00","dateModified":"2025-03-11T11:54:31+00:00","author":{"@id":"https:\/\/us.as.com\/autos\/#\/schema\/person\/b59ded8d3d136c0f0f7adae8ab7f1712"},"description":"La historia del Volkswagen Microbus, desde sus inicios como van de carga hasta su renacimiento el\u00e9ctrico. Un viaje de 75 a\u00f1os","inLanguage":"es","potentialAction":[{"@type":"ReadAction","target":["https:\/\/us.as.com\/autos\/curiosidades\/la-historia-del-volkswagen-microbus-75-anos-de-un-icono-sobre-ruedas\/"]}]},{"@type":"ImageObject","inLanguage":"es","@id":"https:\/\/us.as.com\/autos\/curiosidades\/la-historia-del-volkswagen-microbus-75-anos-de-un-icono-sobre-ruedas\/#primaryimage","url":"https:\/\/us.as.com\/autos\/wp-content\/uploads\/2025\/03\/La-historia-del-Volkswagen-Microbus-75-Anos-de-un-icono-sobre-ruedas.jpg","contentUrl":"https:\/\/us.as.com\/autos\/wp-content\/uploads\/2025\/03\/La-historia-del-Volkswagen-Microbus-75-Anos-de-un-icono-sobre-ruedas.jpg","width":2160,"height":1215,"caption":"La historia del Volkswagen Microbus 75 A\u00f1os de un \u00edcono sobre ruedas"},{"@type":"WebSite","@id":"https:\/\/us.as.com\/autos\/#website","url":"https:\/\/us.as.com\/autos\/","name":"Autos","description":"","potentialAction":[{"@type":"SearchAction","target":{"@type":"EntryPoint","urlTemplate":"https:\/\/us.as.com\/autos\/?s={search_term_string}"},"query-input":{"@type":"PropertyValueSpecification","valueRequired":true,"valueName":"search_term_string"}}],"inLanguage":"es"},{"@type":"Person","@id":"https:\/\/us.as.com\/autos\/#\/schema\/person\/b59ded8d3d136c0f0f7adae8ab7f1712","name":"Luis Hern\u00e1ndez del Arco","image":{"@type":"ImageObject","inLanguage":"es","@id":"https:\/\/us.as.com\/autos\/#\/schema\/person\/image\/","url":"https:\/\/secure.gravatar.com\/avatar\/c2b7262a4ee821aa4260ed5f07cfd999?s=96&d=mm&r=g","contentUrl":"https:\/\/secure.gravatar.com\/avatar\/c2b7262a4ee821aa4260ed5f07cfd999?s=96&d=mm&r=g","caption":"Luis Hern\u00e1ndez del Arco"},"sameAs":["https:\/\/us.as.com\/autos\/","https:\/\/www.instagram.com\/luisdelarcoh","https:\/\/x.com\/https:\/\/x.com\/ldelarco"],"gender":"Hombre","jobTitle":"Editor","worksFor":"Grupo Prisa","url":"https:\/\/us.as.com\/autos\/autor\/lhernandezd\/"}]}},"amp_enabled":true,"_links":{"self":[{"href":"https:\/\/us.as.com\/autos\/wp-json\/wp\/v2\/posts\/7914","targetHints":{"allow":["GET"]}}],"collection":[{"href":"https:\/\/us.as.com\/autos\/wp-json\/wp\/v2\/posts"}],"about":[{"href":"https:\/\/us.as.com\/autos\/wp-json\/wp\/v2\/types\/post"}],"author":[{"embeddable":true,"href":"https:\/\/us.as.com\/autos\/wp-json\/wp\/v2\/users\/9"}],"replies":[{"embeddable":true,"href":"https:\/\/us.as.com\/autos\/wp-json\/wp\/v2\/comments?post=7914"}],"version-history":[{"count":2,"href":"https:\/\/us.as.com\/autos\/wp-json\/wp\/v2\/posts\/7914\/revisions"}],"predecessor-version":[{"id":7924,"href":"https:\/\/us.as.com\/autos\/wp-json\/wp\/v2\/posts\/7914\/revisions\/7924"}],"wp:featuredmedia":[{"embeddable":true,"href":"https:\/\/us.as.com\/autos\/wp-json\/wp\/v2\/media\/7915"}],"wp:attachment":[{"href":"https:\/\/us.as.com\/autos\/wp-json\/wp\/v2\/media?parent=7914"}],"wp:term":[{"taxonomy":"category","embeddable":true,"href":"https:\/\/us.as.com\/autos\/wp-json\/wp\/v2\/categories?post=7914"},{"taxonomy":"post_tag","embeddable":true,"href":"https:\/\/us.as.com\/autos\/wp-json\/wp\/v2\/tags?post=7914"},{"taxonomy":"marcas","embeddable":true,"href":"https:\/\/us.as.com\/autos\/wp-json\/wp\/v2\/marcas?post=7914"}],"curies":[{"name":"wp","href":"https:\/\/api.w.org\/{rel}","templated":true}]}}