{"id":6741,"date":"2024-11-27T14:06:22","date_gmt":"2024-11-27T13:06:22","guid":{"rendered":"https:\/\/us.as.com\/autos\/?p=6741"},"modified":"2024-11-27T14:06:23","modified_gmt":"2024-11-27T13:06:23","slug":"adios-a-la-gasolina-y-enchufes-el-auto-electrico-que-se-carga-con-el-sol","status":"publish","type":"post","link":"https:\/\/us.as.com\/autos\/electricos\/adios-a-la-gasolina-y-enchufes-el-auto-electrico-que-se-carga-con-el-sol\/","title":{"rendered":"Adi\u00f3s a la gasolina y enchufes: El auto el\u00e9ctrico que se carga con el sol"},"content":{"rendered":"\n<p>Un futuro donde no se necesita visitar estaciones de carga el\u00e9ctrica ni preocuparse por los altos costos de la gasolina. Un futuro en el que el auto, al igual que un \u00e1rbol, obtiene su energ\u00eda directamente del sol. Eso es exactamente lo que Aptera Motors promete con su revolucionario veh\u00edculo el\u00e9ctrico solar, <strong><a href=\"https:\/\/www.ces.tech\/\">que hace su debut en el CES 2025.\u00a0<\/a><\/strong><\/p>\n\n\n\n<p>Esta compa\u00f1\u00eda, fundada en 2019, se ha enfocado en transformar la movilidad al crear el medio de transporte m\u00e1s eficiente del planeta, permitiendo a sus usuarios recolectar la mayor parte de su energ\u00eda del astro rey.<\/p>\n\n\n\n<p>Este auto el\u00e9ctrico, tambi\u00e9n llamado Aptera, combina un dise\u00f1o aerodin\u00e1mico extremo con paneles solares integrados, lo que le permite recorrer hasta 40 millas diarias solo con la energ\u00eda del sol.\u00a0<\/p>\n\n\n\n<p>En otras palabras, para quienes manejan distancias cortas en su d\u00eda a d\u00eda, este auto elimina la necesidad de conectarse a la red el\u00e9ctrica. Sin embargo, si se necesita recorrer mayores distancias, cuenta con la opci\u00f3n de cargarlo a trav\u00e9s de un enchufe para alcanzar hasta 400 millas de autonom\u00eda en menos de una hora.<\/p>\n\n\n\n<p>Este dise\u00f1o no solo prioriza la eficiencia, sino tambi\u00e9n la sostenibilidad. A diferencia de otros autos el\u00e9ctricos, que dependen de la electricidad generada en plantas que muchas veces usan combustibles f\u00f3siles, el Aptera apunta a ser una soluci\u00f3n que verdaderamente respeta al medio ambiente.<\/p>\n\n\n\n<figure class=\"wp-block-image size-large\"><img decoding=\"async\" width=\"1024\" height=\"576\" src=\"https:\/\/us.as.com\/autos\/wp-content\/uploads\/2024\/11\/2D870D22_FD2E_2ED7_C8EA18DC6FF75F51-1024x576.jpg\" alt=\"Adi\u00f3s a la gasolina y enchufes: El auto el\u00e9ctrico que se carga con el sol \" class=\"wp-image-6742\" srcset=\"https:\/\/us.as.com\/autos\/wp-content\/uploads\/2024\/11\/2D870D22_FD2E_2ED7_C8EA18DC6FF75F51-1024x576.jpg 1024w, https:\/\/us.as.com\/autos\/wp-content\/uploads\/2024\/11\/2D870D22_FD2E_2ED7_C8EA18DC6FF75F51-300x169.jpg 300w, https:\/\/us.as.com\/autos\/wp-content\/uploads\/2024\/11\/2D870D22_FD2E_2ED7_C8EA18DC6FF75F51-768x432.jpg 768w, https:\/\/us.as.com\/autos\/wp-content\/uploads\/2024\/11\/2D870D22_FD2E_2ED7_C8EA18DC6FF75F51-1536x864.jpg 1536w, https:\/\/us.as.com\/autos\/wp-content\/uploads\/2024\/11\/2D870D22_FD2E_2ED7_C8EA18DC6FF75F51-2048x1151.jpg 2048w, https:\/\/us.as.com\/autos\/wp-content\/uploads\/2024\/11\/2D870D22_FD2E_2ED7_C8EA18DC6FF75F51-1200x675.jpg 1200w, https:\/\/us.as.com\/autos\/wp-content\/uploads\/2024\/11\/2D870D22_FD2E_2ED7_C8EA18DC6FF75F51-800x450.jpg 800w, https:\/\/us.as.com\/autos\/wp-content\/uploads\/2024\/11\/2D870D22_FD2E_2ED7_C8EA18DC6FF75F51-450x253.jpg 450w\" sizes=\"(max-width: 1024px) 100vw, 1024px\" \/><\/figure>\n\n\n\n<p><strong>Auto el\u00e9ctrico cargado por el sol:<\/strong> <strong>Un dise\u00f1o que redefine la movilidad<\/strong><\/p>\n\n\n\n<p>Sin duda, la clave del \u00e9xito de este veh\u00edculo radica en su innovaci\u00f3n. No es solo un auto el\u00e9ctrico m\u00e1s en el mercado, sino un replanteamiento completo de c\u00f3mo debe ser un medio de transporte eficiente. Su forma ultraligera y su aerodin\u00e1mica se inspiran en el dise\u00f1o de aviones y aves, lo que le permite reducir al m\u00e1ximo la resistencia al viento y, por ende, su consumo energ\u00e9tico.<\/p>\n\n\n\n<p>De hecho, la eficiencia energ\u00e9tica es tan alta que, seg\u00fan los datos de la compa\u00f1\u00eda, el Aptera puede recorrer 100 millas utilizando la misma cantidad de energ\u00eda con la que un auto convencional apenas avanzar\u00eda unos cuantos kil\u00f3metros. Esto lo convierte en una opci\u00f3n muy atractiva para quienes buscan reducir su impacto ambiental sin comprometer su libertad de movimiento.<\/p>\n\n\n\n<p><strong>El respaldo del p\u00fablico y la financiaci\u00f3n colectiva<\/strong><\/p>\n\n\n\n<p>Desde que se dio a conocer, el proyecto ha generado un enorme inter\u00e9s. M\u00e1s de 50,000 personas en Estados Unidos y otros pa\u00edses ya han reservado su Aptera, lo que representa ventas anticipadas por un valor de 1,700 millones de d\u00f3lares. Adem\u00e1s, la compa\u00f1\u00eda ha logrado recaudar 135 millones de d\u00f3lares a trav\u00e9s de campa\u00f1as de financiamiento colectivo, estableciendo un r\u00e9cord en el sector de la movilidad sostenible.<\/p>\n\n\n\n<p>Este respaldo demuestra la fe de los consumidores en el producto y su deseo de un cambio real en c\u00f3mo se entiende la movilidad. Al optar por un Aptera, los futuros conductores est\u00e1n eligiendo una alternativa que los libera de la dependencia de los combustibles f\u00f3siles y de los elevados costos asociados a la infraestructura el\u00e9ctrica tradicional.<\/p>\n\n\n\n<figure class=\"wp-block-embed is-type-video is-provider-youtube wp-block-embed-youtube wp-embed-aspect-16-9 wp-has-aspect-ratio\"><div class=\"wp-block-embed__wrapper\">\n<iframe title=\"Aptera \u2014 Our Vision\" width=\"640\" height=\"360\" src=\"https:\/\/www.youtube.com\/embed\/JHRwBWkQI6E?feature=oembed\" frameborder=\"0\" allow=\"accelerometer; autoplay; clipboard-write; encrypted-media; gyroscope; picture-in-picture; web-share\" referrerpolicy=\"strict-origin-when-cross-origin\" allowfullscreen><\/iframe>\n<\/div><\/figure>\n\n\n\n<p><strong>El impacto ambiental y econ\u00f3mico del Aptera<\/strong><\/p>\n\n\n\n<p>Si bien muchos autos el\u00e9ctricos ya representan un avance importante en t\u00e9rminos de sostenibilidad, el modelo de Aptera va un paso m\u00e1s all\u00e1 al eliminar, en gran medida, la necesidad de cargarlo con energ\u00eda el\u00e9ctrica generada por fuentes contaminantes.&nbsp;<\/p>\n\n\n\n<p>Esto reduce las emisiones de carbono asociadas a la conducci\u00f3n y tambi\u00e9n alivia la presi\u00f3n sobre las redes el\u00e9ctricas, un tema especialmente relevante en pa\u00edses donde la demanda de energ\u00eda est\u00e1 en constante crecimiento.<\/p>\n\n\n\n<p>Por otro lado, en t\u00e9rminos econ\u00f3micos, un veh\u00edculo que puede generar su propia energ\u00eda reduce significativamente los costos operativos para sus due\u00f1os. Deja atr\u00e1s las preocupaciones por los precios fluctuantes de la electricidad o la gasolina, y abre la puerta a una movilidad m\u00e1s accesible y libre de compromisos financieros.<\/p>\n\n\n\n<p><strong><a href=\"https:\/\/us.as.com\/autos\/tips\/como-ahorrar-gasolina-con-un-buen-mantenimiento-del-auto\/\">Aunque a\u00fan queda camino por recorrer antes de que este tipo de tecnolog\u00eda se masifique,<\/a><\/strong> el Aptera demuestra que es posible replantear las reglas del juego. Por ahora, este auto solar no solo representa una soluci\u00f3n para los retos actuales de movilidad, sino tambi\u00e9n una fuente de inspiraci\u00f3n para futuras generaciones de innovadores.<\/p>\n\n\n\n<p>En definitiva, Aptera ha logrado capturar la esencia de lo que deber\u00eda ser el transporte en el siglo XXI: eficiente, sostenible y accesible. Y, en este caso, no es exagerado decir que el cielo es el l\u00edmite, porque su energ\u00eda viene directamente de \u00e9l.<\/p>\n","protected":false},"excerpt":{"rendered":"<p>Un futuro donde no se necesita visitar estaciones de carga el\u00e9ctrica ni preocuparse por los altos costos de la gasolina. Un futuro en el que el auto, al igual que un \u00e1rbol, obtiene su energ\u00eda directamente del sol. Eso es exactamente lo que Aptera Motors promete con su revolucionario veh\u00edculo el\u00e9ctrico solar, que hace su [&hellip;]<\/p>\n","protected":false},"author":9,"featured_media":6743,"comment_status":"open","ping_status":"open","sticky":false,"template":"","format":"standard","meta":{"_acf_changed":false,"footnotes":""},"categories":[6],"tags":[203],"marcas":[],"class_list":["post-6741","post","type-post","status-publish","format-standard","has-post-thumbnail","hentry","category-electricos","tag-autos-electricos","cat-6-id"],"acf":[],"yoast_head":"<!-- This site is optimized with the Yoast SEO Premium plugin  - https:\/\/yoast.com\/wordpress\/plugins\/seo\/ -->\n<title>Adi\u00f3s a la gasolina y enchufes: El auto el\u00e9ctrico que se carga con el sol - Autos<\/title>\n<meta name=\"description\" content=\"Aptera, el auto el\u00e9ctrico solar que se carga con el sol. C\u00f3mo este veh\u00edculo elimina la necesidad de gasolina y reduce las recargas.\" \/>\n<meta name=\"robots\" content=\"index, follow, max-snippet:-1, max-image-preview:large, max-video-preview:-1\" \/>\n<link rel=\"canonical\" href=\"https:\/\/us.as.com\/autos\/electricos\/adios-a-la-gasolina-y-enchufes-el-auto-electrico-que-se-carga-con-el-sol\/\" \/>\n<meta property=\"og:locale\" content=\"es_ES\" \/>\n<meta property=\"og:type\" content=\"article\" \/>\n<meta property=\"og:title\" content=\"Adi\u00f3s a la gasolina y enchufes: El auto el\u00e9ctrico que se carga con el sol - Autos\" \/>\n<meta property=\"og:description\" content=\"Aptera, el auto el\u00e9ctrico solar que se carga con el sol. C\u00f3mo este veh\u00edculo elimina la necesidad de gasolina y reduce las recargas.\" \/>\n<meta property=\"og:url\" content=\"https:\/\/us.as.com\/autos\/electricos\/adios-a-la-gasolina-y-enchufes-el-auto-electrico-que-se-carga-con-el-sol\/\" \/>\n<meta property=\"og:site_name\" content=\"Autos\" \/>\n<meta property=\"article:published_time\" content=\"2024-11-27T13:06:22+00:00\" \/>\n<meta property=\"article:modified_time\" content=\"2024-11-27T13:06:23+00:00\" \/>\n<meta property=\"og:image\" content=\"https:\/\/us.as.com\/autos\/wp-content\/uploads\/2024\/11\/making-driving-fun-image.jpg\" \/>\n\t<meta property=\"og:image:width\" content=\"1602\" \/>\n\t<meta property=\"og:image:height\" content=\"901\" \/>\n\t<meta property=\"og:image:type\" content=\"image\/jpeg\" \/>\n<meta name=\"author\" content=\"Luis Hern\u00e1ndez del Arco\" \/>\n<meta name=\"twitter:card\" content=\"summary_large_image\" \/>\n<meta name=\"twitter:creator\" content=\"@https:\/\/x.com\/ldelarco\" \/>\n<meta name=\"twitter:label1\" content=\"Escrito por\" \/>\n\t<meta name=\"twitter:data1\" content=\"Luis Hern\u00e1ndez del Arco\" \/>\n\t<meta name=\"twitter:label2\" content=\"Tiempo de lectura\" \/>\n\t<meta name=\"twitter:data2\" content=\"4 minutos\" \/>\n<script type=\"application\/ld+json\" class=\"yoast-schema-graph\">{\"@context\":\"https:\/\/schema.org\",\"@graph\":[{\"@type\":\"WebPage\",\"@id\":\"https:\/\/us.as.com\/autos\/electricos\/adios-a-la-gasolina-y-enchufes-el-auto-electrico-que-se-carga-con-el-sol\/\",\"url\":\"https:\/\/us.as.com\/autos\/electricos\/adios-a-la-gasolina-y-enchufes-el-auto-electrico-que-se-carga-con-el-sol\/\",\"name\":\"Adi\u00f3s a la gasolina y enchufes: El auto el\u00e9ctrico que se carga con el sol - Autos\",\"isPartOf\":{\"@id\":\"https:\/\/us.as.com\/autos\/#website\"},\"primaryImageOfPage\":{\"@id\":\"https:\/\/us.as.com\/autos\/electricos\/adios-a-la-gasolina-y-enchufes-el-auto-electrico-que-se-carga-con-el-sol\/#primaryimage\"},\"image\":{\"@id\":\"https:\/\/us.as.com\/autos\/electricos\/adios-a-la-gasolina-y-enchufes-el-auto-electrico-que-se-carga-con-el-sol\/#primaryimage\"},\"thumbnailUrl\":\"https:\/\/us.as.com\/autos\/wp-content\/uploads\/2024\/11\/making-driving-fun-image.jpg\",\"datePublished\":\"2024-11-27T13:06:22+00:00\",\"dateModified\":\"2024-11-27T13:06:23+00:00\",\"author\":{\"@id\":\"https:\/\/us.as.com\/autos\/#\/schema\/person\/b59ded8d3d136c0f0f7adae8ab7f1712\"},\"description\":\"Aptera, el auto el\u00e9ctrico solar que se carga con el sol. C\u00f3mo este veh\u00edculo elimina la necesidad de gasolina y reduce las recargas.\",\"inLanguage\":\"es\",\"potentialAction\":[{\"@type\":\"ReadAction\",\"target\":[\"https:\/\/us.as.com\/autos\/electricos\/adios-a-la-gasolina-y-enchufes-el-auto-electrico-que-se-carga-con-el-sol\/\"]}]},{\"@type\":\"ImageObject\",\"inLanguage\":\"es\",\"@id\":\"https:\/\/us.as.com\/autos\/electricos\/adios-a-la-gasolina-y-enchufes-el-auto-electrico-que-se-carga-con-el-sol\/#primaryimage\",\"url\":\"https:\/\/us.as.com\/autos\/wp-content\/uploads\/2024\/11\/making-driving-fun-image.jpg\",\"contentUrl\":\"https:\/\/us.as.com\/autos\/wp-content\/uploads\/2024\/11\/making-driving-fun-image.jpg\",\"width\":1602,\"height\":901,\"caption\":\"Adi\u00f3s a la gasolina y enchufes: El auto el\u00e9ctrico que se carga con el sol\"},{\"@type\":\"WebSite\",\"@id\":\"https:\/\/us.as.com\/autos\/#website\",\"url\":\"https:\/\/us.as.com\/autos\/\",\"name\":\"Autos\",\"description\":\"\",\"potentialAction\":[{\"@type\":\"SearchAction\",\"target\":{\"@type\":\"EntryPoint\",\"urlTemplate\":\"https:\/\/us.as.com\/autos\/?s={search_term_string}\"},\"query-input\":{\"@type\":\"PropertyValueSpecification\",\"valueRequired\":true,\"valueName\":\"search_term_string\"}}],\"inLanguage\":\"es\"},{\"@type\":\"Person\",\"@id\":\"https:\/\/us.as.com\/autos\/#\/schema\/person\/b59ded8d3d136c0f0f7adae8ab7f1712\",\"name\":\"Luis Hern\u00e1ndez del Arco\",\"image\":{\"@type\":\"ImageObject\",\"inLanguage\":\"es\",\"@id\":\"https:\/\/us.as.com\/autos\/#\/schema\/person\/image\/\",\"url\":\"https:\/\/secure.gravatar.com\/avatar\/c2b7262a4ee821aa4260ed5f07cfd999?s=96&d=mm&r=g\",\"contentUrl\":\"https:\/\/secure.gravatar.com\/avatar\/c2b7262a4ee821aa4260ed5f07cfd999?s=96&d=mm&r=g\",\"caption\":\"Luis Hern\u00e1ndez del Arco\"},\"sameAs\":[\"https:\/\/us.as.com\/autos\/\",\"https:\/\/www.instagram.com\/luisdelarcoh\",\"https:\/\/x.com\/https:\/\/x.com\/ldelarco\"],\"gender\":\"Hombre\",\"jobTitle\":\"Editor\",\"worksFor\":\"Grupo Prisa\",\"url\":\"https:\/\/us.as.com\/autos\/autor\/lhernandezd\/\"}]}<\/script>\n<meta property=\"og:video\" content=\"https:\/\/www.youtube.com\/embed\/JHRwBWkQI6E\" \/>\n<meta property=\"og:video:type\" content=\"text\/html\" \/>\n<meta property=\"og:video:duration\" content=\"110\" \/>\n<meta property=\"og:video:width\" content=\"480\" \/>\n<meta property=\"og:video:height\" content=\"270\" \/>\n<meta property=\"ya:ovs:adult\" content=\"false\" \/>\n<meta property=\"ya:ovs:upload_date\" content=\"2024-11-27T13:06:22+00:00\" \/>\n<meta property=\"ya:ovs:allow_embed\" content=\"true\" \/>\n<!-- \/ Yoast SEO Premium plugin. -->","yoast_head_json":{"title":"Adi\u00f3s a la gasolina y enchufes: El auto el\u00e9ctrico que se carga con el sol - Autos","description":"Aptera, el auto el\u00e9ctrico solar que se carga con el sol. C\u00f3mo este veh\u00edculo elimina la necesidad de gasolina y reduce las recargas.","robots":{"index":"index","follow":"follow","max-snippet":"max-snippet:-1","max-image-preview":"max-image-preview:large","max-video-preview":"max-video-preview:-1"},"canonical":"https:\/\/us.as.com\/autos\/electricos\/adios-a-la-gasolina-y-enchufes-el-auto-electrico-que-se-carga-con-el-sol\/","og_locale":"es_ES","og_type":"article","og_title":"Adi\u00f3s a la gasolina y enchufes: El auto el\u00e9ctrico que se carga con el sol - Autos","og_description":"Aptera, el auto el\u00e9ctrico solar que se carga con el sol. C\u00f3mo este veh\u00edculo elimina la necesidad de gasolina y reduce las recargas.","og_url":"https:\/\/us.as.com\/autos\/electricos\/adios-a-la-gasolina-y-enchufes-el-auto-electrico-que-se-carga-con-el-sol\/","og_site_name":"Autos","article_published_time":"2024-11-27T13:06:22+00:00","article_modified_time":"2024-11-27T13:06:23+00:00","og_image":[{"width":1602,"height":901,"url":"https:\/\/us.as.com\/autos\/wp-content\/uploads\/2024\/11\/making-driving-fun-image.jpg","type":"image\/jpeg"}],"author":"Luis Hern\u00e1ndez del Arco","twitter_card":"summary_large_image","twitter_creator":"@https:\/\/x.com\/ldelarco","twitter_misc":{"Escrito por":"Luis Hern\u00e1ndez del Arco","Tiempo de lectura":"4 minutos"},"schema":{"@context":"https:\/\/schema.org","@graph":[{"@type":"WebPage","@id":"https:\/\/us.as.com\/autos\/electricos\/adios-a-la-gasolina-y-enchufes-el-auto-electrico-que-se-carga-con-el-sol\/","url":"https:\/\/us.as.com\/autos\/electricos\/adios-a-la-gasolina-y-enchufes-el-auto-electrico-que-se-carga-con-el-sol\/","name":"Adi\u00f3s a la gasolina y enchufes: El auto el\u00e9ctrico que se carga con el sol - Autos","isPartOf":{"@id":"https:\/\/us.as.com\/autos\/#website"},"primaryImageOfPage":{"@id":"https:\/\/us.as.com\/autos\/electricos\/adios-a-la-gasolina-y-enchufes-el-auto-electrico-que-se-carga-con-el-sol\/#primaryimage"},"image":{"@id":"https:\/\/us.as.com\/autos\/electricos\/adios-a-la-gasolina-y-enchufes-el-auto-electrico-que-se-carga-con-el-sol\/#primaryimage"},"thumbnailUrl":"https:\/\/us.as.com\/autos\/wp-content\/uploads\/2024\/11\/making-driving-fun-image.jpg","datePublished":"2024-11-27T13:06:22+00:00","dateModified":"2024-11-27T13:06:23+00:00","author":{"@id":"https:\/\/us.as.com\/autos\/#\/schema\/person\/b59ded8d3d136c0f0f7adae8ab7f1712"},"description":"Aptera, el auto el\u00e9ctrico solar que se carga con el sol. C\u00f3mo este veh\u00edculo elimina la necesidad de gasolina y reduce las recargas.","inLanguage":"es","potentialAction":[{"@type":"ReadAction","target":["https:\/\/us.as.com\/autos\/electricos\/adios-a-la-gasolina-y-enchufes-el-auto-electrico-que-se-carga-con-el-sol\/"]}]},{"@type":"ImageObject","inLanguage":"es","@id":"https:\/\/us.as.com\/autos\/electricos\/adios-a-la-gasolina-y-enchufes-el-auto-electrico-que-se-carga-con-el-sol\/#primaryimage","url":"https:\/\/us.as.com\/autos\/wp-content\/uploads\/2024\/11\/making-driving-fun-image.jpg","contentUrl":"https:\/\/us.as.com\/autos\/wp-content\/uploads\/2024\/11\/making-driving-fun-image.jpg","width":1602,"height":901,"caption":"Adi\u00f3s a la gasolina y enchufes: El auto el\u00e9ctrico que se carga con el sol"},{"@type":"WebSite","@id":"https:\/\/us.as.com\/autos\/#website","url":"https:\/\/us.as.com\/autos\/","name":"Autos","description":"","potentialAction":[{"@type":"SearchAction","target":{"@type":"EntryPoint","urlTemplate":"https:\/\/us.as.com\/autos\/?s={search_term_string}"},"query-input":{"@type":"PropertyValueSpecification","valueRequired":true,"valueName":"search_term_string"}}],"inLanguage":"es"},{"@type":"Person","@id":"https:\/\/us.as.com\/autos\/#\/schema\/person\/b59ded8d3d136c0f0f7adae8ab7f1712","name":"Luis Hern\u00e1ndez del Arco","image":{"@type":"ImageObject","inLanguage":"es","@id":"https:\/\/us.as.com\/autos\/#\/schema\/person\/image\/","url":"https:\/\/secure.gravatar.com\/avatar\/c2b7262a4ee821aa4260ed5f07cfd999?s=96&d=mm&r=g","contentUrl":"https:\/\/secure.gravatar.com\/avatar\/c2b7262a4ee821aa4260ed5f07cfd999?s=96&d=mm&r=g","caption":"Luis Hern\u00e1ndez del Arco"},"sameAs":["https:\/\/us.as.com\/autos\/","https:\/\/www.instagram.com\/luisdelarcoh","https:\/\/x.com\/https:\/\/x.com\/ldelarco"],"gender":"Hombre","jobTitle":"Editor","worksFor":"Grupo Prisa","url":"https:\/\/us.as.com\/autos\/autor\/lhernandezd\/"}]},"og_video":"https:\/\/www.youtube.com\/embed\/JHRwBWkQI6E","og_video_type":"text\/html","og_video_duration":"110","og_video_width":"480","og_video_height":"270","ya_ovs_adult":"false","ya_ovs_upload_date":"2024-11-27T13:06:22+00:00","ya_ovs_allow_embed":"true"},"amp_enabled":true,"_links":{"self":[{"href":"https:\/\/us.as.com\/autos\/wp-json\/wp\/v2\/posts\/6741","targetHints":{"allow":["GET"]}}],"collection":[{"href":"https:\/\/us.as.com\/autos\/wp-json\/wp\/v2\/posts"}],"about":[{"href":"https:\/\/us.as.com\/autos\/wp-json\/wp\/v2\/types\/post"}],"author":[{"embeddable":true,"href":"https:\/\/us.as.com\/autos\/wp-json\/wp\/v2\/users\/9"}],"replies":[{"embeddable":true,"href":"https:\/\/us.as.com\/autos\/wp-json\/wp\/v2\/comments?post=6741"}],"version-history":[{"count":2,"href":"https:\/\/us.as.com\/autos\/wp-json\/wp\/v2\/posts\/6741\/revisions"}],"predecessor-version":[{"id":6746,"href":"https:\/\/us.as.com\/autos\/wp-json\/wp\/v2\/posts\/6741\/revisions\/6746"}],"wp:featuredmedia":[{"embeddable":true,"href":"https:\/\/us.as.com\/autos\/wp-json\/wp\/v2\/media\/6743"}],"wp:attachment":[{"href":"https:\/\/us.as.com\/autos\/wp-json\/wp\/v2\/media?parent=6741"}],"wp:term":[{"taxonomy":"category","embeddable":true,"href":"https:\/\/us.as.com\/autos\/wp-json\/wp\/v2\/categories?post=6741"},{"taxonomy":"post_tag","embeddable":true,"href":"https:\/\/us.as.com\/autos\/wp-json\/wp\/v2\/tags?post=6741"},{"taxonomy":"marcas","embeddable":true,"href":"https:\/\/us.as.com\/autos\/wp-json\/wp\/v2\/marcas?post=6741"}],"curies":[{"name":"wp","href":"https:\/\/api.w.org\/{rel}","templated":true}]}}