{"id":581,"date":"2023-12-13T12:54:44","date_gmt":"2023-12-13T11:54:44","guid":{"rendered":"https:\/\/us.as.com\/autos\/?p=581"},"modified":"2023-12-18T20:56:31","modified_gmt":"2023-12-18T19:56:31","slug":"race-for-glory-la-pelicula-de-la-rivalidad-entre-audi-y-lancia","status":"publish","type":"post","link":"https:\/\/us.as.com\/autos\/actualidad\/race-for-glory-la-pelicula-de-la-rivalidad-entre-audi-y-lancia\/","title":{"rendered":"Race for Glory: La pel\u00edcula de la rivalidad entre Audi y Lancia"},"content":{"rendered":"\n<p>El cine y el automovilismo siempre han tenido una relaci\u00f3n especial, que se ha plasmado en numerosas pel\u00edculas que han retratado diferentes aspectos de este apasionante mundo.&nbsp;<\/p>\n\n\n\n<p>Desde las biograf\u00edas de pilotos legendarios, como \u201cRush\u201d o \u201cSenna\u201d, hasta las ficciones inspiradas en competiciones reales, como \u201cLe Mans 66\u201d o \u201cDriven\u201d\u2019, pasando por las sagas de acci\u00f3n y velocidad, como \u201cFast and Furious\u201d\u2019 o \u201cTransporter\u201d, <strong>el s\u00e9ptimo arte ha sabido captar la esencia y el atractivo de las cuatro ruedas<\/strong>.<\/p>\n\n\n\n<p>Ahora, una nueva pel\u00edcula se suma a esta lista, y lo hace con una tem\u00e1tica muy especial: el Grupo B, la categor\u00eda m\u00e1s salvaje y espectacular que ha existido en el Mundial de Rallys.<\/p>\n\n\n\n<h2 class=\"wp-block-heading\" id=\"h-audi-vs-lancia\"><strong>Audi vs. Lancia \u00a0<\/strong><\/h2>\n\n\n\n<p>Se trata de \u201cRace for Glory\u201d, una producci\u00f3n de Lionsgate que se estrena el 5 de enero de 2024 y ofrece una visi\u00f3n realista y emocionante de los primeros a\u00f1os de esta \u00e9poca dorada del rally, marcada por la rivalidad entre dos marcas y dos modelos que hicieron historia: <strong>Lancia y <a href=\"https:\/\/us.as.com\/autos\/blog\/tag\/audi\/\">Audi<\/a>, con sus respectivos 037 y Quattro.<\/strong><\/p>\n\n\n\n<p>En s\u00ed la pel\u00edcula es una recreaci\u00f3n de las carreras, <strong>con escenas de acci\u00f3n rodadas con autos reales y con una ambientaci\u00f3n cuidada al detalle<\/strong>, que traslada a los escenarios m\u00e1s emblem\u00e1ticos del campeonato, como el Montecarlo, el Acr\u00f3polis o el Safari.<\/p>\n\n\n\n<p>Al mismo tiempo, <strong>la historia tiene su trama humana,<\/strong> que se centra en los personajes que protagonizaron aquellos a\u00f1os, tanto dentro como fuera de los auto.<\/p>\n\n\n\n<figure class=\"wp-block-embed is-type-video is-provider-youtube wp-block-embed-youtube wp-embed-aspect-16-9 wp-has-aspect-ratio\"><div class=\"wp-block-embed__wrapper\">\n<iframe title=\"Race for Glory (2024) Official Trailer- Daniel Bruhl, Volker Bruch\" width=\"640\" height=\"360\" src=\"https:\/\/www.youtube.com\/embed\/ER_nwY9ADBQ?feature=oembed\" frameborder=\"0\" allow=\"accelerometer; autoplay; clipboard-write; encrypted-media; gyroscope; picture-in-picture; web-share\" referrerpolicy=\"strict-origin-when-cross-origin\" allowfullscreen><\/iframe>\n<\/div><figcaption class=\"wp-element-caption\">Race for Glory<\/figcaption><\/figure>\n\n\n\n<h2 class=\"wp-block-heading\" id=\"h-los-protagonistas-de-la-pelicula\"><strong>Los protagonistas de la pel\u00edcula<\/strong><\/h2>\n\n\n\n<p>As\u00ed, se hace presente Cesare Fiorio, el carism\u00e1tico jefe del equipo Lancia, interpretado por Riccardo Scamarcio, que tiene que lidiar con los problemas t\u00e9cnicos, los patrocinadores y la presi\u00f3n de la competencia.&nbsp;<\/p>\n\n\n\n<p>Tambi\u00e9n <strong>aparece Walter R\u00f6hrl, el genial piloto alem\u00e1n, encarnado por Volker Bruch<\/strong>, que se convierte en la esperanza de Lancia para derrotar a Audi, pero que tambi\u00e9n tendr\u00e1 que enfrentarse a sus propios miedos y dudas.&nbsp;<\/p>\n\n\n\n<p>Y, por supuesto, est\u00e1n los rivales de Audi, con su revolucionario Quattro de tracci\u00f3n integral, que dominan el campeonato con su superioridad mec\u00e1nica y su estrategia implacable.<\/p>\n\n\n\n<p>\u201c<a href=\"https:\/\/www.youtube.com\/watch?v=ER_nwY9ADBQ\"><strong>Race for Glory<\/strong><\/a>\u201d es, sin duda, <strong>una pel\u00edcula que hace las delicias de los aficionados al automovilismo<\/strong>, especialmente de los que vivieron o conocen la historia del Grupo B, una categor\u00eda que dej\u00f3 una huella imborrable en el deporte y en la cultura popular.\u00a0<\/p>\n\n\n\n<p>Pero tambi\u00e9n es una pel\u00edcula que puede atraer a un p\u00fablico m\u00e1s amplio, que quiera disfrutar de una historia de superaci\u00f3n, de pasi\u00f3n y de gloria, ambientada en una \u00e9poca en la que los autos y los pilotos eran los verdaderos protagonistas. Una pel\u00edcula que, como dice su eslogan, invita a \u201cvivir r\u00e1pido, morir joven y dejar un bonito cad\u00e1ver\u201d.<\/p>\n","protected":false},"excerpt":{"rendered":"<p>El cine y el automovilismo siempre han tenido una relaci\u00f3n especial, que se ha plasmado en numerosas pel\u00edculas que han retratado diferentes aspectos de este apasionante mundo.&nbsp; Desde las biograf\u00edas de pilotos legendarios, como \u201cRush\u201d o \u201cSenna\u201d, hasta las ficciones inspiradas en competiciones reales, como \u201cLe Mans 66\u201d o \u201cDriven\u201d\u2019, pasando por las sagas de [&hellip;]<\/p>\n","protected":false},"author":9,"featured_media":587,"comment_status":"open","ping_status":"open","sticky":false,"template":"","format":"standard","meta":{"_acf_changed":false,"footnotes":""},"categories":[228],"tags":[215,214],"marcas":[191],"class_list":["post-581","post","type-post","status-publish","format-standard","has-post-thumbnail","hentry","category-actualidad","tag-peliculas","tag-rally","marcas-audi","cat-228-id"],"acf":[],"yoast_head":"<!-- This site is optimized with the Yoast SEO Premium plugin  - https:\/\/yoast.com\/wordpress\/plugins\/seo\/ -->\n<title>Race for Glory: La pel\u00edcula de la rivalidad entre Audi y Lancia - Autos<\/title>\n<meta name=\"description\" content=\"Race for Glory ofrece una visi\u00f3n realista y emocionante de los primeros a\u00f1os de la \u00e9poca dorada del rally: el Grupo B\" \/>\n<meta name=\"robots\" content=\"index, follow, max-snippet:-1, max-image-preview:large, max-video-preview:-1\" \/>\n<link rel=\"canonical\" href=\"https:\/\/us.as.com\/autos\/actualidad\/race-for-glory-la-pelicula-de-la-rivalidad-entre-audi-y-lancia\/\" \/>\n<meta property=\"og:locale\" content=\"es_ES\" \/>\n<meta property=\"og:type\" content=\"article\" \/>\n<meta property=\"og:title\" content=\"Race for Glory: La pel\u00edcula de la rivalidad entre Audi y Lancia - Autos\" \/>\n<meta property=\"og:description\" content=\"Race for Glory ofrece una visi\u00f3n realista y emocionante de los primeros a\u00f1os de la \u00e9poca dorada del rally: el Grupo B\" \/>\n<meta property=\"og:url\" content=\"https:\/\/us.as.com\/autos\/actualidad\/race-for-glory-la-pelicula-de-la-rivalidad-entre-audi-y-lancia\/\" \/>\n<meta property=\"og:site_name\" content=\"Autos\" \/>\n<meta property=\"article:published_time\" content=\"2023-12-13T11:54:44+00:00\" \/>\n<meta property=\"article:modified_time\" content=\"2023-12-18T19:56:31+00:00\" \/>\n<meta property=\"og:image\" content=\"https:\/\/us.as.com\/autos\/wp-content\/uploads\/2023\/12\/maxresdefault-10-1.jpg\" \/>\n\t<meta property=\"og:image:width\" content=\"1280\" \/>\n\t<meta property=\"og:image:height\" content=\"720\" \/>\n\t<meta property=\"og:image:type\" content=\"image\/jpeg\" \/>\n<meta name=\"author\" content=\"Luis Hern\u00e1ndez del Arco\" \/>\n<meta name=\"twitter:card\" content=\"summary_large_image\" \/>\n<meta name=\"twitter:creator\" content=\"@https:\/\/x.com\/ldelarco\" \/>\n<meta name=\"twitter:label1\" content=\"Escrito por\" \/>\n\t<meta name=\"twitter:data1\" content=\"Luis Hern\u00e1ndez del Arco\" \/>\n\t<meta name=\"twitter:label2\" content=\"Tiempo de lectura\" \/>\n\t<meta name=\"twitter:data2\" content=\"3 minutos\" \/>\n<script type=\"application\/ld+json\" class=\"yoast-schema-graph\">{\"@context\":\"https:\/\/schema.org\",\"@graph\":[{\"@type\":\"WebPage\",\"@id\":\"https:\/\/us.as.com\/autos\/actualidad\/race-for-glory-la-pelicula-de-la-rivalidad-entre-audi-y-lancia\/\",\"url\":\"https:\/\/us.as.com\/autos\/actualidad\/race-for-glory-la-pelicula-de-la-rivalidad-entre-audi-y-lancia\/\",\"name\":\"Race for Glory: La pel\u00edcula de la rivalidad entre Audi y Lancia - Autos\",\"isPartOf\":{\"@id\":\"https:\/\/us.as.com\/autos\/#website\"},\"primaryImageOfPage\":{\"@id\":\"https:\/\/us.as.com\/autos\/actualidad\/race-for-glory-la-pelicula-de-la-rivalidad-entre-audi-y-lancia\/#primaryimage\"},\"image\":{\"@id\":\"https:\/\/us.as.com\/autos\/actualidad\/race-for-glory-la-pelicula-de-la-rivalidad-entre-audi-y-lancia\/#primaryimage\"},\"thumbnailUrl\":\"https:\/\/us.as.com\/autos\/wp-content\/uploads\/2023\/12\/maxresdefault-10-1.jpg\",\"datePublished\":\"2023-12-13T11:54:44+00:00\",\"dateModified\":\"2023-12-18T19:56:31+00:00\",\"author\":{\"@id\":\"https:\/\/us.as.com\/autos\/#\/schema\/person\/b59ded8d3d136c0f0f7adae8ab7f1712\"},\"description\":\"Race for Glory ofrece una visi\u00f3n realista y emocionante de los primeros a\u00f1os de la \u00e9poca dorada del rally: el Grupo B\",\"inLanguage\":\"es\",\"potentialAction\":[{\"@type\":\"ReadAction\",\"target\":[\"https:\/\/us.as.com\/autos\/actualidad\/race-for-glory-la-pelicula-de-la-rivalidad-entre-audi-y-lancia\/\"]}]},{\"@type\":\"ImageObject\",\"inLanguage\":\"es\",\"@id\":\"https:\/\/us.as.com\/autos\/actualidad\/race-for-glory-la-pelicula-de-la-rivalidad-entre-audi-y-lancia\/#primaryimage\",\"url\":\"https:\/\/us.as.com\/autos\/wp-content\/uploads\/2023\/12\/maxresdefault-10-1.jpg\",\"contentUrl\":\"https:\/\/us.as.com\/autos\/wp-content\/uploads\/2023\/12\/maxresdefault-10-1.jpg\",\"width\":1280,\"height\":720,\"caption\":\"Race of Glory\"},{\"@type\":\"WebSite\",\"@id\":\"https:\/\/us.as.com\/autos\/#website\",\"url\":\"https:\/\/us.as.com\/autos\/\",\"name\":\"Autos\",\"description\":\"\",\"potentialAction\":[{\"@type\":\"SearchAction\",\"target\":{\"@type\":\"EntryPoint\",\"urlTemplate\":\"https:\/\/us.as.com\/autos\/?s={search_term_string}\"},\"query-input\":{\"@type\":\"PropertyValueSpecification\",\"valueRequired\":true,\"valueName\":\"search_term_string\"}}],\"inLanguage\":\"es\"},{\"@type\":\"Person\",\"@id\":\"https:\/\/us.as.com\/autos\/#\/schema\/person\/b59ded8d3d136c0f0f7adae8ab7f1712\",\"name\":\"Luis Hern\u00e1ndez del Arco\",\"image\":{\"@type\":\"ImageObject\",\"inLanguage\":\"es\",\"@id\":\"https:\/\/us.as.com\/autos\/#\/schema\/person\/image\/\",\"url\":\"https:\/\/secure.gravatar.com\/avatar\/c2b7262a4ee821aa4260ed5f07cfd999?s=96&d=mm&r=g\",\"contentUrl\":\"https:\/\/secure.gravatar.com\/avatar\/c2b7262a4ee821aa4260ed5f07cfd999?s=96&d=mm&r=g\",\"caption\":\"Luis Hern\u00e1ndez del Arco\"},\"sameAs\":[\"https:\/\/us.as.com\/autos\/\",\"https:\/\/www.instagram.com\/luisdelarcoh\",\"https:\/\/x.com\/https:\/\/x.com\/ldelarco\"],\"gender\":\"Hombre\",\"jobTitle\":\"Editor\",\"worksFor\":\"Grupo Prisa\",\"url\":\"https:\/\/us.as.com\/autos\/autor\/lhernandezd\/\"}]}<\/script>\n<!-- \/ Yoast SEO Premium plugin. -->","yoast_head_json":{"title":"Race for Glory: La pel\u00edcula de la rivalidad entre Audi y Lancia - Autos","description":"Race for Glory ofrece una visi\u00f3n realista y emocionante de los primeros a\u00f1os de la \u00e9poca dorada del rally: el Grupo B","robots":{"index":"index","follow":"follow","max-snippet":"max-snippet:-1","max-image-preview":"max-image-preview:large","max-video-preview":"max-video-preview:-1"},"canonical":"https:\/\/us.as.com\/autos\/actualidad\/race-for-glory-la-pelicula-de-la-rivalidad-entre-audi-y-lancia\/","og_locale":"es_ES","og_type":"article","og_title":"Race for Glory: La pel\u00edcula de la rivalidad entre Audi y Lancia - Autos","og_description":"Race for Glory ofrece una visi\u00f3n realista y emocionante de los primeros a\u00f1os de la \u00e9poca dorada del rally: el Grupo B","og_url":"https:\/\/us.as.com\/autos\/actualidad\/race-for-glory-la-pelicula-de-la-rivalidad-entre-audi-y-lancia\/","og_site_name":"Autos","article_published_time":"2023-12-13T11:54:44+00:00","article_modified_time":"2023-12-18T19:56:31+00:00","og_image":[{"width":1280,"height":720,"url":"https:\/\/us.as.com\/autos\/wp-content\/uploads\/2023\/12\/maxresdefault-10-1.jpg","type":"image\/jpeg"}],"author":"Luis Hern\u00e1ndez del Arco","twitter_card":"summary_large_image","twitter_creator":"@https:\/\/x.com\/ldelarco","twitter_misc":{"Escrito por":"Luis Hern\u00e1ndez del Arco","Tiempo de lectura":"3 minutos"},"schema":{"@context":"https:\/\/schema.org","@graph":[{"@type":"WebPage","@id":"https:\/\/us.as.com\/autos\/actualidad\/race-for-glory-la-pelicula-de-la-rivalidad-entre-audi-y-lancia\/","url":"https:\/\/us.as.com\/autos\/actualidad\/race-for-glory-la-pelicula-de-la-rivalidad-entre-audi-y-lancia\/","name":"Race for Glory: La pel\u00edcula de la rivalidad entre Audi y Lancia - Autos","isPartOf":{"@id":"https:\/\/us.as.com\/autos\/#website"},"primaryImageOfPage":{"@id":"https:\/\/us.as.com\/autos\/actualidad\/race-for-glory-la-pelicula-de-la-rivalidad-entre-audi-y-lancia\/#primaryimage"},"image":{"@id":"https:\/\/us.as.com\/autos\/actualidad\/race-for-glory-la-pelicula-de-la-rivalidad-entre-audi-y-lancia\/#primaryimage"},"thumbnailUrl":"https:\/\/us.as.com\/autos\/wp-content\/uploads\/2023\/12\/maxresdefault-10-1.jpg","datePublished":"2023-12-13T11:54:44+00:00","dateModified":"2023-12-18T19:56:31+00:00","author":{"@id":"https:\/\/us.as.com\/autos\/#\/schema\/person\/b59ded8d3d136c0f0f7adae8ab7f1712"},"description":"Race for Glory ofrece una visi\u00f3n realista y emocionante de los primeros a\u00f1os de la \u00e9poca dorada del rally: el Grupo B","inLanguage":"es","potentialAction":[{"@type":"ReadAction","target":["https:\/\/us.as.com\/autos\/actualidad\/race-for-glory-la-pelicula-de-la-rivalidad-entre-audi-y-lancia\/"]}]},{"@type":"ImageObject","inLanguage":"es","@id":"https:\/\/us.as.com\/autos\/actualidad\/race-for-glory-la-pelicula-de-la-rivalidad-entre-audi-y-lancia\/#primaryimage","url":"https:\/\/us.as.com\/autos\/wp-content\/uploads\/2023\/12\/maxresdefault-10-1.jpg","contentUrl":"https:\/\/us.as.com\/autos\/wp-content\/uploads\/2023\/12\/maxresdefault-10-1.jpg","width":1280,"height":720,"caption":"Race of Glory"},{"@type":"WebSite","@id":"https:\/\/us.as.com\/autos\/#website","url":"https:\/\/us.as.com\/autos\/","name":"Autos","description":"","potentialAction":[{"@type":"SearchAction","target":{"@type":"EntryPoint","urlTemplate":"https:\/\/us.as.com\/autos\/?s={search_term_string}"},"query-input":{"@type":"PropertyValueSpecification","valueRequired":true,"valueName":"search_term_string"}}],"inLanguage":"es"},{"@type":"Person","@id":"https:\/\/us.as.com\/autos\/#\/schema\/person\/b59ded8d3d136c0f0f7adae8ab7f1712","name":"Luis Hern\u00e1ndez del Arco","image":{"@type":"ImageObject","inLanguage":"es","@id":"https:\/\/us.as.com\/autos\/#\/schema\/person\/image\/","url":"https:\/\/secure.gravatar.com\/avatar\/c2b7262a4ee821aa4260ed5f07cfd999?s=96&d=mm&r=g","contentUrl":"https:\/\/secure.gravatar.com\/avatar\/c2b7262a4ee821aa4260ed5f07cfd999?s=96&d=mm&r=g","caption":"Luis Hern\u00e1ndez del Arco"},"sameAs":["https:\/\/us.as.com\/autos\/","https:\/\/www.instagram.com\/luisdelarcoh","https:\/\/x.com\/https:\/\/x.com\/ldelarco"],"gender":"Hombre","jobTitle":"Editor","worksFor":"Grupo Prisa","url":"https:\/\/us.as.com\/autos\/autor\/lhernandezd\/"}]}},"amp_enabled":true,"_links":{"self":[{"href":"https:\/\/us.as.com\/autos\/wp-json\/wp\/v2\/posts\/581","targetHints":{"allow":["GET"]}}],"collection":[{"href":"https:\/\/us.as.com\/autos\/wp-json\/wp\/v2\/posts"}],"about":[{"href":"https:\/\/us.as.com\/autos\/wp-json\/wp\/v2\/types\/post"}],"author":[{"embeddable":true,"href":"https:\/\/us.as.com\/autos\/wp-json\/wp\/v2\/users\/9"}],"replies":[{"embeddable":true,"href":"https:\/\/us.as.com\/autos\/wp-json\/wp\/v2\/comments?post=581"}],"version-history":[{"count":3,"href":"https:\/\/us.as.com\/autos\/wp-json\/wp\/v2\/posts\/581\/revisions"}],"predecessor-version":[{"id":586,"href":"https:\/\/us.as.com\/autos\/wp-json\/wp\/v2\/posts\/581\/revisions\/586"}],"wp:featuredmedia":[{"embeddable":true,"href":"https:\/\/us.as.com\/autos\/wp-json\/wp\/v2\/media\/587"}],"wp:attachment":[{"href":"https:\/\/us.as.com\/autos\/wp-json\/wp\/v2\/media?parent=581"}],"wp:term":[{"taxonomy":"category","embeddable":true,"href":"https:\/\/us.as.com\/autos\/wp-json\/wp\/v2\/categories?post=581"},{"taxonomy":"post_tag","embeddable":true,"href":"https:\/\/us.as.com\/autos\/wp-json\/wp\/v2\/tags?post=581"},{"taxonomy":"marcas","embeddable":true,"href":"https:\/\/us.as.com\/autos\/wp-json\/wp\/v2\/marcas?post=581"}],"curies":[{"name":"wp","href":"https:\/\/api.w.org\/{rel}","templated":true}]}}