{"id":5411,"date":"2024-08-28T18:22:42","date_gmt":"2024-08-28T16:22:42","guid":{"rendered":"https:\/\/us.as.com\/autos\/?p=5411"},"modified":"2024-08-28T18:22:43","modified_gmt":"2024-08-28T16:22:43","slug":"mini-countryman-se-all4-2025-ahora-es-un-suv-electrico","status":"publish","type":"post","link":"https:\/\/us.as.com\/autos\/marcas\/mini-countryman-se-all4-2025-ahora-es-un-suv-electrico\/","title":{"rendered":"MINI Countryman SE ALL4 2025: Ahora es un SUV el\u00e9ctrico"},"content":{"rendered":"\n<p>Con todo y que la popularidad de los autos el\u00e9ctricos no es la esperada, MINI sigue apostando por esta alternativa de movilidad, y ahora lo hace con la nueva generaci\u00f3n del Countryman, que se presenta como un SUV el\u00e9ctrico.\u00a0<\/p>\n\n\n\n<p>As\u00ed pues, con la llegada del Countryman SE ALL4 2025, MINI\u00a0 introduce su primera camioneta totalmente el\u00e9ctrica en Estados Unidos, y, de paso, celebra 65 a\u00f1os de historia desde que el primer MINI Mark I sali\u00f3 de la l\u00ednea de producci\u00f3n en 1959.<\/p>\n\n\n\n<p>Este nuevo modelo destaca por su dise\u00f1o moderno y minimalista, manteniendo el estilo inconfundible de MINI, pero ahora con el impulso de un motor el\u00e9ctrico.<\/p>\n\n\n\n<figure class=\"wp-block-image size-large\"><img decoding=\"async\" width=\"1024\" height=\"576\" src=\"https:\/\/us.as.com\/autos\/wp-content\/uploads\/2024\/08\/P90528240_highRes-1024x576.jpg\" alt=\"\" class=\"wp-image-5413\" srcset=\"https:\/\/us.as.com\/autos\/wp-content\/uploads\/2024\/08\/P90528240_highRes-1024x576.jpg 1024w, https:\/\/us.as.com\/autos\/wp-content\/uploads\/2024\/08\/P90528240_highRes-300x169.jpg 300w, https:\/\/us.as.com\/autos\/wp-content\/uploads\/2024\/08\/P90528240_highRes-768x432.jpg 768w, https:\/\/us.as.com\/autos\/wp-content\/uploads\/2024\/08\/P90528240_highRes-1536x864.jpg 1536w, https:\/\/us.as.com\/autos\/wp-content\/uploads\/2024\/08\/P90528240_highRes-2048x1152.jpg 2048w, https:\/\/us.as.com\/autos\/wp-content\/uploads\/2024\/08\/P90528240_highRes-1200x675.jpg 1200w, https:\/\/us.as.com\/autos\/wp-content\/uploads\/2024\/08\/P90528240_highRes-800x450.jpg 800w, https:\/\/us.as.com\/autos\/wp-content\/uploads\/2024\/08\/P90528240_highRes-450x253.jpg 450w\" sizes=\"(max-width: 1024px) 100vw, 1024px\" \/><\/figure>\n\n\n\n<h3 class=\"wp-block-heading\" id=\"h-diseno-y-potencia-en-un-formato-electrico\"><strong>Dise\u00f1o y potencia en un formato el\u00e9ctrico<\/strong><\/h3>\n\n\n\n<p>A primera vista, es inconfundible como un MINI, con su distintivo estilo compacto. Para el exterior, ee pueden elegir entre dos paquetes de estilo que realzan diferentes aspectos del dise\u00f1o exterior e interior del veh\u00edculo.&nbsp;<\/p>\n\n\n\n<p>Por primera vez, se incluye el tono Vibrant Silver en la gama de colores para los techos contrastantes caracter\u00edsticos de MINI, lo que a\u00f1ade un toque de frescura al aspecto general del veh\u00edculo.<\/p>\n\n\n\n<p>Y la sensaci\u00f3n de conducci\u00f3n tipo \u201cgo-kart\u201d que siempre ha definido a estos veh\u00edculos, sigue en pie en este modelo, solo que las cosas han cambiado dr\u00e1sticamente.&nbsp;<\/p>\n\n\n\n<p>Ahora, este SUV est\u00e1 propulsado por dos motores el\u00e9ctricos que, en conjunto, ofrecen una potencia de 308 hp y 364 libras-pie de torque. Estas cifras se traducen en un desempe\u00f1o notable, permitiendo una aceleraci\u00f3n de 0 a 60 mph en tan solo 5.4 segundos (100 km\/h en 5.5 segundos).<\/p>\n\n\n\n<figure class=\"wp-block-image size-large\"><img decoding=\"async\" width=\"1024\" height=\"576\" src=\"https:\/\/us.as.com\/autos\/wp-content\/uploads\/2024\/08\/P90528209_highRes-1024x576.jpg\" alt=\"\" class=\"wp-image-5415\" srcset=\"https:\/\/us.as.com\/autos\/wp-content\/uploads\/2024\/08\/P90528209_highRes-1024x576.jpg 1024w, https:\/\/us.as.com\/autos\/wp-content\/uploads\/2024\/08\/P90528209_highRes-300x169.jpg 300w, https:\/\/us.as.com\/autos\/wp-content\/uploads\/2024\/08\/P90528209_highRes-768x432.jpg 768w, https:\/\/us.as.com\/autos\/wp-content\/uploads\/2024\/08\/P90528209_highRes-1536x864.jpg 1536w, https:\/\/us.as.com\/autos\/wp-content\/uploads\/2024\/08\/P90528209_highRes-2048x1152.jpg 2048w, https:\/\/us.as.com\/autos\/wp-content\/uploads\/2024\/08\/P90528209_highRes-1200x675.jpg 1200w, https:\/\/us.as.com\/autos\/wp-content\/uploads\/2024\/08\/P90528209_highRes-800x450.jpg 800w, https:\/\/us.as.com\/autos\/wp-content\/uploads\/2024\/08\/P90528209_highRes-450x253.jpg 450w\" sizes=\"(max-width: 1024px) 100vw, 1024px\" \/><\/figure>\n\n\n\n<p>Para conseguir la mejor experiencia de manejo, este modelo ofrece los llamados \u201cMINI Experience Modes\u201d, modos de conducci\u00f3n que ajustan diversos par\u00e1metros del veh\u00edculo para ofrecer experiencias de manejo m\u00e1s personalizadas y din\u00e1micas. Dependiendo del modo seleccionado, el conductor puede disfrutar de una conducci\u00f3n m\u00e1s deportiva, relajada o eficiente, lo que a\u00f1ade una capa adicional de personalizaci\u00f3n al viaje.<\/p>\n\n\n\n<p>Con una autonom\u00eda de hasta 212 millas (340 kil\u00f3metros) con una sola carga, este SUV es ideal para quienes buscan un veh\u00edculo el\u00e9ctrico que pueda manejar tanto los desplazamientos diarios como las escapadas de fin de semana.&nbsp;<\/p>\n\n\n\n<p>Y para aquellos preocupados por el tiempo de carga, MINI ha equipado este modelo con carga r\u00e1pida en corriente continua (DC) de hasta 130 kW, lo que permite cargar la bater\u00eda del 10% al 80% en menos de 30 minutos.<\/p>\n\n\n\n<h3 class=\"wp-block-heading\" id=\"h-tecnologia-y-conectividad-nbsp\"><strong>Tecnolog\u00eda y conectividad&nbsp;<\/strong><\/h3>\n\n\n\n<p>Todo el interior del MINI Countryman SE ALL4 est\u00e1 pensado para ofrecer una experiencia de conducci\u00f3n envolvente y c\u00f3moda. Al centro del tablero se encuentra una pantalla OLED redonda que, adem\u00e1s de ser el centro de control del sistema de infoentretenimiento, gestiona las funciones de asistencia al conductor.&nbsp;<\/p>\n\n\n\n<p>Asimismo, con el nuevo sistema operativo MINI Operating System 9, todo es intuitivo. Se puede interactuar mediante la pantalla t\u00e1ctil o mediante comandos de voz, lo que facilita su uso mientras se conduce.<\/p>\n\n\n\n<figure class=\"wp-block-image size-large\"><img decoding=\"async\" width=\"1024\" height=\"576\" src=\"https:\/\/us.as.com\/autos\/wp-content\/uploads\/2024\/08\/P90528253_highRes-1024x576.jpg\" alt=\"\" class=\"wp-image-5412\" srcset=\"https:\/\/us.as.com\/autos\/wp-content\/uploads\/2024\/08\/P90528253_highRes-1024x576.jpg 1024w, https:\/\/us.as.com\/autos\/wp-content\/uploads\/2024\/08\/P90528253_highRes-300x169.jpg 300w, https:\/\/us.as.com\/autos\/wp-content\/uploads\/2024\/08\/P90528253_highRes-768x432.jpg 768w, https:\/\/us.as.com\/autos\/wp-content\/uploads\/2024\/08\/P90528253_highRes-1536x864.jpg 1536w, https:\/\/us.as.com\/autos\/wp-content\/uploads\/2024\/08\/P90528253_highRes-2048x1152.jpg 2048w, https:\/\/us.as.com\/autos\/wp-content\/uploads\/2024\/08\/P90528253_highRes-1200x675.jpg 1200w, https:\/\/us.as.com\/autos\/wp-content\/uploads\/2024\/08\/P90528253_highRes-800x450.jpg 800w, https:\/\/us.as.com\/autos\/wp-content\/uploads\/2024\/08\/P90528253_highRes-450x253.jpg 450w\" sizes=\"(max-width: 1024px) 100vw, 1024px\" \/><\/figure>\n\n\n\n<h3 class=\"wp-block-heading\" id=\"h-mini-countryman-disponibilidad-y-precio\"><strong>MINI Countryman: Disponibilidad y precio<\/strong><\/h3>\n\n\n\n<p>Tras su debut en Am\u00e9rica del Norte en septiembre pasado durante la Climate Week en Nueva York, el MINI Countryman SE ALL4 est\u00e1 listo para llegar a los concesionarios MINI en todo Estados Unidos este septiembre.&nbsp;<\/p>\n\n\n\n<p>Con un precio inicial de $45,200 m\u00e1s una tarifa de destino y manejo de $995, este SUV el\u00e9ctrico se posiciona como una opci\u00f3n atractiva para aquellos que buscan un veh\u00edculo con el estilo y la diversi\u00f3n de MINI, pero con una experiencia de manejo el\u00e9ctrica.&nbsp;<\/p>\n","protected":false},"excerpt":{"rendered":"<p>Con todo y que la popularidad de los autos el\u00e9ctricos no es la esperada, MINI sigue apostando por esta alternativa de movilidad, y ahora lo hace con la nueva generaci\u00f3n del Countryman, que se presenta como un SUV el\u00e9ctrico.\u00a0 As\u00ed pues, con la llegada del Countryman SE ALL4 2025, MINI\u00a0 introduce su primera camioneta totalmente [&hellip;]<\/p>\n","protected":false},"author":9,"featured_media":5417,"comment_status":"open","ping_status":"open","sticky":false,"template":"","format":"standard","meta":{"_acf_changed":false,"footnotes":""},"categories":[166],"tags":[203,44],"marcas":[257],"class_list":["post-5411","post","type-post","status-publish","format-standard","has-post-thumbnail","hentry","category-marcas","tag-autos-electricos","tag-suv","marcas-mini","cat-166-id"],"acf":[],"yoast_head":"<!-- This site is optimized with the Yoast SEO Premium plugin  - https:\/\/yoast.com\/wordpress\/plugins\/seo\/ -->\n<title>MINI Countryman SE ALL4 2025: Ahora es un SUV el\u00e9ctrico - Autos<\/title>\n<meta name=\"description\" content=\"MINI est\u00e1 dando la bienvenida al nuevo MINI Countryman SE ALL4 totalmente el\u00e9ctrico, justo cuando la marca celebra su 65 aniversario\" \/>\n<meta name=\"robots\" content=\"index, follow, max-snippet:-1, max-image-preview:large, max-video-preview:-1\" \/>\n<link rel=\"canonical\" href=\"https:\/\/us.as.com\/autos\/marcas\/mini-countryman-se-all4-2025-ahora-es-un-suv-electrico\/\" \/>\n<meta property=\"og:locale\" content=\"es_ES\" \/>\n<meta property=\"og:type\" content=\"article\" \/>\n<meta property=\"og:title\" content=\"MINI Countryman SE ALL4 2025: Ahora es un SUV el\u00e9ctrico - Autos\" \/>\n<meta property=\"og:description\" content=\"MINI est\u00e1 dando la bienvenida al nuevo MINI Countryman SE ALL4 totalmente el\u00e9ctrico, justo cuando la marca celebra su 65 aniversario\" \/>\n<meta property=\"og:url\" content=\"https:\/\/us.as.com\/autos\/marcas\/mini-countryman-se-all4-2025-ahora-es-un-suv-electrico\/\" \/>\n<meta property=\"og:site_name\" content=\"Autos\" \/>\n<meta property=\"article:published_time\" content=\"2024-08-28T16:22:42+00:00\" \/>\n<meta property=\"article:modified_time\" content=\"2024-08-28T16:22:43+00:00\" \/>\n<meta property=\"og:image\" content=\"https:\/\/us.as.com\/autos\/wp-content\/uploads\/2024\/08\/P90528228_highRes-scaled.jpg\" \/>\n\t<meta property=\"og:image:width\" content=\"2560\" \/>\n\t<meta property=\"og:image:height\" content=\"1440\" \/>\n\t<meta property=\"og:image:type\" content=\"image\/jpeg\" \/>\n<meta name=\"author\" content=\"Luis Hern\u00e1ndez del Arco\" \/>\n<meta name=\"twitter:card\" content=\"summary_large_image\" \/>\n<meta name=\"twitter:creator\" content=\"@https:\/\/x.com\/ldelarco\" \/>\n<meta name=\"twitter:label1\" content=\"Escrito por\" \/>\n\t<meta name=\"twitter:data1\" content=\"Luis Hern\u00e1ndez del Arco\" \/>\n\t<meta name=\"twitter:label2\" content=\"Tiempo de lectura\" \/>\n\t<meta name=\"twitter:data2\" content=\"4 minutos\" \/>\n<script type=\"application\/ld+json\" class=\"yoast-schema-graph\">{\"@context\":\"https:\/\/schema.org\",\"@graph\":[{\"@type\":\"WebPage\",\"@id\":\"https:\/\/us.as.com\/autos\/marcas\/mini-countryman-se-all4-2025-ahora-es-un-suv-electrico\/\",\"url\":\"https:\/\/us.as.com\/autos\/marcas\/mini-countryman-se-all4-2025-ahora-es-un-suv-electrico\/\",\"name\":\"MINI Countryman SE ALL4 2025: Ahora es un SUV el\u00e9ctrico - Autos\",\"isPartOf\":{\"@id\":\"https:\/\/us.as.com\/autos\/#website\"},\"primaryImageOfPage\":{\"@id\":\"https:\/\/us.as.com\/autos\/marcas\/mini-countryman-se-all4-2025-ahora-es-un-suv-electrico\/#primaryimage\"},\"image\":{\"@id\":\"https:\/\/us.as.com\/autos\/marcas\/mini-countryman-se-all4-2025-ahora-es-un-suv-electrico\/#primaryimage\"},\"thumbnailUrl\":\"https:\/\/us.as.com\/autos\/wp-content\/uploads\/2024\/08\/P90528228_highRes-scaled.jpg\",\"datePublished\":\"2024-08-28T16:22:42+00:00\",\"dateModified\":\"2024-08-28T16:22:43+00:00\",\"author\":{\"@id\":\"https:\/\/us.as.com\/autos\/#\/schema\/person\/b59ded8d3d136c0f0f7adae8ab7f1712\"},\"description\":\"MINI est\u00e1 dando la bienvenida al nuevo MINI Countryman SE ALL4 totalmente el\u00e9ctrico, justo cuando la marca celebra su 65 aniversario\",\"inLanguage\":\"es\",\"potentialAction\":[{\"@type\":\"ReadAction\",\"target\":[\"https:\/\/us.as.com\/autos\/marcas\/mini-countryman-se-all4-2025-ahora-es-un-suv-electrico\/\"]}]},{\"@type\":\"ImageObject\",\"inLanguage\":\"es\",\"@id\":\"https:\/\/us.as.com\/autos\/marcas\/mini-countryman-se-all4-2025-ahora-es-un-suv-electrico\/#primaryimage\",\"url\":\"https:\/\/us.as.com\/autos\/wp-content\/uploads\/2024\/08\/P90528228_highRes-scaled.jpg\",\"contentUrl\":\"https:\/\/us.as.com\/autos\/wp-content\/uploads\/2024\/08\/P90528228_highRes-scaled.jpg\",\"width\":2560,\"height\":1440},{\"@type\":\"WebSite\",\"@id\":\"https:\/\/us.as.com\/autos\/#website\",\"url\":\"https:\/\/us.as.com\/autos\/\",\"name\":\"Autos\",\"description\":\"\",\"potentialAction\":[{\"@type\":\"SearchAction\",\"target\":{\"@type\":\"EntryPoint\",\"urlTemplate\":\"https:\/\/us.as.com\/autos\/?s={search_term_string}\"},\"query-input\":{\"@type\":\"PropertyValueSpecification\",\"valueRequired\":true,\"valueName\":\"search_term_string\"}}],\"inLanguage\":\"es\"},{\"@type\":\"Person\",\"@id\":\"https:\/\/us.as.com\/autos\/#\/schema\/person\/b59ded8d3d136c0f0f7adae8ab7f1712\",\"name\":\"Luis Hern\u00e1ndez del Arco\",\"image\":{\"@type\":\"ImageObject\",\"inLanguage\":\"es\",\"@id\":\"https:\/\/us.as.com\/autos\/#\/schema\/person\/image\/\",\"url\":\"https:\/\/secure.gravatar.com\/avatar\/c2b7262a4ee821aa4260ed5f07cfd999?s=96&d=mm&r=g\",\"contentUrl\":\"https:\/\/secure.gravatar.com\/avatar\/c2b7262a4ee821aa4260ed5f07cfd999?s=96&d=mm&r=g\",\"caption\":\"Luis Hern\u00e1ndez del Arco\"},\"sameAs\":[\"https:\/\/us.as.com\/autos\/\",\"https:\/\/www.instagram.com\/luisdelarcoh\",\"https:\/\/x.com\/https:\/\/x.com\/ldelarco\"],\"gender\":\"Hombre\",\"jobTitle\":\"Editor\",\"worksFor\":\"Grupo Prisa\",\"url\":\"https:\/\/us.as.com\/autos\/autor\/lhernandezd\/\"}]}<\/script>\n<!-- \/ Yoast SEO Premium plugin. -->","yoast_head_json":{"title":"MINI Countryman SE ALL4 2025: Ahora es un SUV el\u00e9ctrico - Autos","description":"MINI est\u00e1 dando la bienvenida al nuevo MINI Countryman SE ALL4 totalmente el\u00e9ctrico, justo cuando la marca celebra su 65 aniversario","robots":{"index":"index","follow":"follow","max-snippet":"max-snippet:-1","max-image-preview":"max-image-preview:large","max-video-preview":"max-video-preview:-1"},"canonical":"https:\/\/us.as.com\/autos\/marcas\/mini-countryman-se-all4-2025-ahora-es-un-suv-electrico\/","og_locale":"es_ES","og_type":"article","og_title":"MINI Countryman SE ALL4 2025: Ahora es un SUV el\u00e9ctrico - Autos","og_description":"MINI est\u00e1 dando la bienvenida al nuevo MINI Countryman SE ALL4 totalmente el\u00e9ctrico, justo cuando la marca celebra su 65 aniversario","og_url":"https:\/\/us.as.com\/autos\/marcas\/mini-countryman-se-all4-2025-ahora-es-un-suv-electrico\/","og_site_name":"Autos","article_published_time":"2024-08-28T16:22:42+00:00","article_modified_time":"2024-08-28T16:22:43+00:00","og_image":[{"width":2560,"height":1440,"url":"https:\/\/us.as.com\/autos\/wp-content\/uploads\/2024\/08\/P90528228_highRes-scaled.jpg","type":"image\/jpeg"}],"author":"Luis Hern\u00e1ndez del Arco","twitter_card":"summary_large_image","twitter_creator":"@https:\/\/x.com\/ldelarco","twitter_misc":{"Escrito por":"Luis Hern\u00e1ndez del Arco","Tiempo de lectura":"4 minutos"},"schema":{"@context":"https:\/\/schema.org","@graph":[{"@type":"WebPage","@id":"https:\/\/us.as.com\/autos\/marcas\/mini-countryman-se-all4-2025-ahora-es-un-suv-electrico\/","url":"https:\/\/us.as.com\/autos\/marcas\/mini-countryman-se-all4-2025-ahora-es-un-suv-electrico\/","name":"MINI Countryman SE ALL4 2025: Ahora es un SUV el\u00e9ctrico - Autos","isPartOf":{"@id":"https:\/\/us.as.com\/autos\/#website"},"primaryImageOfPage":{"@id":"https:\/\/us.as.com\/autos\/marcas\/mini-countryman-se-all4-2025-ahora-es-un-suv-electrico\/#primaryimage"},"image":{"@id":"https:\/\/us.as.com\/autos\/marcas\/mini-countryman-se-all4-2025-ahora-es-un-suv-electrico\/#primaryimage"},"thumbnailUrl":"https:\/\/us.as.com\/autos\/wp-content\/uploads\/2024\/08\/P90528228_highRes-scaled.jpg","datePublished":"2024-08-28T16:22:42+00:00","dateModified":"2024-08-28T16:22:43+00:00","author":{"@id":"https:\/\/us.as.com\/autos\/#\/schema\/person\/b59ded8d3d136c0f0f7adae8ab7f1712"},"description":"MINI est\u00e1 dando la bienvenida al nuevo MINI Countryman SE ALL4 totalmente el\u00e9ctrico, justo cuando la marca celebra su 65 aniversario","inLanguage":"es","potentialAction":[{"@type":"ReadAction","target":["https:\/\/us.as.com\/autos\/marcas\/mini-countryman-se-all4-2025-ahora-es-un-suv-electrico\/"]}]},{"@type":"ImageObject","inLanguage":"es","@id":"https:\/\/us.as.com\/autos\/marcas\/mini-countryman-se-all4-2025-ahora-es-un-suv-electrico\/#primaryimage","url":"https:\/\/us.as.com\/autos\/wp-content\/uploads\/2024\/08\/P90528228_highRes-scaled.jpg","contentUrl":"https:\/\/us.as.com\/autos\/wp-content\/uploads\/2024\/08\/P90528228_highRes-scaled.jpg","width":2560,"height":1440},{"@type":"WebSite","@id":"https:\/\/us.as.com\/autos\/#website","url":"https:\/\/us.as.com\/autos\/","name":"Autos","description":"","potentialAction":[{"@type":"SearchAction","target":{"@type":"EntryPoint","urlTemplate":"https:\/\/us.as.com\/autos\/?s={search_term_string}"},"query-input":{"@type":"PropertyValueSpecification","valueRequired":true,"valueName":"search_term_string"}}],"inLanguage":"es"},{"@type":"Person","@id":"https:\/\/us.as.com\/autos\/#\/schema\/person\/b59ded8d3d136c0f0f7adae8ab7f1712","name":"Luis Hern\u00e1ndez del Arco","image":{"@type":"ImageObject","inLanguage":"es","@id":"https:\/\/us.as.com\/autos\/#\/schema\/person\/image\/","url":"https:\/\/secure.gravatar.com\/avatar\/c2b7262a4ee821aa4260ed5f07cfd999?s=96&d=mm&r=g","contentUrl":"https:\/\/secure.gravatar.com\/avatar\/c2b7262a4ee821aa4260ed5f07cfd999?s=96&d=mm&r=g","caption":"Luis Hern\u00e1ndez del Arco"},"sameAs":["https:\/\/us.as.com\/autos\/","https:\/\/www.instagram.com\/luisdelarcoh","https:\/\/x.com\/https:\/\/x.com\/ldelarco"],"gender":"Hombre","jobTitle":"Editor","worksFor":"Grupo Prisa","url":"https:\/\/us.as.com\/autos\/autor\/lhernandezd\/"}]}},"amp_enabled":true,"_links":{"self":[{"href":"https:\/\/us.as.com\/autos\/wp-json\/wp\/v2\/posts\/5411","targetHints":{"allow":["GET"]}}],"collection":[{"href":"https:\/\/us.as.com\/autos\/wp-json\/wp\/v2\/posts"}],"about":[{"href":"https:\/\/us.as.com\/autos\/wp-json\/wp\/v2\/types\/post"}],"author":[{"embeddable":true,"href":"https:\/\/us.as.com\/autos\/wp-json\/wp\/v2\/users\/9"}],"replies":[{"embeddable":true,"href":"https:\/\/us.as.com\/autos\/wp-json\/wp\/v2\/comments?post=5411"}],"version-history":[{"count":1,"href":"https:\/\/us.as.com\/autos\/wp-json\/wp\/v2\/posts\/5411\/revisions"}],"predecessor-version":[{"id":5418,"href":"https:\/\/us.as.com\/autos\/wp-json\/wp\/v2\/posts\/5411\/revisions\/5418"}],"wp:featuredmedia":[{"embeddable":true,"href":"https:\/\/us.as.com\/autos\/wp-json\/wp\/v2\/media\/5417"}],"wp:attachment":[{"href":"https:\/\/us.as.com\/autos\/wp-json\/wp\/v2\/media?parent=5411"}],"wp:term":[{"taxonomy":"category","embeddable":true,"href":"https:\/\/us.as.com\/autos\/wp-json\/wp\/v2\/categories?post=5411"},{"taxonomy":"post_tag","embeddable":true,"href":"https:\/\/us.as.com\/autos\/wp-json\/wp\/v2\/tags?post=5411"},{"taxonomy":"marcas","embeddable":true,"href":"https:\/\/us.as.com\/autos\/wp-json\/wp\/v2\/marcas?post=5411"}],"curies":[{"name":"wp","href":"https:\/\/api.w.org\/{rel}","templated":true}]}}