{"id":5313,"date":"2024-08-23T19:19:36","date_gmt":"2024-08-23T17:19:36","guid":{"rendered":"https:\/\/us.as.com\/autos\/?p=5313"},"modified":"2024-08-23T19:19:37","modified_gmt":"2024-08-23T17:19:37","slug":"cual-es-el-mejor-auto-de-los-ultimos-50-anos","status":"publish","type":"post","link":"https:\/\/us.as.com\/autos\/curiosidades\/cual-es-el-mejor-auto-de-los-ultimos-50-anos\/","title":{"rendered":"\u00bfCu\u00e1l es el mejor auto de los \u00faltimos 50 a\u00f1os?"},"content":{"rendered":"\n<p>A pesar de lo compleja que es la tarea de seleccionar el mejor auto de los \u00faltimos 50 a\u00f1os, un grupo de expertos internacionales, compuesto por dise\u00f1adores de renombre, ingenieros, figuras del automovilismo, periodistas y m\u00e1s, se uni\u00f3 para elegir al mejor modelo.&nbsp;<\/p>\n\n\n\n<p>Tras un an\u00e1lisis exhaustivo y una votaci\u00f3n democr\u00e1tica, el Volkswagen Golf fue coronado como el \u201cMejor auto de los \u00faltimos 50 a\u00f1os\u201d en el Campeonato Mundial de Autos Nuevos, un logro que consolida su lugar en la historia automotriz.<\/p>\n\n\n\n<p>Fue en 1974 cuando el Volkswagen Golf vio la luz por primera vez en 1974, un a\u00f1o en el que la industria automotriz estaba en plena evoluci\u00f3n. Dise\u00f1ado por Giorgetto Giugiaro, un maestro del dise\u00f1o automotriz, este hatchback fue concebido como un auto compacto, pr\u00e1ctico y accesible para el p\u00fablico general.&nbsp;<\/p>\n\n\n\n<p>As\u00ed, desde su lanzamiento, este modelo se destac\u00f3 por su versatilidad y fiabilidad, caracter\u00edsticas que lo han mantenido en la cima durante d\u00e9cadas.<\/p>\n\n\n\n<p>Como parte de su \u00e9xito inmediato, el Volkswagen Golf defini\u00f3 una nueva categor\u00eda de veh\u00edculos, dando lugar a la denominada \u201cclase Golf\u201d, que abarca a todos aquellos autos compactos y de dise\u00f1o similar. Esta influencia en la industria es solo uno de los muchos logros que han llevado al Golf a ser considerado uno de los autos m\u00e1s importantes de la historia.<\/p>\n\n\n\n<figure class=\"wp-block-image size-large\"><img decoding=\"async\" width=\"1024\" height=\"576\" src=\"https:\/\/us.as.com\/autos\/wp-content\/uploads\/2024\/08\/DB2024AU01060_large-1024x576.jpg\" alt=\"\" class=\"wp-image-5314\" srcset=\"https:\/\/us.as.com\/autos\/wp-content\/uploads\/2024\/08\/DB2024AU01060_large-1024x576.jpg 1024w, https:\/\/us.as.com\/autos\/wp-content\/uploads\/2024\/08\/DB2024AU01060_large-300x169.jpg 300w, https:\/\/us.as.com\/autos\/wp-content\/uploads\/2024\/08\/DB2024AU01060_large-768x432.jpg 768w, https:\/\/us.as.com\/autos\/wp-content\/uploads\/2024\/08\/DB2024AU01060_large-1536x864.jpg 1536w, https:\/\/us.as.com\/autos\/wp-content\/uploads\/2024\/08\/DB2024AU01060_large-2048x1152.jpg 2048w, https:\/\/us.as.com\/autos\/wp-content\/uploads\/2024\/08\/DB2024AU01060_large-1200x675.jpg 1200w, https:\/\/us.as.com\/autos\/wp-content\/uploads\/2024\/08\/DB2024AU01060_large-800x450.jpg 800w, https:\/\/us.as.com\/autos\/wp-content\/uploads\/2024\/08\/DB2024AU01060_large-450x253.jpg 450w\" sizes=\"(max-width: 1024px) 100vw, 1024px\" \/><\/figure>\n\n\n\n<p><strong>Un modelo para todos<\/strong><\/p>\n\n\n\n<p>A lo largo de sus 50 a\u00f1os de existencia, el Volkswagen Golf ha demostrado ser un veh\u00edculo adaptable a las necesidades y gustos de una amplia gama de conductores. Desde versiones b\u00e1sicas hasta modelos m\u00e1s deportivos como el GTI y el R, este hatch ha sabido reinventarse y mantenerse relevante en un mercado altamente competitivo.<\/p>\n\n\n\n<p>Uno de los aspectos m\u00e1s impresionantes del Golf es su capacidad para evolucionar sin perder su esencia. A lo largo de sus diferentes generaciones, Volkswagen ha sabido integrar nuevas tecnolog\u00edas y adaptarse a las normativas medioambientales, todo mientras conserva el ADN.&nbsp;<\/p>\n\n\n\n<p>Desde sus primeras versiones con motores de gasolina y di\u00e9sel, hasta las actuales variantes h\u00edbridas y el\u00e9ctricas, el Golf ha sido un ejemplo de innovaci\u00f3n constante.<\/p>\n\n\n\n<figure class=\"wp-block-image size-large\"><img decoding=\"async\" width=\"1024\" height=\"576\" src=\"https:\/\/us.as.com\/autos\/wp-content\/uploads\/2024\/08\/DB2024AU01068_large-1024x576.jpg\" alt=\"\" class=\"wp-image-5315\" srcset=\"https:\/\/us.as.com\/autos\/wp-content\/uploads\/2024\/08\/DB2024AU01068_large-1024x576.jpg 1024w, https:\/\/us.as.com\/autos\/wp-content\/uploads\/2024\/08\/DB2024AU01068_large-300x169.jpg 300w, https:\/\/us.as.com\/autos\/wp-content\/uploads\/2024\/08\/DB2024AU01068_large-768x432.jpg 768w, https:\/\/us.as.com\/autos\/wp-content\/uploads\/2024\/08\/DB2024AU01068_large-1536x864.jpg 1536w, https:\/\/us.as.com\/autos\/wp-content\/uploads\/2024\/08\/DB2024AU01068_large-2048x1152.jpg 2048w, https:\/\/us.as.com\/autos\/wp-content\/uploads\/2024\/08\/DB2024AU01068_large-1200x675.jpg 1200w, https:\/\/us.as.com\/autos\/wp-content\/uploads\/2024\/08\/DB2024AU01068_large-800x450.jpg 800w, https:\/\/us.as.com\/autos\/wp-content\/uploads\/2024\/08\/DB2024AU01068_large-450x253.jpg 450w\" sizes=\"(max-width: 1024px) 100vw, 1024px\" \/><\/figure>\n\n\n\n<p><strong>Un \u00e9xito de ventas global<\/strong><\/p>\n\n\n\n<p>Con m\u00e1s de 37 millones de unidades vendidas a lo largo de cinco d\u00e9cadas, el Golf no solo es el auto m\u00e1s exitoso de Volkswagen, sino tambi\u00e9n uno de los m\u00e1s vendidos en la historia del autom\u00f3vil. Esta impresionante cifra es un testimonio de la popularidad, que ha sabido conquistar mercados en todo el mundo.<\/p>\n\n\n\n<p>En Europa, el Golf ha sido especialmente popular, siendo l\u00edder de ventas en numerosos pa\u00edses durante a\u00f1os. En Alemania, su pa\u00eds de origen, el Golf se ha convertido en un s\u00edmbolo de la ingenier\u00eda y es com\u00fanmente referido como \u201cel auto del pueblo\u201d. Esta relaci\u00f3n simbi\u00f3tica entre el auto y sus usuarios ha permitido que el Golf mantenga una posici\u00f3n de liderazgo en el mercado, a pesar de la creciente competencia.<\/p>\n\n\n\n<figure class=\"wp-block-image size-full\"><img decoding=\"async\" width=\"800\" height=\"450\" src=\"https:\/\/us.as.com\/autos\/wp-content\/uploads\/2024\/07\/turismos_nuevo-golf-r_conduccion_4motion_1280x720px.jpeg\" alt=\"Volkswagen Golf R\" class=\"wp-image-4619\" srcset=\"https:\/\/us.as.com\/autos\/wp-content\/uploads\/2024\/07\/turismos_nuevo-golf-r_conduccion_4motion_1280x720px.jpeg 800w, https:\/\/us.as.com\/autos\/wp-content\/uploads\/2024\/07\/turismos_nuevo-golf-r_conduccion_4motion_1280x720px-300x169.jpeg 300w, https:\/\/us.as.com\/autos\/wp-content\/uploads\/2024\/07\/turismos_nuevo-golf-r_conduccion_4motion_1280x720px-768x432.jpeg 768w, https:\/\/us.as.com\/autos\/wp-content\/uploads\/2024\/07\/turismos_nuevo-golf-r_conduccion_4motion_1280x720px-450x253.jpeg 450w\" sizes=\"(max-width: 800px) 100vw, 800px\" \/><\/figure>\n\n\n\n<p><strong>Curiosidades y logros<\/strong><\/p>\n\n\n\n<p>A lo largo de su historia, el Volkswagen Golf ha acumulado una serie de logros y curiosidades que refuerzan su estatus ic\u00f3nico. Por ejemplo, fue el primer auto compacto en ofrecer una versi\u00f3n con tracci\u00f3n en las cuatro ruedas, el Golf Syncro, lanzado en 1986. Este hito marc\u00f3 el inicio de una tendencia que luego ser\u00eda seguida por otros fabricantes en todo el mundo.<\/p>\n\n\n\n<p>Otra curiosidad interesante es que el Golf GTI, la versi\u00f3n deportiva del modelo, se lanz\u00f3 inicialmente como una edici\u00f3n limitada. Sin embargo, la demanda fue tan alta que Volkswagen decidi\u00f3 mantenerlo en producci\u00f3n, convirti\u00e9ndose en uno de los modelos deportivos compactos m\u00e1s exitosos de todos los tiempos.<\/p>\n\n\n\n<p>De igual manera, el Golf ha sido un pionero en la adopci\u00f3n de nuevas tecnolog\u00edas. En 1997, Volkswagen introdujo la primera versi\u00f3n del Golf con un motor TDI de inyecci\u00f3n directa, lo que marc\u00f3 el comienzo de una era de motores di\u00e9sel m\u00e1s eficientes y potentes. Esta innovaci\u00f3n, junto con muchas otras, ha permitido que el Golf se mantenga como un referente en su segmento.<\/p>\n\n\n\n<figure class=\"wp-block-image size-large\"><img decoding=\"async\" width=\"1024\" height=\"576\" src=\"https:\/\/us.as.com\/autos\/wp-content\/uploads\/2024\/01\/the-new-volkswagen-golf-gte-1024x576.jpg\" alt=\"\" class=\"wp-image-1540\" srcset=\"https:\/\/us.as.com\/autos\/wp-content\/uploads\/2024\/01\/the-new-volkswagen-golf-gte-1024x576.jpg 1024w, https:\/\/us.as.com\/autos\/wp-content\/uploads\/2024\/01\/the-new-volkswagen-golf-gte-300x169.jpg 300w, https:\/\/us.as.com\/autos\/wp-content\/uploads\/2024\/01\/the-new-volkswagen-golf-gte-768x432.jpg 768w, https:\/\/us.as.com\/autos\/wp-content\/uploads\/2024\/01\/the-new-volkswagen-golf-gte-1536x864.jpg 1536w, https:\/\/us.as.com\/autos\/wp-content\/uploads\/2024\/01\/the-new-volkswagen-golf-gte-1200x675.jpg 1200w, https:\/\/us.as.com\/autos\/wp-content\/uploads\/2024\/01\/the-new-volkswagen-golf-gte-800x450.jpg 800w, https:\/\/us.as.com\/autos\/wp-content\/uploads\/2024\/01\/the-new-volkswagen-golf-gte-450x253.jpg 450w, https:\/\/us.as.com\/autos\/wp-content\/uploads\/2024\/01\/the-new-volkswagen-golf-gte.jpg 2000w\" sizes=\"(max-width: 1024px) 100vw, 1024px\" \/><\/figure>\n\n\n\n<p><strong>50 a\u00f1os y contando&nbsp;<\/strong><\/p>\n\n\n\n<p>Este reconocimiento del Golf como el mejor auto de los \u00faltimos 50 a\u00f1os no es solo un tributo a su dise\u00f1o y funcionalidad, sino tambi\u00e9n a su capacidad para evolucionar y mantenerse relevante en un mundo en constante cambio.&nbsp;<\/p>\n\n\n\n<p>Para muchos, el Golf es un compa\u00f1ero de vida, un s\u00edmbolo de fiabilidad y una prueba de que, cuando se hace bien, un auto puede trascender generaciones y convertirse en una leyenda.<\/p>\n\n\n\n<p>Desde su debut, el Volkswagen Golf no solo ha sobrevivido a la prueba del tiempo, sino que ha prosperado, estableciendo un legado que pocos autos pueden igualar. Su coronaci\u00f3n como el mejor auto de los \u00faltimos 50 a\u00f1os es un merecido reconocimiento a su impacto duradero en la industria automotriz y en la vida de millones de personas en todo el mundo.<\/p>\n","protected":false},"excerpt":{"rendered":"<p>A pesar de lo compleja que es la tarea de seleccionar el mejor auto de los \u00faltimos 50 a\u00f1os, un grupo de expertos internacionales, compuesto por dise\u00f1adores de renombre, ingenieros, figuras del automovilismo, periodistas y m\u00e1s, se uni\u00f3 para elegir al mejor modelo.&nbsp; Tras un an\u00e1lisis exhaustivo y una votaci\u00f3n democr\u00e1tica, el Volkswagen Golf fue [&hellip;]<\/p>\n","protected":false},"author":9,"featured_media":5316,"comment_status":"open","ping_status":"open","sticky":false,"template":"","format":"standard","meta":{"_acf_changed":false,"footnotes":""},"categories":[12],"tags":[231,283],"marcas":[241],"class_list":["post-5313","post","type-post","status-publish","format-standard","has-post-thumbnail","hentry","category-curiosidades","tag-autos-deportivos","tag-hatchbacks","marcas-volkswagen","cat-12-id"],"acf":[],"yoast_head":"<!-- This site is optimized with the Yoast SEO Premium plugin  - https:\/\/yoast.com\/wordpress\/plugins\/seo\/ -->\n<title>\u00bfCu\u00e1l es el mejor auto de los \u00faltimos 50 a\u00f1os? - Autos<\/title>\n<meta name=\"description\" content=\"El mejor auto destaca por su dise\u00f1o, desempe\u00f1o, versatilidad y fiabilidad, caracter\u00edsticas que lo han mantenido en la cima durante d\u00e9cadas.\" \/>\n<meta name=\"robots\" content=\"index, follow, max-snippet:-1, max-image-preview:large, max-video-preview:-1\" \/>\n<link rel=\"canonical\" href=\"https:\/\/us.as.com\/autos\/curiosidades\/cual-es-el-mejor-auto-de-los-ultimos-50-anos\/\" \/>\n<meta property=\"og:locale\" content=\"es_ES\" \/>\n<meta property=\"og:type\" content=\"article\" \/>\n<meta property=\"og:title\" content=\"\u00bfCu\u00e1l es el mejor auto de los \u00faltimos 50 a\u00f1os? - Autos\" \/>\n<meta property=\"og:description\" content=\"El mejor auto destaca por su dise\u00f1o, desempe\u00f1o, versatilidad y fiabilidad, caracter\u00edsticas que lo han mantenido en la cima durante d\u00e9cadas.\" \/>\n<meta property=\"og:url\" content=\"https:\/\/us.as.com\/autos\/curiosidades\/cual-es-el-mejor-auto-de-los-ultimos-50-anos\/\" \/>\n<meta property=\"og:site_name\" content=\"Autos\" \/>\n<meta property=\"article:published_time\" content=\"2024-08-23T17:19:36+00:00\" \/>\n<meta property=\"article:modified_time\" content=\"2024-08-23T17:19:37+00:00\" \/>\n<meta property=\"og:image\" content=\"https:\/\/us.as.com\/autos\/wp-content\/uploads\/2024\/08\/DB2016AU00820_large-scaled.jpg\" \/>\n\t<meta property=\"og:image:width\" content=\"2560\" \/>\n\t<meta property=\"og:image:height\" content=\"1440\" \/>\n\t<meta property=\"og:image:type\" content=\"image\/jpeg\" \/>\n<meta name=\"author\" content=\"Luis Hern\u00e1ndez del Arco\" \/>\n<meta name=\"twitter:card\" content=\"summary_large_image\" \/>\n<meta name=\"twitter:creator\" content=\"@https:\/\/x.com\/ldelarco\" \/>\n<meta name=\"twitter:label1\" content=\"Escrito por\" \/>\n\t<meta name=\"twitter:data1\" content=\"Luis Hern\u00e1ndez del Arco\" \/>\n\t<meta name=\"twitter:label2\" content=\"Tiempo de lectura\" \/>\n\t<meta name=\"twitter:data2\" content=\"5 minutos\" \/>\n<script type=\"application\/ld+json\" class=\"yoast-schema-graph\">{\"@context\":\"https:\/\/schema.org\",\"@graph\":[{\"@type\":\"WebPage\",\"@id\":\"https:\/\/us.as.com\/autos\/curiosidades\/cual-es-el-mejor-auto-de-los-ultimos-50-anos\/\",\"url\":\"https:\/\/us.as.com\/autos\/curiosidades\/cual-es-el-mejor-auto-de-los-ultimos-50-anos\/\",\"name\":\"\u00bfCu\u00e1l es el mejor auto de los \u00faltimos 50 a\u00f1os? - Autos\",\"isPartOf\":{\"@id\":\"https:\/\/us.as.com\/autos\/#website\"},\"primaryImageOfPage\":{\"@id\":\"https:\/\/us.as.com\/autos\/curiosidades\/cual-es-el-mejor-auto-de-los-ultimos-50-anos\/#primaryimage\"},\"image\":{\"@id\":\"https:\/\/us.as.com\/autos\/curiosidades\/cual-es-el-mejor-auto-de-los-ultimos-50-anos\/#primaryimage\"},\"thumbnailUrl\":\"https:\/\/us.as.com\/autos\/wp-content\/uploads\/2024\/08\/DB2016AU00820_large-scaled.jpg\",\"datePublished\":\"2024-08-23T17:19:36+00:00\",\"dateModified\":\"2024-08-23T17:19:37+00:00\",\"author\":{\"@id\":\"https:\/\/us.as.com\/autos\/#\/schema\/person\/b59ded8d3d136c0f0f7adae8ab7f1712\"},\"description\":\"El mejor auto destaca por su dise\u00f1o, desempe\u00f1o, versatilidad y fiabilidad, caracter\u00edsticas que lo han mantenido en la cima durante d\u00e9cadas.\",\"inLanguage\":\"es\",\"potentialAction\":[{\"@type\":\"ReadAction\",\"target\":[\"https:\/\/us.as.com\/autos\/curiosidades\/cual-es-el-mejor-auto-de-los-ultimos-50-anos\/\"]}]},{\"@type\":\"ImageObject\",\"inLanguage\":\"es\",\"@id\":\"https:\/\/us.as.com\/autos\/curiosidades\/cual-es-el-mejor-auto-de-los-ultimos-50-anos\/#primaryimage\",\"url\":\"https:\/\/us.as.com\/autos\/wp-content\/uploads\/2024\/08\/DB2016AU00820_large-scaled.jpg\",\"contentUrl\":\"https:\/\/us.as.com\/autos\/wp-content\/uploads\/2024\/08\/DB2016AU00820_large-scaled.jpg\",\"width\":2560,\"height\":1440,\"caption\":\"Volkswagen Golf \u2013 first Generation\"},{\"@type\":\"WebSite\",\"@id\":\"https:\/\/us.as.com\/autos\/#website\",\"url\":\"https:\/\/us.as.com\/autos\/\",\"name\":\"Autos\",\"description\":\"\",\"potentialAction\":[{\"@type\":\"SearchAction\",\"target\":{\"@type\":\"EntryPoint\",\"urlTemplate\":\"https:\/\/us.as.com\/autos\/?s={search_term_string}\"},\"query-input\":{\"@type\":\"PropertyValueSpecification\",\"valueRequired\":true,\"valueName\":\"search_term_string\"}}],\"inLanguage\":\"es\"},{\"@type\":\"Person\",\"@id\":\"https:\/\/us.as.com\/autos\/#\/schema\/person\/b59ded8d3d136c0f0f7adae8ab7f1712\",\"name\":\"Luis Hern\u00e1ndez del Arco\",\"image\":{\"@type\":\"ImageObject\",\"inLanguage\":\"es\",\"@id\":\"https:\/\/us.as.com\/autos\/#\/schema\/person\/image\/\",\"url\":\"https:\/\/secure.gravatar.com\/avatar\/c2b7262a4ee821aa4260ed5f07cfd999?s=96&d=mm&r=g\",\"contentUrl\":\"https:\/\/secure.gravatar.com\/avatar\/c2b7262a4ee821aa4260ed5f07cfd999?s=96&d=mm&r=g\",\"caption\":\"Luis Hern\u00e1ndez del Arco\"},\"sameAs\":[\"https:\/\/us.as.com\/autos\/\",\"https:\/\/www.instagram.com\/luisdelarcoh\",\"https:\/\/x.com\/https:\/\/x.com\/ldelarco\"],\"gender\":\"Hombre\",\"jobTitle\":\"Editor\",\"worksFor\":\"Grupo Prisa\",\"url\":\"https:\/\/us.as.com\/autos\/autor\/lhernandezd\/\"}]}<\/script>\n<!-- \/ Yoast SEO Premium plugin. -->","yoast_head_json":{"title":"\u00bfCu\u00e1l es el mejor auto de los \u00faltimos 50 a\u00f1os? - Autos","description":"El mejor auto destaca por su dise\u00f1o, desempe\u00f1o, versatilidad y fiabilidad, caracter\u00edsticas que lo han mantenido en la cima durante d\u00e9cadas.","robots":{"index":"index","follow":"follow","max-snippet":"max-snippet:-1","max-image-preview":"max-image-preview:large","max-video-preview":"max-video-preview:-1"},"canonical":"https:\/\/us.as.com\/autos\/curiosidades\/cual-es-el-mejor-auto-de-los-ultimos-50-anos\/","og_locale":"es_ES","og_type":"article","og_title":"\u00bfCu\u00e1l es el mejor auto de los \u00faltimos 50 a\u00f1os? - Autos","og_description":"El mejor auto destaca por su dise\u00f1o, desempe\u00f1o, versatilidad y fiabilidad, caracter\u00edsticas que lo han mantenido en la cima durante d\u00e9cadas.","og_url":"https:\/\/us.as.com\/autos\/curiosidades\/cual-es-el-mejor-auto-de-los-ultimos-50-anos\/","og_site_name":"Autos","article_published_time":"2024-08-23T17:19:36+00:00","article_modified_time":"2024-08-23T17:19:37+00:00","og_image":[{"width":2560,"height":1440,"url":"https:\/\/us.as.com\/autos\/wp-content\/uploads\/2024\/08\/DB2016AU00820_large-scaled.jpg","type":"image\/jpeg"}],"author":"Luis Hern\u00e1ndez del Arco","twitter_card":"summary_large_image","twitter_creator":"@https:\/\/x.com\/ldelarco","twitter_misc":{"Escrito por":"Luis Hern\u00e1ndez del Arco","Tiempo de lectura":"5 minutos"},"schema":{"@context":"https:\/\/schema.org","@graph":[{"@type":"WebPage","@id":"https:\/\/us.as.com\/autos\/curiosidades\/cual-es-el-mejor-auto-de-los-ultimos-50-anos\/","url":"https:\/\/us.as.com\/autos\/curiosidades\/cual-es-el-mejor-auto-de-los-ultimos-50-anos\/","name":"\u00bfCu\u00e1l es el mejor auto de los \u00faltimos 50 a\u00f1os? - Autos","isPartOf":{"@id":"https:\/\/us.as.com\/autos\/#website"},"primaryImageOfPage":{"@id":"https:\/\/us.as.com\/autos\/curiosidades\/cual-es-el-mejor-auto-de-los-ultimos-50-anos\/#primaryimage"},"image":{"@id":"https:\/\/us.as.com\/autos\/curiosidades\/cual-es-el-mejor-auto-de-los-ultimos-50-anos\/#primaryimage"},"thumbnailUrl":"https:\/\/us.as.com\/autos\/wp-content\/uploads\/2024\/08\/DB2016AU00820_large-scaled.jpg","datePublished":"2024-08-23T17:19:36+00:00","dateModified":"2024-08-23T17:19:37+00:00","author":{"@id":"https:\/\/us.as.com\/autos\/#\/schema\/person\/b59ded8d3d136c0f0f7adae8ab7f1712"},"description":"El mejor auto destaca por su dise\u00f1o, desempe\u00f1o, versatilidad y fiabilidad, caracter\u00edsticas que lo han mantenido en la cima durante d\u00e9cadas.","inLanguage":"es","potentialAction":[{"@type":"ReadAction","target":["https:\/\/us.as.com\/autos\/curiosidades\/cual-es-el-mejor-auto-de-los-ultimos-50-anos\/"]}]},{"@type":"ImageObject","inLanguage":"es","@id":"https:\/\/us.as.com\/autos\/curiosidades\/cual-es-el-mejor-auto-de-los-ultimos-50-anos\/#primaryimage","url":"https:\/\/us.as.com\/autos\/wp-content\/uploads\/2024\/08\/DB2016AU00820_large-scaled.jpg","contentUrl":"https:\/\/us.as.com\/autos\/wp-content\/uploads\/2024\/08\/DB2016AU00820_large-scaled.jpg","width":2560,"height":1440,"caption":"Volkswagen Golf \u2013 first Generation"},{"@type":"WebSite","@id":"https:\/\/us.as.com\/autos\/#website","url":"https:\/\/us.as.com\/autos\/","name":"Autos","description":"","potentialAction":[{"@type":"SearchAction","target":{"@type":"EntryPoint","urlTemplate":"https:\/\/us.as.com\/autos\/?s={search_term_string}"},"query-input":{"@type":"PropertyValueSpecification","valueRequired":true,"valueName":"search_term_string"}}],"inLanguage":"es"},{"@type":"Person","@id":"https:\/\/us.as.com\/autos\/#\/schema\/person\/b59ded8d3d136c0f0f7adae8ab7f1712","name":"Luis Hern\u00e1ndez del Arco","image":{"@type":"ImageObject","inLanguage":"es","@id":"https:\/\/us.as.com\/autos\/#\/schema\/person\/image\/","url":"https:\/\/secure.gravatar.com\/avatar\/c2b7262a4ee821aa4260ed5f07cfd999?s=96&d=mm&r=g","contentUrl":"https:\/\/secure.gravatar.com\/avatar\/c2b7262a4ee821aa4260ed5f07cfd999?s=96&d=mm&r=g","caption":"Luis Hern\u00e1ndez del Arco"},"sameAs":["https:\/\/us.as.com\/autos\/","https:\/\/www.instagram.com\/luisdelarcoh","https:\/\/x.com\/https:\/\/x.com\/ldelarco"],"gender":"Hombre","jobTitle":"Editor","worksFor":"Grupo Prisa","url":"https:\/\/us.as.com\/autos\/autor\/lhernandezd\/"}]}},"amp_enabled":true,"_links":{"self":[{"href":"https:\/\/us.as.com\/autos\/wp-json\/wp\/v2\/posts\/5313","targetHints":{"allow":["GET"]}}],"collection":[{"href":"https:\/\/us.as.com\/autos\/wp-json\/wp\/v2\/posts"}],"about":[{"href":"https:\/\/us.as.com\/autos\/wp-json\/wp\/v2\/types\/post"}],"author":[{"embeddable":true,"href":"https:\/\/us.as.com\/autos\/wp-json\/wp\/v2\/users\/9"}],"replies":[{"embeddable":true,"href":"https:\/\/us.as.com\/autos\/wp-json\/wp\/v2\/comments?post=5313"}],"version-history":[{"count":1,"href":"https:\/\/us.as.com\/autos\/wp-json\/wp\/v2\/posts\/5313\/revisions"}],"predecessor-version":[{"id":5317,"href":"https:\/\/us.as.com\/autos\/wp-json\/wp\/v2\/posts\/5313\/revisions\/5317"}],"wp:featuredmedia":[{"embeddable":true,"href":"https:\/\/us.as.com\/autos\/wp-json\/wp\/v2\/media\/5316"}],"wp:attachment":[{"href":"https:\/\/us.as.com\/autos\/wp-json\/wp\/v2\/media?parent=5313"}],"wp:term":[{"taxonomy":"category","embeddable":true,"href":"https:\/\/us.as.com\/autos\/wp-json\/wp\/v2\/categories?post=5313"},{"taxonomy":"post_tag","embeddable":true,"href":"https:\/\/us.as.com\/autos\/wp-json\/wp\/v2\/tags?post=5313"},{"taxonomy":"marcas","embeddable":true,"href":"https:\/\/us.as.com\/autos\/wp-json\/wp\/v2\/marcas?post=5313"}],"curies":[{"name":"wp","href":"https:\/\/api.w.org\/{rel}","templated":true}]}}