{"id":5146,"date":"2024-08-15T15:56:06","date_gmt":"2024-08-15T13:56:06","guid":{"rendered":"https:\/\/us.as.com\/autos\/?p=5146"},"modified":"2024-08-15T15:56:07","modified_gmt":"2024-08-15T13:56:07","slug":"analisis-ventas-vehiculos-electricos-mundo-2024","status":"publish","type":"post","link":"https:\/\/us.as.com\/autos\/electricos\/analisis-ventas-vehiculos-electricos-mundo-2024\/","title":{"rendered":"An\u00e1lisis de las ventas de veh\u00edculos el\u00e9ctricos en el mundo durante 2024"},"content":{"rendered":"\n<p>En lo que va de 2024, el mercado de veh\u00edculos el\u00e9ctricos (VE) ha demostrado un comportamiento diverso, con una tendencia general de crecimiento a nivel mundial, aunque con variaciones significativas entre regiones.&nbsp;<\/p>\n\n\n\n<p>Seg\u00fan Rho Motion, la principal empresa de investigaci\u00f3n en este sector, se han vendido 8,4 millones de veh\u00edculos el\u00e9ctricos de enero a julio de 2024, lo que representa un incremento del 21% en comparaci\u00f3n con el mismo per\u00edodo de 2023. Este crecimiento, aunque positivo, refleja un panorama complejo donde no todas las regiones han avanzado al mismo ritmo.<\/p>\n\n\n\n<p>China se mantiene como el l\u00edder indiscutible en el mercado de veh\u00edculos electrificados, con 5 millones de unidades vendidas hasta julio de 2024, lo que supone un aumento del 31% en comparaci\u00f3n con 2023. <strong><a href=\"https:\/\/us.as.com\/autos\/curiosidades\/desventajas-de-los-autos-hibridos\/\">Este crecimiento ha sido impulsado principalmente por la fuerte demanda de veh\u00edculos h\u00edbridos plug-in <\/a><\/strong>(PHEV), que han experimentado un incremento del 70% en lo que va del a\u00f1o.\u00a0<\/p>\n\n\n\n<figure class=\"wp-block-image size-large\"><img decoding=\"async\" width=\"1024\" height=\"576\" src=\"https:\/\/us.as.com\/autos\/wp-content\/uploads\/2024\/07\/pixelcut-export-2024-07-11T132539.126-1024x576.jpg\" alt=\"La ca\u00edda en la demanda de autos el\u00e9ctricos obliga a cambiar el futuro\" class=\"wp-image-4568\" srcset=\"https:\/\/us.as.com\/autos\/wp-content\/uploads\/2024\/07\/pixelcut-export-2024-07-11T132539.126-1024x576.jpg 1024w, https:\/\/us.as.com\/autos\/wp-content\/uploads\/2024\/07\/pixelcut-export-2024-07-11T132539.126-300x169.jpg 300w, https:\/\/us.as.com\/autos\/wp-content\/uploads\/2024\/07\/pixelcut-export-2024-07-11T132539.126-768x432.jpg 768w, https:\/\/us.as.com\/autos\/wp-content\/uploads\/2024\/07\/pixelcut-export-2024-07-11T132539.126-1536x864.jpg 1536w, https:\/\/us.as.com\/autos\/wp-content\/uploads\/2024\/07\/pixelcut-export-2024-07-11T132539.126-2048x1152.jpg 2048w, https:\/\/us.as.com\/autos\/wp-content\/uploads\/2024\/07\/pixelcut-export-2024-07-11T132539.126-1200x675.jpg 1200w, https:\/\/us.as.com\/autos\/wp-content\/uploads\/2024\/07\/pixelcut-export-2024-07-11T132539.126-800x450.jpg 800w, https:\/\/us.as.com\/autos\/wp-content\/uploads\/2024\/07\/pixelcut-export-2024-07-11T132539.126-450x253.jpg 450w\" sizes=\"(max-width: 1024px) 100vw, 1024px\" \/><\/figure>\n\n\n\n<p>Los veh\u00edculos el\u00e9ctricos de bater\u00eda (BEV), aunque tambi\u00e9n han crecido, lo han hecho a un ritmo m\u00e1s moderado, con un 12% de incremento. Este aumento en las ventas de PHEV podr\u00eda estar relacionado con la mayor disponibilidad de modelos, como los Range Extender EV (REEV), y la continua expansi\u00f3n de la producci\u00f3n por parte de empresas como BYD.<\/p>\n\n\n\n<p>En contraste, el mercado europeo, que incluye a la Uni\u00f3n Europea (UE), la Asociaci\u00f3n Europea de Libre Comercio (AELC) y el Reino Unido, ha mostrado se\u00f1ales de estancamiento. Las ventas en estas regiones se han mantenido estables en comparaci\u00f3n con 2023, sin mostrar crecimiento en t\u00e9rminos acumulados hasta julio de 2024.&nbsp;<\/p>\n\n\n\n<p>Sin embargo, cuando se observa de manera m\u00e1s detallada, se encuentran diferencias dentro de la regi\u00f3n. Francia y el Reino Unido han logrado aumentar sus ventas, con el mercado franc\u00e9s creciendo un 6% en lo que va del a\u00f1o. Alemania, por otro lado, ha experimentado una ca\u00edda significativa en sus ventas de veh\u00edculos el\u00e9ctricos, lo que se atribuye al fin de los subsidios que hab\u00edan impulsado el mercado en a\u00f1os anteriores.<\/p>\n\n\n\n<p>Este escenario en Europa podr\u00eda complicarse a\u00fan m\u00e1s debido a los posibles aranceles que la UE podr\u00eda imponer a los veh\u00edculos el\u00e9ctricos chinos, lo que podr\u00eda impactar negativamente en las ventas. A pesar de este panorama incierto, algunos pa\u00edses europeos parecen estar mejor posicionados para capear la tormenta, mientras que otros podr\u00edan enfrentar m\u00e1s desaf\u00edos en el futuro cercano.<\/p>\n\n\n\n<p>En Norteam\u00e9rica, las ventas de veh\u00edculos el\u00e9ctricos han mostrado un crecimiento s\u00f3lido, aunque m\u00e1s moderado en comparaci\u00f3n con China. En Estados Unidos y Canad\u00e1, se han vendido un mill\u00f3n de veh\u00edculos el\u00e9ctricos hasta julio de 2024, un 10% m\u00e1s que en el mismo per\u00edodo de 2023.&nbsp;<\/p>\n\n\n\n<p>Este crecimiento ha sido impulsado por el aumento en la producci\u00f3n de modelos como el <strong><a href=\"http:\/\/www.chevrolet.com\">Blazer EV y el Equinox de General Motors,<\/a><\/strong> as\u00ed como el Honda Prologue EV. Este crecimiento, aunque positivo, tambi\u00e9n refleja una cierta cautela en el mercado, donde la adopci\u00f3n de veh\u00edculos el\u00e9ctricos sigue siendo un tema en desarrollo.<\/p>\n\n\n\n<figure class=\"wp-block-image size-large\"><img decoding=\"async\" width=\"1024\" height=\"576\" src=\"https:\/\/us.as.com\/autos\/wp-content\/uploads\/2024\/07\/pixelcut-export-2024-07-21T104414.138-1024x576.jpg\" alt=\"\" class=\"wp-image-4751\" srcset=\"https:\/\/us.as.com\/autos\/wp-content\/uploads\/2024\/07\/pixelcut-export-2024-07-21T104414.138-1024x576.jpg 1024w, https:\/\/us.as.com\/autos\/wp-content\/uploads\/2024\/07\/pixelcut-export-2024-07-21T104414.138-300x169.jpg 300w, https:\/\/us.as.com\/autos\/wp-content\/uploads\/2024\/07\/pixelcut-export-2024-07-21T104414.138-768x432.jpg 768w, https:\/\/us.as.com\/autos\/wp-content\/uploads\/2024\/07\/pixelcut-export-2024-07-21T104414.138-1536x864.jpg 1536w, https:\/\/us.as.com\/autos\/wp-content\/uploads\/2024\/07\/pixelcut-export-2024-07-21T104414.138-1200x675.jpg 1200w, https:\/\/us.as.com\/autos\/wp-content\/uploads\/2024\/07\/pixelcut-export-2024-07-21T104414.138-800x450.jpg 800w, https:\/\/us.as.com\/autos\/wp-content\/uploads\/2024\/07\/pixelcut-export-2024-07-21T104414.138-450x253.jpg 450w, https:\/\/us.as.com\/autos\/wp-content\/uploads\/2024\/07\/pixelcut-export-2024-07-21T104414.138.jpg 1597w\" sizes=\"(max-width: 1024px) 100vw, 1024px\" \/><\/figure>\n\n\n\n<p>El resto del mundo, que incluye mercados emergentes de veh\u00edculos el\u00e9ctricos, tambi\u00e9n ha mostrado un crecimiento notable. Las ventas han aumentado un 31% en lo que va del a\u00f1o, lo que sugiere un inter\u00e9s creciente en estos mercados por los veh\u00edculos el\u00e9ctricos, aunque todav\u00eda representan una porci\u00f3n m\u00e1s peque\u00f1a del mercado global. Este crecimiento en mercados emergentes es un indicio de que la adopci\u00f3n de veh\u00edculos el\u00e9ctricos est\u00e1 comenzando a ganar tracci\u00f3n m\u00e1s all\u00e1 de los mercados tradicionales.<\/p>\n\n\n\n<p>Al observar el comportamiento de las ventas de veh\u00edculos el\u00e9ctricos en julio de 2024, se puede notar una tendencia general de crecimiento, aunque con algunas excepciones. A nivel mundial, las ventas crecieron un 21% en comparaci\u00f3n con julio de 2023. China lider\u00f3 este crecimiento con un incremento del 31%, mientras que el resto del mundo mostr\u00f3 un aumento del 41%. Sin embargo, Europa se desmarc\u00f3 de esta tendencia con una ca\u00edda del 8% en sus ventas, lo que resalta las diferencias regionales que caracterizan al mercado global de veh\u00edculos el\u00e9ctricos en 2024.<\/p>\n\n\n\n<p>Este comportamiento de los veh\u00edculos el\u00e9ctricos a nivel global en 2024 refleja un mercado en expansi\u00f3n, pero con desaf\u00edos y oportunidades desiguales seg\u00fan la regi\u00f3n. Mientras que China y Norteam\u00e9rica siguen mostrando un crecimiento s\u00f3lido, Europa enfrenta obst\u00e1culos que podr\u00edan frenar su avance.&nbsp;<\/p>\n\n\n\n<p>Los mercados emergentes, aunque a\u00fan peque\u00f1os, est\u00e1n comenzando a adoptar veh\u00edculos el\u00e9ctricos a un ritmo acelerado, lo que sugiere un cambio en el panorama global de la movilidad el\u00e9ctrica. A medida que el a\u00f1o avanza, ser\u00e1 interesante observar c\u00f3mo estas tendencias evolucionan y c\u00f3mo las pol\u00edticas, la econom\u00eda y la tecnolog\u00eda influyen en el futuro de los veh\u00edculos el\u00e9ctricos en todo el mundo.<\/p>\n","protected":false},"excerpt":{"rendered":"<p>En lo que va de 2024, el mercado de veh\u00edculos el\u00e9ctricos (VE) ha demostrado un comportamiento diverso, con una tendencia general de crecimiento a nivel mundial, aunque con variaciones significativas entre regiones.&nbsp; Seg\u00fan Rho Motion, la principal empresa de investigaci\u00f3n en este sector, se han vendido 8,4 millones de veh\u00edculos el\u00e9ctricos de enero a julio [&hellip;]<\/p>\n","protected":false},"author":9,"featured_media":4253,"comment_status":"open","ping_status":"open","sticky":false,"template":"","format":"standard","meta":{"_acf_changed":false,"footnotes":""},"categories":[6],"tags":[203],"marcas":[260,171],"class_list":["post-5146","post","type-post","status-publish","format-standard","has-post-thumbnail","hentry","category-electricos","tag-autos-electricos","marcas-byd","marcas-tesla","cat-6-id"],"acf":[],"yoast_head":"<!-- This site is optimized with the Yoast SEO Premium plugin  - https:\/\/yoast.com\/wordpress\/plugins\/seo\/ -->\n<title>An\u00e1lisis de las ventas de veh\u00edculos el\u00e9ctricos en el mundo durante 2024 - Autos<\/title>\n<meta name=\"description\" content=\"El mercado de veh\u00edculos el\u00e9ctricos en 2024 refleja una historia de crecimiento s\u00f3lido a nivel global, con diferencias marcadas en el\" \/>\n<meta name=\"robots\" content=\"index, follow, max-snippet:-1, max-image-preview:large, max-video-preview:-1\" \/>\n<link rel=\"canonical\" href=\"https:\/\/us.as.com\/autos\/electricos\/analisis-ventas-vehiculos-electricos-mundo-2024\/\" \/>\n<meta property=\"og:locale\" content=\"es_ES\" \/>\n<meta property=\"og:type\" content=\"article\" \/>\n<meta property=\"og:title\" content=\"An\u00e1lisis de las ventas de veh\u00edculos el\u00e9ctricos en el mundo durante 2024 - Autos\" \/>\n<meta property=\"og:description\" content=\"El mercado de veh\u00edculos el\u00e9ctricos en 2024 refleja una historia de crecimiento s\u00f3lido a nivel global, con diferencias marcadas en el\" \/>\n<meta property=\"og:url\" content=\"https:\/\/us.as.com\/autos\/electricos\/analisis-ventas-vehiculos-electricos-mundo-2024\/\" \/>\n<meta property=\"og:site_name\" content=\"Autos\" \/>\n<meta property=\"article:published_time\" content=\"2024-08-15T13:56:06+00:00\" \/>\n<meta property=\"article:modified_time\" content=\"2024-08-15T13:56:07+00:00\" \/>\n<meta property=\"og:image\" content=\"https:\/\/us.as.com\/autos\/wp-content\/uploads\/2024\/06\/pixelcut-export-2024-06-21T123035.138.jpg\" \/>\n\t<meta property=\"og:image:width\" content=\"2000\" \/>\n\t<meta property=\"og:image:height\" content=\"1125\" \/>\n\t<meta property=\"og:image:type\" content=\"image\/jpeg\" \/>\n<meta name=\"author\" content=\"Luis Hern\u00e1ndez del Arco\" \/>\n<meta name=\"twitter:card\" content=\"summary_large_image\" \/>\n<meta name=\"twitter:creator\" content=\"@https:\/\/x.com\/ldelarco\" \/>\n<meta name=\"twitter:label1\" content=\"Escrito por\" \/>\n\t<meta name=\"twitter:data1\" content=\"Luis Hern\u00e1ndez del Arco\" \/>\n\t<meta name=\"twitter:label2\" content=\"Tiempo de lectura\" \/>\n\t<meta name=\"twitter:data2\" content=\"5 minutos\" \/>\n<script type=\"application\/ld+json\" class=\"yoast-schema-graph\">{\"@context\":\"https:\/\/schema.org\",\"@graph\":[{\"@type\":\"WebPage\",\"@id\":\"https:\/\/us.as.com\/autos\/electricos\/analisis-ventas-vehiculos-electricos-mundo-2024\/\",\"url\":\"https:\/\/us.as.com\/autos\/electricos\/analisis-ventas-vehiculos-electricos-mundo-2024\/\",\"name\":\"An\u00e1lisis de las ventas de veh\u00edculos el\u00e9ctricos en el mundo durante 2024 - Autos\",\"isPartOf\":{\"@id\":\"https:\/\/us.as.com\/autos\/#website\"},\"primaryImageOfPage\":{\"@id\":\"https:\/\/us.as.com\/autos\/electricos\/analisis-ventas-vehiculos-electricos-mundo-2024\/#primaryimage\"},\"image\":{\"@id\":\"https:\/\/us.as.com\/autos\/electricos\/analisis-ventas-vehiculos-electricos-mundo-2024\/#primaryimage\"},\"thumbnailUrl\":\"https:\/\/us.as.com\/autos\/wp-content\/uploads\/2024\/06\/pixelcut-export-2024-06-21T123035.138.jpg\",\"datePublished\":\"2024-08-15T13:56:06+00:00\",\"dateModified\":\"2024-08-15T13:56:07+00:00\",\"author\":{\"@id\":\"https:\/\/us.as.com\/autos\/#\/schema\/person\/b59ded8d3d136c0f0f7adae8ab7f1712\"},\"description\":\"El mercado de veh\u00edculos el\u00e9ctricos en 2024 refleja una historia de crecimiento s\u00f3lido a nivel global, con diferencias marcadas en el\",\"inLanguage\":\"es\",\"potentialAction\":[{\"@type\":\"ReadAction\",\"target\":[\"https:\/\/us.as.com\/autos\/electricos\/analisis-ventas-vehiculos-electricos-mundo-2024\/\"]}]},{\"@type\":\"ImageObject\",\"inLanguage\":\"es\",\"@id\":\"https:\/\/us.as.com\/autos\/electricos\/analisis-ventas-vehiculos-electricos-mundo-2024\/#primaryimage\",\"url\":\"https:\/\/us.as.com\/autos\/wp-content\/uploads\/2024\/06\/pixelcut-export-2024-06-21T123035.138.jpg\",\"contentUrl\":\"https:\/\/us.as.com\/autos\/wp-content\/uploads\/2024\/06\/pixelcut-export-2024-06-21T123035.138.jpg\",\"width\":2000,\"height\":1125,\"caption\":\"autos el\u00e9ctricos m\u00e1s baratos\"},{\"@type\":\"WebSite\",\"@id\":\"https:\/\/us.as.com\/autos\/#website\",\"url\":\"https:\/\/us.as.com\/autos\/\",\"name\":\"Autos\",\"description\":\"\",\"potentialAction\":[{\"@type\":\"SearchAction\",\"target\":{\"@type\":\"EntryPoint\",\"urlTemplate\":\"https:\/\/us.as.com\/autos\/?s={search_term_string}\"},\"query-input\":{\"@type\":\"PropertyValueSpecification\",\"valueRequired\":true,\"valueName\":\"search_term_string\"}}],\"inLanguage\":\"es\"},{\"@type\":\"Person\",\"@id\":\"https:\/\/us.as.com\/autos\/#\/schema\/person\/b59ded8d3d136c0f0f7adae8ab7f1712\",\"name\":\"Luis Hern\u00e1ndez del Arco\",\"image\":{\"@type\":\"ImageObject\",\"inLanguage\":\"es\",\"@id\":\"https:\/\/us.as.com\/autos\/#\/schema\/person\/image\/\",\"url\":\"https:\/\/secure.gravatar.com\/avatar\/c2b7262a4ee821aa4260ed5f07cfd999?s=96&d=mm&r=g\",\"contentUrl\":\"https:\/\/secure.gravatar.com\/avatar\/c2b7262a4ee821aa4260ed5f07cfd999?s=96&d=mm&r=g\",\"caption\":\"Luis Hern\u00e1ndez del Arco\"},\"sameAs\":[\"https:\/\/us.as.com\/autos\/\",\"https:\/\/www.instagram.com\/luisdelarcoh\",\"https:\/\/x.com\/https:\/\/x.com\/ldelarco\"],\"gender\":\"Hombre\",\"jobTitle\":\"Editor\",\"worksFor\":\"Grupo Prisa\",\"url\":\"https:\/\/us.as.com\/autos\/autor\/lhernandezd\/\"}]}<\/script>\n<!-- \/ Yoast SEO Premium plugin. -->","yoast_head_json":{"title":"An\u00e1lisis de las ventas de veh\u00edculos el\u00e9ctricos en el mundo durante 2024 - Autos","description":"El mercado de veh\u00edculos el\u00e9ctricos en 2024 refleja una historia de crecimiento s\u00f3lido a nivel global, con diferencias marcadas en el","robots":{"index":"index","follow":"follow","max-snippet":"max-snippet:-1","max-image-preview":"max-image-preview:large","max-video-preview":"max-video-preview:-1"},"canonical":"https:\/\/us.as.com\/autos\/electricos\/analisis-ventas-vehiculos-electricos-mundo-2024\/","og_locale":"es_ES","og_type":"article","og_title":"An\u00e1lisis de las ventas de veh\u00edculos el\u00e9ctricos en el mundo durante 2024 - Autos","og_description":"El mercado de veh\u00edculos el\u00e9ctricos en 2024 refleja una historia de crecimiento s\u00f3lido a nivel global, con diferencias marcadas en el","og_url":"https:\/\/us.as.com\/autos\/electricos\/analisis-ventas-vehiculos-electricos-mundo-2024\/","og_site_name":"Autos","article_published_time":"2024-08-15T13:56:06+00:00","article_modified_time":"2024-08-15T13:56:07+00:00","og_image":[{"width":2000,"height":1125,"url":"https:\/\/us.as.com\/autos\/wp-content\/uploads\/2024\/06\/pixelcut-export-2024-06-21T123035.138.jpg","type":"image\/jpeg"}],"author":"Luis Hern\u00e1ndez del Arco","twitter_card":"summary_large_image","twitter_creator":"@https:\/\/x.com\/ldelarco","twitter_misc":{"Escrito por":"Luis Hern\u00e1ndez del Arco","Tiempo de lectura":"5 minutos"},"schema":{"@context":"https:\/\/schema.org","@graph":[{"@type":"WebPage","@id":"https:\/\/us.as.com\/autos\/electricos\/analisis-ventas-vehiculos-electricos-mundo-2024\/","url":"https:\/\/us.as.com\/autos\/electricos\/analisis-ventas-vehiculos-electricos-mundo-2024\/","name":"An\u00e1lisis de las ventas de veh\u00edculos el\u00e9ctricos en el mundo durante 2024 - Autos","isPartOf":{"@id":"https:\/\/us.as.com\/autos\/#website"},"primaryImageOfPage":{"@id":"https:\/\/us.as.com\/autos\/electricos\/analisis-ventas-vehiculos-electricos-mundo-2024\/#primaryimage"},"image":{"@id":"https:\/\/us.as.com\/autos\/electricos\/analisis-ventas-vehiculos-electricos-mundo-2024\/#primaryimage"},"thumbnailUrl":"https:\/\/us.as.com\/autos\/wp-content\/uploads\/2024\/06\/pixelcut-export-2024-06-21T123035.138.jpg","datePublished":"2024-08-15T13:56:06+00:00","dateModified":"2024-08-15T13:56:07+00:00","author":{"@id":"https:\/\/us.as.com\/autos\/#\/schema\/person\/b59ded8d3d136c0f0f7adae8ab7f1712"},"description":"El mercado de veh\u00edculos el\u00e9ctricos en 2024 refleja una historia de crecimiento s\u00f3lido a nivel global, con diferencias marcadas en el","inLanguage":"es","potentialAction":[{"@type":"ReadAction","target":["https:\/\/us.as.com\/autos\/electricos\/analisis-ventas-vehiculos-electricos-mundo-2024\/"]}]},{"@type":"ImageObject","inLanguage":"es","@id":"https:\/\/us.as.com\/autos\/electricos\/analisis-ventas-vehiculos-electricos-mundo-2024\/#primaryimage","url":"https:\/\/us.as.com\/autos\/wp-content\/uploads\/2024\/06\/pixelcut-export-2024-06-21T123035.138.jpg","contentUrl":"https:\/\/us.as.com\/autos\/wp-content\/uploads\/2024\/06\/pixelcut-export-2024-06-21T123035.138.jpg","width":2000,"height":1125,"caption":"autos el\u00e9ctricos m\u00e1s baratos"},{"@type":"WebSite","@id":"https:\/\/us.as.com\/autos\/#website","url":"https:\/\/us.as.com\/autos\/","name":"Autos","description":"","potentialAction":[{"@type":"SearchAction","target":{"@type":"EntryPoint","urlTemplate":"https:\/\/us.as.com\/autos\/?s={search_term_string}"},"query-input":{"@type":"PropertyValueSpecification","valueRequired":true,"valueName":"search_term_string"}}],"inLanguage":"es"},{"@type":"Person","@id":"https:\/\/us.as.com\/autos\/#\/schema\/person\/b59ded8d3d136c0f0f7adae8ab7f1712","name":"Luis Hern\u00e1ndez del Arco","image":{"@type":"ImageObject","inLanguage":"es","@id":"https:\/\/us.as.com\/autos\/#\/schema\/person\/image\/","url":"https:\/\/secure.gravatar.com\/avatar\/c2b7262a4ee821aa4260ed5f07cfd999?s=96&d=mm&r=g","contentUrl":"https:\/\/secure.gravatar.com\/avatar\/c2b7262a4ee821aa4260ed5f07cfd999?s=96&d=mm&r=g","caption":"Luis Hern\u00e1ndez del Arco"},"sameAs":["https:\/\/us.as.com\/autos\/","https:\/\/www.instagram.com\/luisdelarcoh","https:\/\/x.com\/https:\/\/x.com\/ldelarco"],"gender":"Hombre","jobTitle":"Editor","worksFor":"Grupo Prisa","url":"https:\/\/us.as.com\/autos\/autor\/lhernandezd\/"}]}},"amp_enabled":true,"_links":{"self":[{"href":"https:\/\/us.as.com\/autos\/wp-json\/wp\/v2\/posts\/5146","targetHints":{"allow":["GET"]}}],"collection":[{"href":"https:\/\/us.as.com\/autos\/wp-json\/wp\/v2\/posts"}],"about":[{"href":"https:\/\/us.as.com\/autos\/wp-json\/wp\/v2\/types\/post"}],"author":[{"embeddable":true,"href":"https:\/\/us.as.com\/autos\/wp-json\/wp\/v2\/users\/9"}],"replies":[{"embeddable":true,"href":"https:\/\/us.as.com\/autos\/wp-json\/wp\/v2\/comments?post=5146"}],"version-history":[{"count":3,"href":"https:\/\/us.as.com\/autos\/wp-json\/wp\/v2\/posts\/5146\/revisions"}],"predecessor-version":[{"id":5150,"href":"https:\/\/us.as.com\/autos\/wp-json\/wp\/v2\/posts\/5146\/revisions\/5150"}],"wp:featuredmedia":[{"embeddable":true,"href":"https:\/\/us.as.com\/autos\/wp-json\/wp\/v2\/media\/4253"}],"wp:attachment":[{"href":"https:\/\/us.as.com\/autos\/wp-json\/wp\/v2\/media?parent=5146"}],"wp:term":[{"taxonomy":"category","embeddable":true,"href":"https:\/\/us.as.com\/autos\/wp-json\/wp\/v2\/categories?post=5146"},{"taxonomy":"post_tag","embeddable":true,"href":"https:\/\/us.as.com\/autos\/wp-json\/wp\/v2\/tags?post=5146"},{"taxonomy":"marcas","embeddable":true,"href":"https:\/\/us.as.com\/autos\/wp-json\/wp\/v2\/marcas?post=5146"}],"curies":[{"name":"wp","href":"https:\/\/api.w.org\/{rel}","templated":true}]}}