{"id":4920,"date":"2024-08-02T17:17:18","date_gmt":"2024-08-02T15:17:18","guid":{"rendered":"https:\/\/us.as.com\/autos\/?p=4920"},"modified":"2024-08-02T17:22:32","modified_gmt":"2024-08-02T15:22:32","slug":"monterey-car-week-2024-fechas-horarios-y-costos","status":"publish","type":"post","link":"https:\/\/us.as.com\/autos\/auto-shows\/monterey-car-week-2024-fechas-horarios-y-costos\/","title":{"rendered":"Monterey Car Week 2024: Fechas, horarios y costos"},"content":{"rendered":"\n<p>Si se es un apasionado de los autos cl\u00e1sicos o se disfruta de los eventos automovil\u00edsticos, seguramente se ha escuchado hablar de la Monterey Car Week.&nbsp;<\/p>\n\n\n\n<p>Para 2024, la celebraci\u00f3n promete ser m\u00e1s espectacular que nunca, con una serie de actividades y exposiciones que har\u00e1n las delicias de los aficionados a los veh\u00edculos antiguos.&nbsp;<\/p>\n\n\n\n<p>Ya sea que est\u00e9 interesado en ver autos impresionantes, participar en subastas o simplemente disfrutar del ambiente, la Monterey Car Week tiene algo para todos.&nbsp;<\/p>\n\n\n\n<p><strong>\u00bfQu\u00e9 es la Monterey Car Week?<\/strong><\/p>\n\n\n\n<p>Concretamente, la Monterey Car Week es una serie de eventos automovil\u00edsticos que se llevan a cabo en la pen\u00ednsula de Monterey, California. Este festival de una semana celebra la belleza y la historia de los autom\u00f3viles cl\u00e1sicos y ex\u00f3ticos.&nbsp;<\/p>\n\n\n\n<p>Desde desfiles de autos antiguos hasta subastas de veh\u00edculos raros, este evento ofrece una experiencia \u00fanica para los entusiastas del autom\u00f3vil de todas las edades.<\/p>\n\n\n\n<figure class=\"wp-block-image size-full\"><img decoding=\"async\" width=\"1006\" height=\"566\" src=\"https:\/\/us.as.com\/autos\/wp-content\/uploads\/2024\/08\/391473981_704988048319294_4319333347288868260_n.jpg\" alt=\"\" class=\"wp-image-4921\" srcset=\"https:\/\/us.as.com\/autos\/wp-content\/uploads\/2024\/08\/391473981_704988048319294_4319333347288868260_n.jpg 1006w, https:\/\/us.as.com\/autos\/wp-content\/uploads\/2024\/08\/391473981_704988048319294_4319333347288868260_n-300x169.jpg 300w, https:\/\/us.as.com\/autos\/wp-content\/uploads\/2024\/08\/391473981_704988048319294_4319333347288868260_n-768x432.jpg 768w, https:\/\/us.as.com\/autos\/wp-content\/uploads\/2024\/08\/391473981_704988048319294_4319333347288868260_n-800x450.jpg 800w, https:\/\/us.as.com\/autos\/wp-content\/uploads\/2024\/08\/391473981_704988048319294_4319333347288868260_n-450x253.jpg 450w\" sizes=\"(max-width: 1006px) 100vw, 1006px\" \/><\/figure>\n\n\n\n<h4 class=\"wp-block-heading\" id=\"h-fechas-y-horarios\"><strong>Fechas y horarios<\/strong><\/h4>\n\n\n\n<p>En esta ocasi\u00f3n, la Monterey Car Week 2024 se lleva a cabo del <strong>16 al 25 de agosto<\/strong>. Durante estos d\u00edas, los visitantes podr\u00e1n disfrutar de una variedad de eventos en diferentes ubicaciones alrededor de Monterey. Algunos de los eventos m\u00e1s destacados incluyen:<\/p>\n\n\n\n<ul class=\"wp-block-list\">\n<li><strong>Concours on the Avenue (Carmel-by-the-Sea)<\/strong> &#8211; 16 de agosto: Este evento inaugural se realiza en las pintorescas calles de Carmel-by-the-Sea y presenta una impresionante exhibici\u00f3n de autos cl\u00e1sicos y deportivos.<\/li>\n\n\n\n<li><strong>Rolex Monterey Motorsports Reunion (WeatherTech Raceway Laguna Seca)<\/strong> &#8211; 17 al 20 de agosto: Aqu\u00ed, los autos hist\u00f3ricos vuelven a la pista en una emocionante serie de carreras que reviven la gloria del automovilismo del pasado.<\/li>\n\n\n\n<li><strong>The Quail, A Motorsports Gathering (Quail Lodge &amp; Golf Club)<\/strong> &#8211; 18 de agosto: Un evento exclusivo que combina una exhibici\u00f3n de autos excepcionales con una experiencia culinaria de primer nivel.<\/li>\n\n\n\n<li><strong>Pebble Beach Concours d&#8217;Elegance (Pebble Beach Golf Links)<\/strong> &#8211; 20 de agosto: Considerado el evento culminante de la semana, este concurso de elegancia re\u00fane a los autos m\u00e1s raros y bellos del mundo en el ic\u00f3nico campo de golf de Pebble Beach.<\/li>\n<\/ul>\n\n\n\n<figure class=\"wp-block-image size-full\"><img decoding=\"async\" width=\"853\" height=\"480\" src=\"https:\/\/us.as.com\/autos\/wp-content\/uploads\/2024\/08\/450644470_867392405412190_3109659054681217234_n.jpg\" alt=\"\" class=\"wp-image-4923\" srcset=\"https:\/\/us.as.com\/autos\/wp-content\/uploads\/2024\/08\/450644470_867392405412190_3109659054681217234_n.jpg 853w, https:\/\/us.as.com\/autos\/wp-content\/uploads\/2024\/08\/450644470_867392405412190_3109659054681217234_n-300x169.jpg 300w, https:\/\/us.as.com\/autos\/wp-content\/uploads\/2024\/08\/450644470_867392405412190_3109659054681217234_n-768x432.jpg 768w, https:\/\/us.as.com\/autos\/wp-content\/uploads\/2024\/08\/450644470_867392405412190_3109659054681217234_n-800x450.jpg 800w, https:\/\/us.as.com\/autos\/wp-content\/uploads\/2024\/08\/450644470_867392405412190_3109659054681217234_n-450x253.jpg 450w\" sizes=\"(max-width: 853px) 100vw, 853px\" \/><\/figure>\n\n\n\n<h4 class=\"wp-block-heading\" id=\"h-costos-de-los-eventos\"><strong>Costos de los eventos<\/strong><\/h4>\n\n\n\n<p>Para asistir a los eventos de la Monterey Car Week, los costos var\u00edan dependiendo del evento y del tipo de entrada que elijas.&nbsp;<\/p>\n\n\n\n<ul class=\"wp-block-list\">\n<li><strong>Concours on the Avenue<\/strong>: La entrada es gratuita, lo que lo convierte en una excelente opci\u00f3n para aquellos que desean disfrutar del ambiente de la Monterey Car Week sin gastar mucho dinero.<\/li>\n\n\n\n<li><strong>Rolex Monterey Motorsports Reunion<\/strong>: Las entradas para este evento comienzan alrededor de $70 por d\u00eda, con opciones de paquetes de varios d\u00edas disponibles para aquellos que deseen disfrutar de todas las carreras.<\/li>\n\n\n\n<li><strong>The Quail, A Motorsports Gathering<\/strong>: Este evento es conocido por ser uno de los m\u00e1s exclusivos y costosos de la semana. Las entradas suelen rondar los $600 a $900, e incluyen acceso a la exhibici\u00f3n de autos y a una selecci\u00f3n de experiencias gastron\u00f3micas.<\/li>\n\n\n\n<li><strong>Pebble Beach Concours d&#8217;Elegance<\/strong>: Asistir a este prestigioso evento puede costar entre $400 y $500, dependiendo de la anticipaci\u00f3n con la que se compren las entradas y de las opciones adicionales, como el acceso VIP.<\/li>\n<\/ul>\n\n\n\n<figure class=\"wp-block-image size-large\"><img decoding=\"async\" width=\"1024\" height=\"576\" src=\"https:\/\/us.as.com\/autos\/wp-content\/uploads\/2024\/08\/440934206_831232529028178_8750032019443100413_n-1024x576.jpg\" alt=\"\" class=\"wp-image-4925\" srcset=\"https:\/\/us.as.com\/autos\/wp-content\/uploads\/2024\/08\/440934206_831232529028178_8750032019443100413_n-1024x576.jpg 1024w, https:\/\/us.as.com\/autos\/wp-content\/uploads\/2024\/08\/440934206_831232529028178_8750032019443100413_n-300x169.jpg 300w, https:\/\/us.as.com\/autos\/wp-content\/uploads\/2024\/08\/440934206_831232529028178_8750032019443100413_n-768x432.jpg 768w, https:\/\/us.as.com\/autos\/wp-content\/uploads\/2024\/08\/440934206_831232529028178_8750032019443100413_n-1536x864.jpg 1536w, https:\/\/us.as.com\/autos\/wp-content\/uploads\/2024\/08\/440934206_831232529028178_8750032019443100413_n-1200x675.jpg 1200w, https:\/\/us.as.com\/autos\/wp-content\/uploads\/2024\/08\/440934206_831232529028178_8750032019443100413_n-800x450.jpg 800w, https:\/\/us.as.com\/autos\/wp-content\/uploads\/2024\/08\/440934206_831232529028178_8750032019443100413_n-450x253.jpg 450w, https:\/\/us.as.com\/autos\/wp-content\/uploads\/2024\/08\/440934206_831232529028178_8750032019443100413_n.jpg 2048w\" sizes=\"(max-width: 1024px) 100vw, 1024px\" \/><\/figure>\n\n\n\n<h4 class=\"wp-block-heading\" id=\"h-por-que-es-tan-especial-la-monterey-car-week\"><strong>\u00bfPor qu\u00e9 es tan especial la Monterey Car Week?<\/strong><\/h4>\n\n\n\n<p>Para los coleccionistas y aficionados, es una oportunidad \u00fanica para ver de cerca veh\u00edculos que rara vez se muestran en p\u00fablico. Del mismo modo, es una plataforma donde se presentan nuevos modelos y prototipos, y donde los fabricantes y restauradores pueden mostrar su trabajo al mundo.<\/p>\n\n\n\n<p>La diversidad de eventos asegura que haya algo para todos, desde los puristas del automovilismo hasta las familias que buscan pasar un buen rato. La semana tambi\u00e9n es un punto de encuentro para personas de todo el mundo que comparten una pasi\u00f3n com\u00fan, creando un ambiente \u00fanico y vibrante.<\/p>\n","protected":false},"excerpt":{"rendered":"<p>Si se es un apasionado de los autos cl\u00e1sicos o se disfruta de los eventos automovil\u00edsticos, seguramente se ha escuchado hablar de la Monterey Car Week.&nbsp; Para 2024, la celebraci\u00f3n promete ser m\u00e1s espectacular que nunca, con una serie de actividades y exposiciones que har\u00e1n las delicias de los aficionados a los veh\u00edculos antiguos.&nbsp; Ya [&hellip;]<\/p>\n","protected":false},"author":9,"featured_media":4922,"comment_status":"open","ping_status":"open","sticky":false,"template":"","format":"standard","meta":{"_acf_changed":false,"footnotes":""},"categories":[48],"tags":[209,188],"marcas":[],"class_list":["post-4920","post","type-post","status-publish","format-standard","has-post-thumbnail","hentry","category-auto-shows","tag-auto-shows","tag-autos-clasicos","cat-48-id"],"acf":[],"yoast_head":"<!-- This site is optimized with the Yoast SEO Premium plugin  - https:\/\/yoast.com\/wordpress\/plugins\/seo\/ -->\n<title>Monterey Car Week 2024: Fechas, horarios y costos - Autos<\/title>\n<meta name=\"description\" content=\"Monterey Car Week es uno de los eventos m\u00e1s emocionantes del calendario automotor especialmente para los entusiastas y coleccionistas de autos\" \/>\n<meta name=\"robots\" content=\"index, follow, max-snippet:-1, max-image-preview:large, max-video-preview:-1\" \/>\n<link rel=\"canonical\" href=\"https:\/\/us.as.com\/autos\/auto-shows\/monterey-car-week-2024-fechas-horarios-y-costos\/\" \/>\n<meta property=\"og:locale\" content=\"es_ES\" \/>\n<meta property=\"og:type\" content=\"article\" \/>\n<meta property=\"og:title\" content=\"Monterey Car Week 2024: Fechas, horarios y costos - Autos\" \/>\n<meta property=\"og:description\" content=\"Monterey Car Week es uno de los eventos m\u00e1s emocionantes del calendario automotor especialmente para los entusiastas y coleccionistas de autos\" \/>\n<meta property=\"og:url\" content=\"https:\/\/us.as.com\/autos\/auto-shows\/monterey-car-week-2024-fechas-horarios-y-costos\/\" \/>\n<meta property=\"og:site_name\" content=\"Autos\" \/>\n<meta property=\"article:published_time\" content=\"2024-08-02T15:17:18+00:00\" \/>\n<meta property=\"article:modified_time\" content=\"2024-08-02T15:22:32+00:00\" \/>\n<meta property=\"og:image\" content=\"https:\/\/us.as.com\/autos\/wp-content\/uploads\/2024\/08\/452258514_873390518145712_8103730905400912166_n.jpg\" \/>\n\t<meta property=\"og:image:width\" content=\"2005\" \/>\n\t<meta property=\"og:image:height\" content=\"1128\" \/>\n\t<meta property=\"og:image:type\" content=\"image\/jpeg\" \/>\n<meta name=\"author\" content=\"Luis Hern\u00e1ndez del Arco\" \/>\n<meta name=\"twitter:card\" content=\"summary_large_image\" \/>\n<meta name=\"twitter:creator\" content=\"@https:\/\/x.com\/ldelarco\" \/>\n<meta name=\"twitter:label1\" content=\"Escrito por\" \/>\n\t<meta name=\"twitter:data1\" content=\"Luis Hern\u00e1ndez del Arco\" \/>\n\t<meta name=\"twitter:label2\" content=\"Tiempo de lectura\" \/>\n\t<meta name=\"twitter:data2\" content=\"4 minutos\" \/>\n<script type=\"application\/ld+json\" class=\"yoast-schema-graph\">{\"@context\":\"https:\/\/schema.org\",\"@graph\":[{\"@type\":\"WebPage\",\"@id\":\"https:\/\/us.as.com\/autos\/auto-shows\/monterey-car-week-2024-fechas-horarios-y-costos\/\",\"url\":\"https:\/\/us.as.com\/autos\/auto-shows\/monterey-car-week-2024-fechas-horarios-y-costos\/\",\"name\":\"Monterey Car Week 2024: Fechas, horarios y costos - Autos\",\"isPartOf\":{\"@id\":\"https:\/\/us.as.com\/autos\/#website\"},\"primaryImageOfPage\":{\"@id\":\"https:\/\/us.as.com\/autos\/auto-shows\/monterey-car-week-2024-fechas-horarios-y-costos\/#primaryimage\"},\"image\":{\"@id\":\"https:\/\/us.as.com\/autos\/auto-shows\/monterey-car-week-2024-fechas-horarios-y-costos\/#primaryimage\"},\"thumbnailUrl\":\"https:\/\/us.as.com\/autos\/wp-content\/uploads\/2024\/08\/452258514_873390518145712_8103730905400912166_n.jpg\",\"datePublished\":\"2024-08-02T15:17:18+00:00\",\"dateModified\":\"2024-08-02T15:22:32+00:00\",\"author\":{\"@id\":\"https:\/\/us.as.com\/autos\/#\/schema\/person\/b59ded8d3d136c0f0f7adae8ab7f1712\"},\"description\":\"Monterey Car Week es uno de los eventos m\u00e1s emocionantes del calendario automotor especialmente para los entusiastas y coleccionistas de autos\",\"inLanguage\":\"es\",\"potentialAction\":[{\"@type\":\"ReadAction\",\"target\":[\"https:\/\/us.as.com\/autos\/auto-shows\/monterey-car-week-2024-fechas-horarios-y-costos\/\"]}]},{\"@type\":\"ImageObject\",\"inLanguage\":\"es\",\"@id\":\"https:\/\/us.as.com\/autos\/auto-shows\/monterey-car-week-2024-fechas-horarios-y-costos\/#primaryimage\",\"url\":\"https:\/\/us.as.com\/autos\/wp-content\/uploads\/2024\/08\/452258514_873390518145712_8103730905400912166_n.jpg\",\"contentUrl\":\"https:\/\/us.as.com\/autos\/wp-content\/uploads\/2024\/08\/452258514_873390518145712_8103730905400912166_n.jpg\",\"width\":2005,\"height\":1128},{\"@type\":\"WebSite\",\"@id\":\"https:\/\/us.as.com\/autos\/#website\",\"url\":\"https:\/\/us.as.com\/autos\/\",\"name\":\"Autos\",\"description\":\"\",\"potentialAction\":[{\"@type\":\"SearchAction\",\"target\":{\"@type\":\"EntryPoint\",\"urlTemplate\":\"https:\/\/us.as.com\/autos\/?s={search_term_string}\"},\"query-input\":{\"@type\":\"PropertyValueSpecification\",\"valueRequired\":true,\"valueName\":\"search_term_string\"}}],\"inLanguage\":\"es\"},{\"@type\":\"Person\",\"@id\":\"https:\/\/us.as.com\/autos\/#\/schema\/person\/b59ded8d3d136c0f0f7adae8ab7f1712\",\"name\":\"Luis Hern\u00e1ndez del Arco\",\"image\":{\"@type\":\"ImageObject\",\"inLanguage\":\"es\",\"@id\":\"https:\/\/us.as.com\/autos\/#\/schema\/person\/image\/\",\"url\":\"https:\/\/secure.gravatar.com\/avatar\/c2b7262a4ee821aa4260ed5f07cfd999?s=96&d=mm&r=g\",\"contentUrl\":\"https:\/\/secure.gravatar.com\/avatar\/c2b7262a4ee821aa4260ed5f07cfd999?s=96&d=mm&r=g\",\"caption\":\"Luis Hern\u00e1ndez del Arco\"},\"sameAs\":[\"https:\/\/us.as.com\/autos\/\",\"https:\/\/www.instagram.com\/luisdelarcoh\",\"https:\/\/x.com\/https:\/\/x.com\/ldelarco\"],\"gender\":\"Hombre\",\"jobTitle\":\"Editor\",\"worksFor\":\"Grupo Prisa\",\"url\":\"https:\/\/us.as.com\/autos\/autor\/lhernandezd\/\"}]}<\/script>\n<!-- \/ Yoast SEO Premium plugin. -->","yoast_head_json":{"title":"Monterey Car Week 2024: Fechas, horarios y costos - Autos","description":"Monterey Car Week es uno de los eventos m\u00e1s emocionantes del calendario automotor especialmente para los entusiastas y coleccionistas de autos","robots":{"index":"index","follow":"follow","max-snippet":"max-snippet:-1","max-image-preview":"max-image-preview:large","max-video-preview":"max-video-preview:-1"},"canonical":"https:\/\/us.as.com\/autos\/auto-shows\/monterey-car-week-2024-fechas-horarios-y-costos\/","og_locale":"es_ES","og_type":"article","og_title":"Monterey Car Week 2024: Fechas, horarios y costos - Autos","og_description":"Monterey Car Week es uno de los eventos m\u00e1s emocionantes del calendario automotor especialmente para los entusiastas y coleccionistas de autos","og_url":"https:\/\/us.as.com\/autos\/auto-shows\/monterey-car-week-2024-fechas-horarios-y-costos\/","og_site_name":"Autos","article_published_time":"2024-08-02T15:17:18+00:00","article_modified_time":"2024-08-02T15:22:32+00:00","og_image":[{"width":2005,"height":1128,"url":"https:\/\/us.as.com\/autos\/wp-content\/uploads\/2024\/08\/452258514_873390518145712_8103730905400912166_n.jpg","type":"image\/jpeg"}],"author":"Luis Hern\u00e1ndez del Arco","twitter_card":"summary_large_image","twitter_creator":"@https:\/\/x.com\/ldelarco","twitter_misc":{"Escrito por":"Luis Hern\u00e1ndez del Arco","Tiempo de lectura":"4 minutos"},"schema":{"@context":"https:\/\/schema.org","@graph":[{"@type":"WebPage","@id":"https:\/\/us.as.com\/autos\/auto-shows\/monterey-car-week-2024-fechas-horarios-y-costos\/","url":"https:\/\/us.as.com\/autos\/auto-shows\/monterey-car-week-2024-fechas-horarios-y-costos\/","name":"Monterey Car Week 2024: Fechas, horarios y costos - Autos","isPartOf":{"@id":"https:\/\/us.as.com\/autos\/#website"},"primaryImageOfPage":{"@id":"https:\/\/us.as.com\/autos\/auto-shows\/monterey-car-week-2024-fechas-horarios-y-costos\/#primaryimage"},"image":{"@id":"https:\/\/us.as.com\/autos\/auto-shows\/monterey-car-week-2024-fechas-horarios-y-costos\/#primaryimage"},"thumbnailUrl":"https:\/\/us.as.com\/autos\/wp-content\/uploads\/2024\/08\/452258514_873390518145712_8103730905400912166_n.jpg","datePublished":"2024-08-02T15:17:18+00:00","dateModified":"2024-08-02T15:22:32+00:00","author":{"@id":"https:\/\/us.as.com\/autos\/#\/schema\/person\/b59ded8d3d136c0f0f7adae8ab7f1712"},"description":"Monterey Car Week es uno de los eventos m\u00e1s emocionantes del calendario automotor especialmente para los entusiastas y coleccionistas de autos","inLanguage":"es","potentialAction":[{"@type":"ReadAction","target":["https:\/\/us.as.com\/autos\/auto-shows\/monterey-car-week-2024-fechas-horarios-y-costos\/"]}]},{"@type":"ImageObject","inLanguage":"es","@id":"https:\/\/us.as.com\/autos\/auto-shows\/monterey-car-week-2024-fechas-horarios-y-costos\/#primaryimage","url":"https:\/\/us.as.com\/autos\/wp-content\/uploads\/2024\/08\/452258514_873390518145712_8103730905400912166_n.jpg","contentUrl":"https:\/\/us.as.com\/autos\/wp-content\/uploads\/2024\/08\/452258514_873390518145712_8103730905400912166_n.jpg","width":2005,"height":1128},{"@type":"WebSite","@id":"https:\/\/us.as.com\/autos\/#website","url":"https:\/\/us.as.com\/autos\/","name":"Autos","description":"","potentialAction":[{"@type":"SearchAction","target":{"@type":"EntryPoint","urlTemplate":"https:\/\/us.as.com\/autos\/?s={search_term_string}"},"query-input":{"@type":"PropertyValueSpecification","valueRequired":true,"valueName":"search_term_string"}}],"inLanguage":"es"},{"@type":"Person","@id":"https:\/\/us.as.com\/autos\/#\/schema\/person\/b59ded8d3d136c0f0f7adae8ab7f1712","name":"Luis Hern\u00e1ndez del Arco","image":{"@type":"ImageObject","inLanguage":"es","@id":"https:\/\/us.as.com\/autos\/#\/schema\/person\/image\/","url":"https:\/\/secure.gravatar.com\/avatar\/c2b7262a4ee821aa4260ed5f07cfd999?s=96&d=mm&r=g","contentUrl":"https:\/\/secure.gravatar.com\/avatar\/c2b7262a4ee821aa4260ed5f07cfd999?s=96&d=mm&r=g","caption":"Luis Hern\u00e1ndez del Arco"},"sameAs":["https:\/\/us.as.com\/autos\/","https:\/\/www.instagram.com\/luisdelarcoh","https:\/\/x.com\/https:\/\/x.com\/ldelarco"],"gender":"Hombre","jobTitle":"Editor","worksFor":"Grupo Prisa","url":"https:\/\/us.as.com\/autos\/autor\/lhernandezd\/"}]}},"amp_enabled":true,"_links":{"self":[{"href":"https:\/\/us.as.com\/autos\/wp-json\/wp\/v2\/posts\/4920","targetHints":{"allow":["GET"]}}],"collection":[{"href":"https:\/\/us.as.com\/autos\/wp-json\/wp\/v2\/posts"}],"about":[{"href":"https:\/\/us.as.com\/autos\/wp-json\/wp\/v2\/types\/post"}],"author":[{"embeddable":true,"href":"https:\/\/us.as.com\/autos\/wp-json\/wp\/v2\/users\/9"}],"replies":[{"embeddable":true,"href":"https:\/\/us.as.com\/autos\/wp-json\/wp\/v2\/comments?post=4920"}],"version-history":[{"count":1,"href":"https:\/\/us.as.com\/autos\/wp-json\/wp\/v2\/posts\/4920\/revisions"}],"predecessor-version":[{"id":4927,"href":"https:\/\/us.as.com\/autos\/wp-json\/wp\/v2\/posts\/4920\/revisions\/4927"}],"wp:featuredmedia":[{"embeddable":true,"href":"https:\/\/us.as.com\/autos\/wp-json\/wp\/v2\/media\/4922"}],"wp:attachment":[{"href":"https:\/\/us.as.com\/autos\/wp-json\/wp\/v2\/media?parent=4920"}],"wp:term":[{"taxonomy":"category","embeddable":true,"href":"https:\/\/us.as.com\/autos\/wp-json\/wp\/v2\/categories?post=4920"},{"taxonomy":"post_tag","embeddable":true,"href":"https:\/\/us.as.com\/autos\/wp-json\/wp\/v2\/tags?post=4920"},{"taxonomy":"marcas","embeddable":true,"href":"https:\/\/us.as.com\/autos\/wp-json\/wp\/v2\/marcas?post=4920"}],"curies":[{"name":"wp","href":"https:\/\/api.w.org\/{rel}","templated":true}]}}