{"id":4888,"date":"2024-07-31T19:13:25","date_gmt":"2024-07-31T17:13:25","guid":{"rendered":"https:\/\/us.as.com\/autos\/?p=4888"},"modified":"2024-07-31T19:13:26","modified_gmt":"2024-07-31T17:13:26","slug":"auto-show-de-paris-2024-historia-relevancia-mondial-de-lauto","status":"publish","type":"post","link":"https:\/\/us.as.com\/autos\/auto-shows\/auto-show-de-paris-2024-historia-relevancia-mondial-de-lauto\/","title":{"rendered":"Auto Show de Par\u00eds 2024: Historia y relevancia del Mondial de l&#8217;Auto"},"content":{"rendered":"\n<p>De todos los eventos de autom\u00f3viles que existen, el Mondial de l&#8217;Auto, conocido como el Auto Show de Par\u00eds, es uno de los m\u00e1s emblem\u00e1ticos del mundo.&nbsp;<\/p>\n\n\n\n<p>Fundada en 1898, esta feria automotriz bienal ha sido testigo de m\u00e1s de un siglo de innovaci\u00f3n y cambios en la industria del autom\u00f3vil. Concretamente, la edici\u00f3n de 2024 marca su 90\u00aa celebraci\u00f3n, un hito significativo que refuerza su relevancia y prestigio en el \u00e1mbito mundial.<\/p>\n\n\n\n<p>Este Auto Show de Par\u00eds se inaugur\u00f3 por primera vez en el Jard\u00edn de las Tuller\u00edas, organizado por el pionero del autom\u00f3vil Albert de Dion. Desde entonces, ha evolucionado, adapt\u00e1ndose a los cambios tecnol\u00f3gicos y las demandas del mercado.&nbsp;<\/p>\n\n\n\n<p>Durante d\u00e9cadas, este evento ha sido el escenario donde se han presentado innovaciones revolucionarias, desde los primeros autos a gasolina hasta los veh\u00edculos el\u00e9ctricos m\u00e1s avanzados de la actualidad.<\/p>\n\n\n\n<h4 class=\"wp-block-heading\" id=\"h-la-relevancia-del-evento\"><strong>La Relevancia del Evento<\/strong><\/h4>\n\n\n\n<p>Dada su relevancia, el Mondial de l&#8217;Auto no es solo un lugar para admirar autos hermosos y futuristas, sino que tambi\u00e9n es un bar\u00f3metro de las tendencias globales en la industria automotriz.&nbsp;<\/p>\n\n\n\n<p>Aqu\u00ed es donde los fabricantes muestran sus \u00faltimos modelos y conceptos, marcando el camino a seguir para el futuro. En un mundo donde la movilidad est\u00e1 en constante evoluci\u00f3n, el Auto Show de Par\u00eds se mantiene como un punto de referencia crucial para entender hacia d\u00f3nde se dirige la industria.<\/p>\n\n\n\n<p><strong><a href=\"https:\/\/us.as.com\/autos\/curiosidades\/la-historia-de-maserati-en-siete-momentos-clave\/\">Y aparte, tras el cierre definitivo del Auto Show Ginebra,<\/a><\/strong> el Mondial de l&#8217;Auto ha ganado a\u00fan m\u00e1s relevancia, consolid\u00e1ndose como uno de los pocos grandes salones del autom\u00f3vil en Europa. Su alternancia con el Auto Show de M\u00fanich (antes Frankfurt) refuerza su importancia como una plataforma esencial para el lanzamiento de nuevas tecnolog\u00edas y modelos.<\/p>\n\n\n\n<figure class=\"wp-block-image size-large\"><img decoding=\"async\" width=\"1024\" height=\"576\" src=\"https:\/\/us.as.com\/autos\/wp-content\/uploads\/2024\/07\/photo-mondial-de-l-auto-2022-5-1024x576.jpg\" alt=\"\" class=\"wp-image-4893\" srcset=\"https:\/\/us.as.com\/autos\/wp-content\/uploads\/2024\/07\/photo-mondial-de-l-auto-2022-5-1024x576.jpg 1024w, https:\/\/us.as.com\/autos\/wp-content\/uploads\/2024\/07\/photo-mondial-de-l-auto-2022-5-300x169.jpg 300w, https:\/\/us.as.com\/autos\/wp-content\/uploads\/2024\/07\/photo-mondial-de-l-auto-2022-5-768x432.jpg 768w, https:\/\/us.as.com\/autos\/wp-content\/uploads\/2024\/07\/photo-mondial-de-l-auto-2022-5-1200x675.jpg 1200w, https:\/\/us.as.com\/autos\/wp-content\/uploads\/2024\/07\/photo-mondial-de-l-auto-2022-5-800x450.jpg 800w, https:\/\/us.as.com\/autos\/wp-content\/uploads\/2024\/07\/photo-mondial-de-l-auto-2022-5-450x253.jpg 450w, https:\/\/us.as.com\/autos\/wp-content\/uploads\/2024\/07\/photo-mondial-de-l-auto-2022-5.jpg 1400w\" sizes=\"(max-width: 1024px) 100vw, 1024px\" \/><\/figure>\n\n\n\n<h4 class=\"wp-block-heading\" id=\"h-fechas-y-ubicacion\"><strong>Fechas y Ubicaci\u00f3n<\/strong><\/h4>\n\n\n\n<p>En la edici\u00f3n de 2024, el Auto Show de Par\u00eds se celebra del 14 al 20 de octubre en el ic\u00f3nico Parque de Exposiciones de la Puerta de Versalles en Par\u00eds. Esta ubicaci\u00f3n, conocida por su accesibilidad y capacidad para albergar grandes eventos, ser\u00e1 el epicentro de la innovaci\u00f3n automotriz durante una semana.<\/p>\n\n\n\n<h4 class=\"wp-block-heading\" id=\"h-marcas-participantes\"><strong>Marcas Participantes<\/strong><\/h4>\n\n\n\n<p>Uno de los aspectos m\u00e1s esperados del Mondial de l&#8217;Auto es la participaci\u00f3n de las principales marcas de autom\u00f3viles. Sin embargo, la edici\u00f3n de 2024 traer\u00e1 algunas sorpresas y ausencias notables.&nbsp;<\/p>\n\n\n\n<p>Seg\u00fan Serge Gachot, director del evento, los fabricantes americanos, chinos y japoneses estar\u00e1n muy infrarrepresentados. Jeep, Ford, Suzuki, Mitsubishi y Nissan no participar\u00e1n, y Toyota a\u00fan est\u00e1 evaluando su presencia.<\/p>\n\n\n\n<p>Adem\u00e1s, la ausencia de las marcas chinas, como Aiways, Chery, Geely (con Volvo y Polestar), Great Wall, Leapmotor, MG y Nio, podr\u00eda estar influenciada por los aranceles de la Uni\u00f3n Europea. No obstante, es posible que se organicen eventos colaterales durante el periodo de exposici\u00f3n.<\/p>\n\n\n\n<figure class=\"wp-block-image size-large\"><img decoding=\"async\" width=\"1024\" height=\"576\" src=\"https:\/\/us.as.com\/autos\/wp-content\/uploads\/2024\/07\/photo-mondial-de-l-auto-2022-7-1024x576.jpg\" alt=\"\" class=\"wp-image-4894\" srcset=\"https:\/\/us.as.com\/autos\/wp-content\/uploads\/2024\/07\/photo-mondial-de-l-auto-2022-7-1024x576.jpg 1024w, https:\/\/us.as.com\/autos\/wp-content\/uploads\/2024\/07\/photo-mondial-de-l-auto-2022-7-300x169.jpg 300w, https:\/\/us.as.com\/autos\/wp-content\/uploads\/2024\/07\/photo-mondial-de-l-auto-2022-7-768x432.jpg 768w, https:\/\/us.as.com\/autos\/wp-content\/uploads\/2024\/07\/photo-mondial-de-l-auto-2022-7-1200x675.jpg 1200w, https:\/\/us.as.com\/autos\/wp-content\/uploads\/2024\/07\/photo-mondial-de-l-auto-2022-7-800x450.jpg 800w, https:\/\/us.as.com\/autos\/wp-content\/uploads\/2024\/07\/photo-mondial-de-l-auto-2022-7-450x253.jpg 450w, https:\/\/us.as.com\/autos\/wp-content\/uploads\/2024\/07\/photo-mondial-de-l-auto-2022-7.jpg 1400w\" sizes=\"(max-width: 1024px) 100vw, 1024px\" \/><\/figure>\n\n\n\n<h4 class=\"wp-block-heading\" id=\"h-los-protagonistas-alemanes\"><strong>Los protagonistas alemanes<\/strong><\/h4>\n\n\n\n<p>A pesar de estas ausencias, los fabricantes alemanes ser\u00e1n los protagonistas indiscutibles. Volkswagen presentar\u00e1 en primicia mundial el Tayron, un nuevo SUV de 7 plazas, y el concepto del ID. GTI compacto el\u00e9ctrico. Su divisi\u00f3n de Veh\u00edculos Comerciales mostrar\u00e1 la nueva versi\u00f3n del ID. Buzz. Audi, por su parte, traer\u00e1 una selecci\u00f3n de su gama E-tron, incluyendo el Q6, el A6 y posiblemente un GT revisado. Skoda tambi\u00e9n estar\u00e1 presente con sus \u00faltimas novedades.<\/p>\n\n\n\n<p>Por igual, 2024 marca el regreso de BMW, BMW Motorrad y MINI. Sin embargo, Mercedes-Benz no participar\u00e1 oficialmente, como ya lo hizo en 2022, aunque podr\u00eda exhibir el SUV EQE en un entorno alternativo, como el Museo Rodin.<\/p>\n\n\n\n<p>En su edici\u00f3n de 224, el Auto Show de Par\u00eds no solo es una feria de autos, es una ventana al futuro de la movilidad. Aunque algunas marcas estar\u00e1n ausentes, la participaci\u00f3n de los gigantes alemanes garantiza que habr\u00e1 mucho que ver y admirar.&nbsp;<\/p>\n\n\n\n<p>Para los entusiastas del autom\u00f3vil y el p\u00fablico en general, el Mondial de l&#8217;Auto seguir\u00e1 siendo una cita imperdible para descubrir las \u00faltimas tendencias y avances en el mundo del motor.<\/p>\n","protected":false},"excerpt":{"rendered":"<p>De todos los eventos de autom\u00f3viles que existen, el Mondial de l&#8217;Auto, conocido como el Auto Show de Par\u00eds, es uno de los m\u00e1s emblem\u00e1ticos del mundo.&nbsp; Fundada en 1898, esta feria automotriz bienal ha sido testigo de m\u00e1s de un siglo de innovaci\u00f3n y cambios en la industria del autom\u00f3vil. Concretamente, la edici\u00f3n de [&hellip;]<\/p>\n","protected":false},"author":9,"featured_media":4891,"comment_status":"open","ping_status":"open","sticky":false,"template":"","format":"standard","meta":{"_acf_changed":false,"footnotes":""},"categories":[48],"tags":[209,231,203],"marcas":[],"class_list":["post-4888","post","type-post","status-publish","format-standard","has-post-thumbnail","hentry","category-auto-shows","tag-auto-shows","tag-autos-deportivos","tag-autos-electricos","cat-48-id"],"acf":[],"yoast_head":"<!-- This site is optimized with the Yoast SEO Premium plugin  - https:\/\/yoast.com\/wordpress\/plugins\/seo\/ -->\n<title>Auto Show de Par\u00eds 2024: Historia y relevancia del Mondial de l&#039;Auto - Autos<\/title>\n<meta name=\"description\" content=\"Desde su primera edici\u00f3n en 1898, el Auto Show de Par\u00eds ha sido un referente crucial en la industria automotriz global.\" \/>\n<meta name=\"robots\" content=\"index, follow, max-snippet:-1, max-image-preview:large, max-video-preview:-1\" \/>\n<link rel=\"canonical\" href=\"https:\/\/us.as.com\/autos\/auto-shows\/auto-show-de-paris-2024-historia-relevancia-mondial-de-lauto\/\" \/>\n<meta property=\"og:locale\" content=\"es_ES\" \/>\n<meta property=\"og:type\" content=\"article\" \/>\n<meta property=\"og:title\" content=\"Auto Show de Par\u00eds 2024: Historia y relevancia del Mondial de l&#039;Auto - Autos\" \/>\n<meta property=\"og:description\" content=\"Desde su primera edici\u00f3n en 1898, el Auto Show de Par\u00eds ha sido un referente crucial en la industria automotriz global.\" \/>\n<meta property=\"og:url\" content=\"https:\/\/us.as.com\/autos\/auto-shows\/auto-show-de-paris-2024-historia-relevancia-mondial-de-lauto\/\" \/>\n<meta property=\"og:site_name\" content=\"Autos\" \/>\n<meta property=\"article:published_time\" content=\"2024-07-31T17:13:25+00:00\" \/>\n<meta property=\"article:modified_time\" content=\"2024-07-31T17:13:26+00:00\" \/>\n<meta property=\"og:image\" content=\"https:\/\/us.as.com\/autos\/wp-content\/uploads\/2024\/07\/449738446_524575043233290_3965780674311578525_n.jpg\" \/>\n\t<meta property=\"og:image:width\" content=\"702\" \/>\n\t<meta property=\"og:image:height\" content=\"395\" \/>\n\t<meta property=\"og:image:type\" content=\"image\/jpeg\" \/>\n<meta name=\"author\" content=\"Luis Hern\u00e1ndez del Arco\" \/>\n<meta name=\"twitter:card\" content=\"summary_large_image\" \/>\n<meta name=\"twitter:creator\" content=\"@https:\/\/x.com\/ldelarco\" \/>\n<meta name=\"twitter:label1\" content=\"Escrito por\" \/>\n\t<meta name=\"twitter:data1\" content=\"Luis Hern\u00e1ndez del Arco\" \/>\n\t<meta name=\"twitter:label2\" content=\"Tiempo de lectura\" \/>\n\t<meta name=\"twitter:data2\" content=\"4 minutos\" \/>\n<script type=\"application\/ld+json\" class=\"yoast-schema-graph\">{\"@context\":\"https:\/\/schema.org\",\"@graph\":[{\"@type\":\"WebPage\",\"@id\":\"https:\/\/us.as.com\/autos\/auto-shows\/auto-show-de-paris-2024-historia-relevancia-mondial-de-lauto\/\",\"url\":\"https:\/\/us.as.com\/autos\/auto-shows\/auto-show-de-paris-2024-historia-relevancia-mondial-de-lauto\/\",\"name\":\"Auto Show de Par\u00eds 2024: Historia y relevancia del Mondial de l'Auto - Autos\",\"isPartOf\":{\"@id\":\"https:\/\/us.as.com\/autos\/#website\"},\"primaryImageOfPage\":{\"@id\":\"https:\/\/us.as.com\/autos\/auto-shows\/auto-show-de-paris-2024-historia-relevancia-mondial-de-lauto\/#primaryimage\"},\"image\":{\"@id\":\"https:\/\/us.as.com\/autos\/auto-shows\/auto-show-de-paris-2024-historia-relevancia-mondial-de-lauto\/#primaryimage\"},\"thumbnailUrl\":\"https:\/\/us.as.com\/autos\/wp-content\/uploads\/2024\/07\/449738446_524575043233290_3965780674311578525_n.jpg\",\"datePublished\":\"2024-07-31T17:13:25+00:00\",\"dateModified\":\"2024-07-31T17:13:26+00:00\",\"author\":{\"@id\":\"https:\/\/us.as.com\/autos\/#\/schema\/person\/b59ded8d3d136c0f0f7adae8ab7f1712\"},\"description\":\"Desde su primera edici\u00f3n en 1898, el Auto Show de Par\u00eds ha sido un referente crucial en la industria automotriz global.\",\"inLanguage\":\"es\",\"potentialAction\":[{\"@type\":\"ReadAction\",\"target\":[\"https:\/\/us.as.com\/autos\/auto-shows\/auto-show-de-paris-2024-historia-relevancia-mondial-de-lauto\/\"]}]},{\"@type\":\"ImageObject\",\"inLanguage\":\"es\",\"@id\":\"https:\/\/us.as.com\/autos\/auto-shows\/auto-show-de-paris-2024-historia-relevancia-mondial-de-lauto\/#primaryimage\",\"url\":\"https:\/\/us.as.com\/autos\/wp-content\/uploads\/2024\/07\/449738446_524575043233290_3965780674311578525_n.jpg\",\"contentUrl\":\"https:\/\/us.as.com\/autos\/wp-content\/uploads\/2024\/07\/449738446_524575043233290_3965780674311578525_n.jpg\",\"width\":702,\"height\":395},{\"@type\":\"WebSite\",\"@id\":\"https:\/\/us.as.com\/autos\/#website\",\"url\":\"https:\/\/us.as.com\/autos\/\",\"name\":\"Autos\",\"description\":\"\",\"potentialAction\":[{\"@type\":\"SearchAction\",\"target\":{\"@type\":\"EntryPoint\",\"urlTemplate\":\"https:\/\/us.as.com\/autos\/?s={search_term_string}\"},\"query-input\":{\"@type\":\"PropertyValueSpecification\",\"valueRequired\":true,\"valueName\":\"search_term_string\"}}],\"inLanguage\":\"es\"},{\"@type\":\"Person\",\"@id\":\"https:\/\/us.as.com\/autos\/#\/schema\/person\/b59ded8d3d136c0f0f7adae8ab7f1712\",\"name\":\"Luis Hern\u00e1ndez del Arco\",\"image\":{\"@type\":\"ImageObject\",\"inLanguage\":\"es\",\"@id\":\"https:\/\/us.as.com\/autos\/#\/schema\/person\/image\/\",\"url\":\"https:\/\/secure.gravatar.com\/avatar\/c2b7262a4ee821aa4260ed5f07cfd999?s=96&d=mm&r=g\",\"contentUrl\":\"https:\/\/secure.gravatar.com\/avatar\/c2b7262a4ee821aa4260ed5f07cfd999?s=96&d=mm&r=g\",\"caption\":\"Luis Hern\u00e1ndez del Arco\"},\"sameAs\":[\"https:\/\/us.as.com\/autos\/\",\"https:\/\/www.instagram.com\/luisdelarcoh\",\"https:\/\/x.com\/https:\/\/x.com\/ldelarco\"],\"gender\":\"Hombre\",\"jobTitle\":\"Editor\",\"worksFor\":\"Grupo Prisa\",\"url\":\"https:\/\/us.as.com\/autos\/autor\/lhernandezd\/\"}]}<\/script>\n<!-- \/ Yoast SEO Premium plugin. -->","yoast_head_json":{"title":"Auto Show de Par\u00eds 2024: Historia y relevancia del Mondial de l'Auto - Autos","description":"Desde su primera edici\u00f3n en 1898, el Auto Show de Par\u00eds ha sido un referente crucial en la industria automotriz global.","robots":{"index":"index","follow":"follow","max-snippet":"max-snippet:-1","max-image-preview":"max-image-preview:large","max-video-preview":"max-video-preview:-1"},"canonical":"https:\/\/us.as.com\/autos\/auto-shows\/auto-show-de-paris-2024-historia-relevancia-mondial-de-lauto\/","og_locale":"es_ES","og_type":"article","og_title":"Auto Show de Par\u00eds 2024: Historia y relevancia del Mondial de l'Auto - Autos","og_description":"Desde su primera edici\u00f3n en 1898, el Auto Show de Par\u00eds ha sido un referente crucial en la industria automotriz global.","og_url":"https:\/\/us.as.com\/autos\/auto-shows\/auto-show-de-paris-2024-historia-relevancia-mondial-de-lauto\/","og_site_name":"Autos","article_published_time":"2024-07-31T17:13:25+00:00","article_modified_time":"2024-07-31T17:13:26+00:00","og_image":[{"width":702,"height":395,"url":"https:\/\/us.as.com\/autos\/wp-content\/uploads\/2024\/07\/449738446_524575043233290_3965780674311578525_n.jpg","type":"image\/jpeg"}],"author":"Luis Hern\u00e1ndez del Arco","twitter_card":"summary_large_image","twitter_creator":"@https:\/\/x.com\/ldelarco","twitter_misc":{"Escrito por":"Luis Hern\u00e1ndez del Arco","Tiempo de lectura":"4 minutos"},"schema":{"@context":"https:\/\/schema.org","@graph":[{"@type":"WebPage","@id":"https:\/\/us.as.com\/autos\/auto-shows\/auto-show-de-paris-2024-historia-relevancia-mondial-de-lauto\/","url":"https:\/\/us.as.com\/autos\/auto-shows\/auto-show-de-paris-2024-historia-relevancia-mondial-de-lauto\/","name":"Auto Show de Par\u00eds 2024: Historia y relevancia del Mondial de l'Auto - Autos","isPartOf":{"@id":"https:\/\/us.as.com\/autos\/#website"},"primaryImageOfPage":{"@id":"https:\/\/us.as.com\/autos\/auto-shows\/auto-show-de-paris-2024-historia-relevancia-mondial-de-lauto\/#primaryimage"},"image":{"@id":"https:\/\/us.as.com\/autos\/auto-shows\/auto-show-de-paris-2024-historia-relevancia-mondial-de-lauto\/#primaryimage"},"thumbnailUrl":"https:\/\/us.as.com\/autos\/wp-content\/uploads\/2024\/07\/449738446_524575043233290_3965780674311578525_n.jpg","datePublished":"2024-07-31T17:13:25+00:00","dateModified":"2024-07-31T17:13:26+00:00","author":{"@id":"https:\/\/us.as.com\/autos\/#\/schema\/person\/b59ded8d3d136c0f0f7adae8ab7f1712"},"description":"Desde su primera edici\u00f3n en 1898, el Auto Show de Par\u00eds ha sido un referente crucial en la industria automotriz global.","inLanguage":"es","potentialAction":[{"@type":"ReadAction","target":["https:\/\/us.as.com\/autos\/auto-shows\/auto-show-de-paris-2024-historia-relevancia-mondial-de-lauto\/"]}]},{"@type":"ImageObject","inLanguage":"es","@id":"https:\/\/us.as.com\/autos\/auto-shows\/auto-show-de-paris-2024-historia-relevancia-mondial-de-lauto\/#primaryimage","url":"https:\/\/us.as.com\/autos\/wp-content\/uploads\/2024\/07\/449738446_524575043233290_3965780674311578525_n.jpg","contentUrl":"https:\/\/us.as.com\/autos\/wp-content\/uploads\/2024\/07\/449738446_524575043233290_3965780674311578525_n.jpg","width":702,"height":395},{"@type":"WebSite","@id":"https:\/\/us.as.com\/autos\/#website","url":"https:\/\/us.as.com\/autos\/","name":"Autos","description":"","potentialAction":[{"@type":"SearchAction","target":{"@type":"EntryPoint","urlTemplate":"https:\/\/us.as.com\/autos\/?s={search_term_string}"},"query-input":{"@type":"PropertyValueSpecification","valueRequired":true,"valueName":"search_term_string"}}],"inLanguage":"es"},{"@type":"Person","@id":"https:\/\/us.as.com\/autos\/#\/schema\/person\/b59ded8d3d136c0f0f7adae8ab7f1712","name":"Luis Hern\u00e1ndez del Arco","image":{"@type":"ImageObject","inLanguage":"es","@id":"https:\/\/us.as.com\/autos\/#\/schema\/person\/image\/","url":"https:\/\/secure.gravatar.com\/avatar\/c2b7262a4ee821aa4260ed5f07cfd999?s=96&d=mm&r=g","contentUrl":"https:\/\/secure.gravatar.com\/avatar\/c2b7262a4ee821aa4260ed5f07cfd999?s=96&d=mm&r=g","caption":"Luis Hern\u00e1ndez del Arco"},"sameAs":["https:\/\/us.as.com\/autos\/","https:\/\/www.instagram.com\/luisdelarcoh","https:\/\/x.com\/https:\/\/x.com\/ldelarco"],"gender":"Hombre","jobTitle":"Editor","worksFor":"Grupo Prisa","url":"https:\/\/us.as.com\/autos\/autor\/lhernandezd\/"}]}},"amp_enabled":true,"_links":{"self":[{"href":"https:\/\/us.as.com\/autos\/wp-json\/wp\/v2\/posts\/4888","targetHints":{"allow":["GET"]}}],"collection":[{"href":"https:\/\/us.as.com\/autos\/wp-json\/wp\/v2\/posts"}],"about":[{"href":"https:\/\/us.as.com\/autos\/wp-json\/wp\/v2\/types\/post"}],"author":[{"embeddable":true,"href":"https:\/\/us.as.com\/autos\/wp-json\/wp\/v2\/users\/9"}],"replies":[{"embeddable":true,"href":"https:\/\/us.as.com\/autos\/wp-json\/wp\/v2\/comments?post=4888"}],"version-history":[{"count":3,"href":"https:\/\/us.as.com\/autos\/wp-json\/wp\/v2\/posts\/4888\/revisions"}],"predecessor-version":[{"id":4895,"href":"https:\/\/us.as.com\/autos\/wp-json\/wp\/v2\/posts\/4888\/revisions\/4895"}],"wp:featuredmedia":[{"embeddable":true,"href":"https:\/\/us.as.com\/autos\/wp-json\/wp\/v2\/media\/4891"}],"wp:attachment":[{"href":"https:\/\/us.as.com\/autos\/wp-json\/wp\/v2\/media?parent=4888"}],"wp:term":[{"taxonomy":"category","embeddable":true,"href":"https:\/\/us.as.com\/autos\/wp-json\/wp\/v2\/categories?post=4888"},{"taxonomy":"post_tag","embeddable":true,"href":"https:\/\/us.as.com\/autos\/wp-json\/wp\/v2\/tags?post=4888"},{"taxonomy":"marcas","embeddable":true,"href":"https:\/\/us.as.com\/autos\/wp-json\/wp\/v2\/marcas?post=4888"}],"curies":[{"name":"wp","href":"https:\/\/api.w.org\/{rel}","templated":true}]}}