{"id":4758,"date":"2024-07-23T15:02:58","date_gmt":"2024-07-23T13:02:58","guid":{"rendered":"https:\/\/us.as.com\/autos\/?p=4758"},"modified":"2024-07-23T15:02:59","modified_gmt":"2024-07-23T13:02:59","slug":"tesla-2024-ventas-a-la-baja","status":"publish","type":"post","link":"https:\/\/us.as.com\/autos\/electricos\/tesla-2024-ventas-a-la-baja\/","title":{"rendered":"\u00bf2024 no ha sido el a\u00f1o de Tesla?"},"content":{"rendered":"\n<p>Este a\u00f1o no ha sido el mejor para Tesla. Despu\u00e9s de un 2023 en el que las ventas iban viento en popa, 2024 ha tra\u00eddo consigo una serie de desaf\u00edos que han impactado negativamente a la marca de Elon Musk.&nbsp;<\/p>\n\n\n\n<p>Y es que, a diferencia de a\u00f1os anteriores, Tesla ha enfrentado una baja en sus ventas en diferentes mercados clave, y este declive se ha hecho evidente en sus cifras.<\/p>\n\n\n\n<p>De acuerdo con las cifras de ventas del primer semestre del 2024, proporcionadas por JATO Dynamics, <strong><a href=\"https:\/\/us.as.com\/autos\/curiosidades\/que-tan-cierto-es-que-tesla-queda-a-deber-en-calidad\/\">muestran una realidad preocupante para Tesla. <\/a><\/strong>En Estados Unidos, las ventas de Tesla han disminuido un 8%, y en Europa, la ca\u00edda ha sido a\u00fan m\u00e1s dr\u00e1stica, alcanzando el 13%.\u00a0<\/p>\n\n\n\n<p>En total, durante los primeros seis meses de este a\u00f1o, Tesla vendi\u00f3 161,200 autom\u00f3viles, una reducci\u00f3n significativa comparada con los 185,200 vendidos en el mismo per\u00edodo de 2023. Esta tendencia a la baja no parece mejorar en la segunda mitad del a\u00f1o, lo que sugiere que 2024 ser\u00e1 un a\u00f1o dif\u00edcil de olvidar para la compa\u00f1\u00eda.<\/p>\n\n\n\n<p><strong>Falta de innovaci\u00f3n en la gama de modelos<\/strong><\/p>\n\n\n\n<p>Una de las razones detr\u00e1s de esta ca\u00edda en las ventas es la falta de innovaci\u00f3n en la gama de modelos de Tesla. Mientras otras marcas actualizan constantemente sus ofertas, Tesla sigue confiando en sus cuatro modelos principales: el Model S, el Model X, el Model 3 y el Model Y.&nbsp;<\/p>\n\n\n\n<p>Si bien estos veh\u00edculos siguen siendo populares, la falta de novedades y actualizaciones significativas ha llevado a que los consumidores busquen opciones m\u00e1s frescas y actualizadas de otras marcas.<\/p>\n\n\n\n<p>Particularmente, el Model Y sigue siendo el modelo m\u00e1s importante de Tesla. No obstante, est\u00e1 claro que necesita un facelift para mantenerse competitivo en el mercado actual. A pesar de su atractivo y su acceso a la excelente red de carga, la competencia en el sector de los veh\u00edculos el\u00e9ctricos es feroz, y nuevos competidores emergen casi todos los meses, erosionando poco a poco la cuota de mercado de Tesla.<\/p>\n\n\n\n<figure class=\"wp-block-image size-large\"><img decoding=\"async\" width=\"1024\" height=\"576\" src=\"https:\/\/us.as.com\/autos\/wp-content\/uploads\/2024\/07\/pixelcut-export-2024-07-15T085623.463-1024x576.jpg\" alt=\"Tesla Model 3 RWD Long Range\" class=\"wp-image-4606\" srcset=\"https:\/\/us.as.com\/autos\/wp-content\/uploads\/2024\/07\/pixelcut-export-2024-07-15T085623.463-1024x576.jpg 1024w, https:\/\/us.as.com\/autos\/wp-content\/uploads\/2024\/07\/pixelcut-export-2024-07-15T085623.463-300x169.jpg 300w, https:\/\/us.as.com\/autos\/wp-content\/uploads\/2024\/07\/pixelcut-export-2024-07-15T085623.463-768x432.jpg 768w, https:\/\/us.as.com\/autos\/wp-content\/uploads\/2024\/07\/pixelcut-export-2024-07-15T085623.463-1536x864.jpg 1536w, https:\/\/us.as.com\/autos\/wp-content\/uploads\/2024\/07\/pixelcut-export-2024-07-15T085623.463-2048x1152.jpg 2048w, https:\/\/us.as.com\/autos\/wp-content\/uploads\/2024\/07\/pixelcut-export-2024-07-15T085623.463-1200x675.jpg 1200w, https:\/\/us.as.com\/autos\/wp-content\/uploads\/2024\/07\/pixelcut-export-2024-07-15T085623.463-800x450.jpg 800w, https:\/\/us.as.com\/autos\/wp-content\/uploads\/2024\/07\/pixelcut-export-2024-07-15T085623.463-450x253.jpg 450w\" sizes=\"(max-width: 1024px) 100vw, 1024px\" \/><\/figure>\n\n\n\n<p><strong>El impacto de la competencia<\/strong><\/p>\n\n\n\n<p>Del mismo modo, la competencia en el mercado de los veh\u00edculos el\u00e9ctricos se ha intensificado en los \u00faltimos a\u00f1os. Marcas establecidas y nuevas empresas est\u00e1n lanzando modelos innovadores y atractivos que desaf\u00edan a Tesla en todos los frentes. Estas marcas no solo ofrecen veh\u00edculos con caracter\u00edsticas similares o superiores, sino que tambi\u00e9n est\u00e1n adoptando estrategias de precios agresivas y mejorando sus propias infraestructuras de carga.<\/p>\n\n\n\n<p>Tesla ha sido pionera en el mercado de los veh\u00edculos el\u00e9ctricos, y su red de carga sigue siendo una de las mejores del mundo. Sin embargo, la competencia ha aprendido r\u00e1pidamente y ha comenzado a cerrar la brecha. Los consumidores ahora tienen m\u00e1s opciones que nunca, y muchos est\u00e1n optando por marcas que ofrecen m\u00e1s por su dinero, tanto en t\u00e9rminos de caracter\u00edsticas del veh\u00edculo como de infraestructura de soporte.<\/p>\n\n\n\n<p><strong>El futuro de Tesla<\/strong><\/p>\n\n\n\n<p>Aunque 2024 no ha sido un a\u00f1o favorable para Tesla, no todo est\u00e1 perdido. La marca sigue teniendo una base de seguidores leales y una s\u00f3lida reputaci\u00f3n en el mercado. Al igual, hay expectativas de que Tesla lance un facelift del Model Y el pr\u00f3ximo a\u00f1o, lo que podr\u00eda revitalizar sus ventas y ayudar a la marca a recuperar parte del terreno perdido.<\/p>\n\n\n\n<p>No hay duda que 2024 ser\u00e1 un a\u00f1o para el olvido, el futuro a\u00fan puede ser brillante para la marca si logra adaptarse y evolucionar en respuesta a la competencia y las cambiantes demandas del mercado.<\/p>\n","protected":false},"excerpt":{"rendered":"<p>Este a\u00f1o no ha sido el mejor para Tesla. Despu\u00e9s de un 2023 en el que las ventas iban viento en popa, 2024 ha tra\u00eddo consigo una serie de desaf\u00edos que han impactado negativamente a la marca de Elon Musk.&nbsp; Y es que, a diferencia de a\u00f1os anteriores, Tesla ha enfrentado una baja en sus [&hellip;]<\/p>\n","protected":false},"author":9,"featured_media":4551,"comment_status":"open","ping_status":"open","sticky":false,"template":"","format":"standard","meta":{"_acf_changed":false,"footnotes":""},"categories":[6],"tags":[203],"marcas":[171],"class_list":["post-4758","post","type-post","status-publish","format-standard","has-post-thumbnail","hentry","category-electricos","tag-autos-electricos","marcas-tesla","cat-6-id"],"acf":[],"yoast_head":"<!-- This site is optimized with the Yoast SEO Premium plugin  - https:\/\/yoast.com\/wordpress\/plugins\/seo\/ -->\n<title>\u00bf2024 no ha sido el a\u00f1o de Tesla? - Autos<\/title>\n<meta name=\"description\" content=\"La falta de innovaci\u00f3n de Tesla en su gama de modelos y la oferta de veh\u00edculos el\u00e9ctricos de otras marcas han contribuido a este declive\" \/>\n<meta name=\"robots\" content=\"index, follow, max-snippet:-1, max-image-preview:large, max-video-preview:-1\" \/>\n<link rel=\"canonical\" href=\"https:\/\/us.as.com\/autos\/electricos\/tesla-2024-ventas-a-la-baja\/\" \/>\n<meta property=\"og:locale\" content=\"es_ES\" \/>\n<meta property=\"og:type\" content=\"article\" \/>\n<meta property=\"og:title\" content=\"\u00bf2024 no ha sido el a\u00f1o de Tesla? - Autos\" \/>\n<meta property=\"og:description\" content=\"La falta de innovaci\u00f3n de Tesla en su gama de modelos y la oferta de veh\u00edculos el\u00e9ctricos de otras marcas han contribuido a este declive\" \/>\n<meta property=\"og:url\" content=\"https:\/\/us.as.com\/autos\/electricos\/tesla-2024-ventas-a-la-baja\/\" \/>\n<meta property=\"og:site_name\" content=\"Autos\" \/>\n<meta property=\"article:published_time\" content=\"2024-07-23T13:02:58+00:00\" \/>\n<meta property=\"article:modified_time\" content=\"2024-07-23T13:02:59+00:00\" \/>\n<meta property=\"og:image\" content=\"https:\/\/us.as.com\/autos\/wp-content\/uploads\/2024\/07\/red-tesla-car-vector-with-logo-and-plug-8c3248.jpg\" \/>\n\t<meta property=\"og:image:width\" content=\"1500\" \/>\n\t<meta property=\"og:image:height\" content=\"844\" \/>\n\t<meta property=\"og:image:type\" content=\"image\/jpeg\" \/>\n<meta name=\"author\" content=\"Luis Hern\u00e1ndez del Arco\" \/>\n<meta name=\"twitter:card\" content=\"summary_large_image\" \/>\n<meta name=\"twitter:creator\" content=\"@https:\/\/x.com\/ldelarco\" \/>\n<meta name=\"twitter:label1\" content=\"Escrito por\" \/>\n\t<meta name=\"twitter:data1\" content=\"Luis Hern\u00e1ndez del Arco\" \/>\n\t<meta name=\"twitter:label2\" content=\"Tiempo de lectura\" \/>\n\t<meta name=\"twitter:data2\" content=\"4 minutos\" \/>\n<script type=\"application\/ld+json\" class=\"yoast-schema-graph\">{\"@context\":\"https:\/\/schema.org\",\"@graph\":[{\"@type\":\"WebPage\",\"@id\":\"https:\/\/us.as.com\/autos\/electricos\/tesla-2024-ventas-a-la-baja\/\",\"url\":\"https:\/\/us.as.com\/autos\/electricos\/tesla-2024-ventas-a-la-baja\/\",\"name\":\"\u00bf2024 no ha sido el a\u00f1o de Tesla? - Autos\",\"isPartOf\":{\"@id\":\"https:\/\/us.as.com\/autos\/#website\"},\"primaryImageOfPage\":{\"@id\":\"https:\/\/us.as.com\/autos\/electricos\/tesla-2024-ventas-a-la-baja\/#primaryimage\"},\"image\":{\"@id\":\"https:\/\/us.as.com\/autos\/electricos\/tesla-2024-ventas-a-la-baja\/#primaryimage\"},\"thumbnailUrl\":\"https:\/\/us.as.com\/autos\/wp-content\/uploads\/2024\/07\/red-tesla-car-vector-with-logo-and-plug-8c3248.jpg\",\"datePublished\":\"2024-07-23T13:02:58+00:00\",\"dateModified\":\"2024-07-23T13:02:59+00:00\",\"author\":{\"@id\":\"https:\/\/us.as.com\/autos\/#\/schema\/person\/b59ded8d3d136c0f0f7adae8ab7f1712\"},\"description\":\"La falta de innovaci\u00f3n de Tesla en su gama de modelos y la oferta de veh\u00edculos el\u00e9ctricos de otras marcas han contribuido a este declive\",\"inLanguage\":\"es\",\"potentialAction\":[{\"@type\":\"ReadAction\",\"target\":[\"https:\/\/us.as.com\/autos\/electricos\/tesla-2024-ventas-a-la-baja\/\"]}]},{\"@type\":\"ImageObject\",\"inLanguage\":\"es\",\"@id\":\"https:\/\/us.as.com\/autos\/electricos\/tesla-2024-ventas-a-la-baja\/#primaryimage\",\"url\":\"https:\/\/us.as.com\/autos\/wp-content\/uploads\/2024\/07\/red-tesla-car-vector-with-logo-and-plug-8c3248.jpg\",\"contentUrl\":\"https:\/\/us.as.com\/autos\/wp-content\/uploads\/2024\/07\/red-tesla-car-vector-with-logo-and-plug-8c3248.jpg\",\"width\":1500,\"height\":844,\"caption\":\"Tesla\"},{\"@type\":\"WebSite\",\"@id\":\"https:\/\/us.as.com\/autos\/#website\",\"url\":\"https:\/\/us.as.com\/autos\/\",\"name\":\"Autos\",\"description\":\"\",\"potentialAction\":[{\"@type\":\"SearchAction\",\"target\":{\"@type\":\"EntryPoint\",\"urlTemplate\":\"https:\/\/us.as.com\/autos\/?s={search_term_string}\"},\"query-input\":{\"@type\":\"PropertyValueSpecification\",\"valueRequired\":true,\"valueName\":\"search_term_string\"}}],\"inLanguage\":\"es\"},{\"@type\":\"Person\",\"@id\":\"https:\/\/us.as.com\/autos\/#\/schema\/person\/b59ded8d3d136c0f0f7adae8ab7f1712\",\"name\":\"Luis Hern\u00e1ndez del Arco\",\"image\":{\"@type\":\"ImageObject\",\"inLanguage\":\"es\",\"@id\":\"https:\/\/us.as.com\/autos\/#\/schema\/person\/image\/\",\"url\":\"https:\/\/secure.gravatar.com\/avatar\/c2b7262a4ee821aa4260ed5f07cfd999?s=96&d=mm&r=g\",\"contentUrl\":\"https:\/\/secure.gravatar.com\/avatar\/c2b7262a4ee821aa4260ed5f07cfd999?s=96&d=mm&r=g\",\"caption\":\"Luis Hern\u00e1ndez del Arco\"},\"sameAs\":[\"https:\/\/us.as.com\/autos\/\",\"https:\/\/www.instagram.com\/luisdelarcoh\",\"https:\/\/x.com\/https:\/\/x.com\/ldelarco\"],\"gender\":\"Hombre\",\"jobTitle\":\"Editor\",\"worksFor\":\"Grupo Prisa\",\"url\":\"https:\/\/us.as.com\/autos\/autor\/lhernandezd\/\"}]}<\/script>\n<!-- \/ Yoast SEO Premium plugin. -->","yoast_head_json":{"title":"\u00bf2024 no ha sido el a\u00f1o de Tesla? - Autos","description":"La falta de innovaci\u00f3n de Tesla en su gama de modelos y la oferta de veh\u00edculos el\u00e9ctricos de otras marcas han contribuido a este declive","robots":{"index":"index","follow":"follow","max-snippet":"max-snippet:-1","max-image-preview":"max-image-preview:large","max-video-preview":"max-video-preview:-1"},"canonical":"https:\/\/us.as.com\/autos\/electricos\/tesla-2024-ventas-a-la-baja\/","og_locale":"es_ES","og_type":"article","og_title":"\u00bf2024 no ha sido el a\u00f1o de Tesla? - Autos","og_description":"La falta de innovaci\u00f3n de Tesla en su gama de modelos y la oferta de veh\u00edculos el\u00e9ctricos de otras marcas han contribuido a este declive","og_url":"https:\/\/us.as.com\/autos\/electricos\/tesla-2024-ventas-a-la-baja\/","og_site_name":"Autos","article_published_time":"2024-07-23T13:02:58+00:00","article_modified_time":"2024-07-23T13:02:59+00:00","og_image":[{"width":1500,"height":844,"url":"https:\/\/us.as.com\/autos\/wp-content\/uploads\/2024\/07\/red-tesla-car-vector-with-logo-and-plug-8c3248.jpg","type":"image\/jpeg"}],"author":"Luis Hern\u00e1ndez del Arco","twitter_card":"summary_large_image","twitter_creator":"@https:\/\/x.com\/ldelarco","twitter_misc":{"Escrito por":"Luis Hern\u00e1ndez del Arco","Tiempo de lectura":"4 minutos"},"schema":{"@context":"https:\/\/schema.org","@graph":[{"@type":"WebPage","@id":"https:\/\/us.as.com\/autos\/electricos\/tesla-2024-ventas-a-la-baja\/","url":"https:\/\/us.as.com\/autos\/electricos\/tesla-2024-ventas-a-la-baja\/","name":"\u00bf2024 no ha sido el a\u00f1o de Tesla? - Autos","isPartOf":{"@id":"https:\/\/us.as.com\/autos\/#website"},"primaryImageOfPage":{"@id":"https:\/\/us.as.com\/autos\/electricos\/tesla-2024-ventas-a-la-baja\/#primaryimage"},"image":{"@id":"https:\/\/us.as.com\/autos\/electricos\/tesla-2024-ventas-a-la-baja\/#primaryimage"},"thumbnailUrl":"https:\/\/us.as.com\/autos\/wp-content\/uploads\/2024\/07\/red-tesla-car-vector-with-logo-and-plug-8c3248.jpg","datePublished":"2024-07-23T13:02:58+00:00","dateModified":"2024-07-23T13:02:59+00:00","author":{"@id":"https:\/\/us.as.com\/autos\/#\/schema\/person\/b59ded8d3d136c0f0f7adae8ab7f1712"},"description":"La falta de innovaci\u00f3n de Tesla en su gama de modelos y la oferta de veh\u00edculos el\u00e9ctricos de otras marcas han contribuido a este declive","inLanguage":"es","potentialAction":[{"@type":"ReadAction","target":["https:\/\/us.as.com\/autos\/electricos\/tesla-2024-ventas-a-la-baja\/"]}]},{"@type":"ImageObject","inLanguage":"es","@id":"https:\/\/us.as.com\/autos\/electricos\/tesla-2024-ventas-a-la-baja\/#primaryimage","url":"https:\/\/us.as.com\/autos\/wp-content\/uploads\/2024\/07\/red-tesla-car-vector-with-logo-and-plug-8c3248.jpg","contentUrl":"https:\/\/us.as.com\/autos\/wp-content\/uploads\/2024\/07\/red-tesla-car-vector-with-logo-and-plug-8c3248.jpg","width":1500,"height":844,"caption":"Tesla"},{"@type":"WebSite","@id":"https:\/\/us.as.com\/autos\/#website","url":"https:\/\/us.as.com\/autos\/","name":"Autos","description":"","potentialAction":[{"@type":"SearchAction","target":{"@type":"EntryPoint","urlTemplate":"https:\/\/us.as.com\/autos\/?s={search_term_string}"},"query-input":{"@type":"PropertyValueSpecification","valueRequired":true,"valueName":"search_term_string"}}],"inLanguage":"es"},{"@type":"Person","@id":"https:\/\/us.as.com\/autos\/#\/schema\/person\/b59ded8d3d136c0f0f7adae8ab7f1712","name":"Luis Hern\u00e1ndez del Arco","image":{"@type":"ImageObject","inLanguage":"es","@id":"https:\/\/us.as.com\/autos\/#\/schema\/person\/image\/","url":"https:\/\/secure.gravatar.com\/avatar\/c2b7262a4ee821aa4260ed5f07cfd999?s=96&d=mm&r=g","contentUrl":"https:\/\/secure.gravatar.com\/avatar\/c2b7262a4ee821aa4260ed5f07cfd999?s=96&d=mm&r=g","caption":"Luis Hern\u00e1ndez del Arco"},"sameAs":["https:\/\/us.as.com\/autos\/","https:\/\/www.instagram.com\/luisdelarcoh","https:\/\/x.com\/https:\/\/x.com\/ldelarco"],"gender":"Hombre","jobTitle":"Editor","worksFor":"Grupo Prisa","url":"https:\/\/us.as.com\/autos\/autor\/lhernandezd\/"}]}},"amp_enabled":true,"_links":{"self":[{"href":"https:\/\/us.as.com\/autos\/wp-json\/wp\/v2\/posts\/4758","targetHints":{"allow":["GET"]}}],"collection":[{"href":"https:\/\/us.as.com\/autos\/wp-json\/wp\/v2\/posts"}],"about":[{"href":"https:\/\/us.as.com\/autos\/wp-json\/wp\/v2\/types\/post"}],"author":[{"embeddable":true,"href":"https:\/\/us.as.com\/autos\/wp-json\/wp\/v2\/users\/9"}],"replies":[{"embeddable":true,"href":"https:\/\/us.as.com\/autos\/wp-json\/wp\/v2\/comments?post=4758"}],"version-history":[{"count":1,"href":"https:\/\/us.as.com\/autos\/wp-json\/wp\/v2\/posts\/4758\/revisions"}],"predecessor-version":[{"id":4759,"href":"https:\/\/us.as.com\/autos\/wp-json\/wp\/v2\/posts\/4758\/revisions\/4759"}],"wp:featuredmedia":[{"embeddable":true,"href":"https:\/\/us.as.com\/autos\/wp-json\/wp\/v2\/media\/4551"}],"wp:attachment":[{"href":"https:\/\/us.as.com\/autos\/wp-json\/wp\/v2\/media?parent=4758"}],"wp:term":[{"taxonomy":"category","embeddable":true,"href":"https:\/\/us.as.com\/autos\/wp-json\/wp\/v2\/categories?post=4758"},{"taxonomy":"post_tag","embeddable":true,"href":"https:\/\/us.as.com\/autos\/wp-json\/wp\/v2\/tags?post=4758"},{"taxonomy":"marcas","embeddable":true,"href":"https:\/\/us.as.com\/autos\/wp-json\/wp\/v2\/marcas?post=4758"}],"curies":[{"name":"wp","href":"https:\/\/api.w.org\/{rel}","templated":true}]}}