{"id":4355,"date":"2024-06-28T18:54:52","date_gmt":"2024-06-28T16:54:52","guid":{"rendered":"https:\/\/us.as.com\/autos\/?p=4355"},"modified":"2024-06-28T18:54:53","modified_gmt":"2024-06-28T16:54:53","slug":"uber-paga-a-conductores-para-que-no-trabajen","status":"publish","type":"post","link":"https:\/\/us.as.com\/autos\/curiosidades\/uber-paga-a-conductores-para-que-no-trabajen\/","title":{"rendered":"\u00bfUber paga a conductores para que no trabajen?"},"content":{"rendered":"\n<p>En una estrategia que podr\u00eda parecer sorprendente para muchas personas, Uber ha decidido tomar un enfoque innovador en su lucha contra las emisiones de carbono.&nbsp;<\/p>\n\n\n\n<p>Y es que, la compa\u00f1\u00eda est\u00e1 ofreciendo un incentivo de 1,000 d\u00f3lares a los choferes de veh\u00edculos en Estados Unidos y Canad\u00e1 que se comprometan a estacionar sus autos durante cinco semanas.&nbsp;<\/p>\n\n\n\n<p>Pero, \u00bfqu\u00e9 hay detr\u00e1s de esta estrategia que, a primera vista, parece ir en contra de la l\u00f3gica de una empresa de transporte?<\/p>\n\n\n\n<p>Uber ha estado hablando durante a\u00f1os sobre la adopci\u00f3n de veh\u00edculos el\u00e9ctricos como una forma de reducir su huella de carbono. Se ha comprometido a invertir 800 millones de d\u00f3lares para apoyar la transici\u00f3n de sus conductores a veh\u00edculos el\u00e9ctricos para 2040. Por ello, ha establecido alianzas con Hertz y Tesla para ofrecer opciones de alquiler de veh\u00edculos el\u00e9ctricos a sus conductores en Estados Unidos y Europa.<\/p>\n\n\n\n<p>Sin embargo, la iniciativa \u201cOne Less Car\u201d va m\u00e1s all\u00e1 de simplemente promover los veh\u00edculos el\u00e9ctricos. Reconoce que la reducci\u00f3n de emisiones no se trata solo de cambiar el tipo de combustible que utilizamos, sino tambi\u00e9n de reconsiderar los h\u00e1bitos de transporte.<\/p>\n\n\n\n<h2 class=\"wp-block-heading\" id=\"h-un-experimento-social-de-uber\"><strong>Un experimento social\u00a0de Uber<\/strong><\/h2>\n\n\n\n<p>Uber seleccionar\u00e1 a 175 propietarios de autom\u00f3viles en ciudades como Los \u00c1ngeles, Chicago, Washington D.C., Miami, San Francisco, Toronto y Vancouver para participar en este experimento de cinco semanas.&nbsp;<\/p>\n\n\n\n<p>Los participantes recibir\u00e1n cr\u00e9ditos para usar la aplicaci\u00f3n de Uber, vales para servicios de alquiler o uso compartido de autom\u00f3viles, y dinero para utilizar medios de transporte alternativos como el transporte p\u00fablico.<\/p>\n\n\n\n<p>Esta no es la primera vez que Uber prueba este enfoque. En 2023, un programa similar en Australia mostr\u00f3 que los pasajeros optaron por caminar, andar en bicicleta o utilizar el transporte p\u00fablico despu\u00e9s de dejar sus autos en casa.<\/p>\n\n\n\n<figure class=\"wp-block-image size-full\"><img decoding=\"async\" width=\"711\" height=\"400\" src=\"https:\/\/us.as.com\/autos\/wp-content\/uploads\/2024\/06\/Ride-with-Uber-1.jpg\" alt=\"\" class=\"wp-image-4359\" srcset=\"https:\/\/us.as.com\/autos\/wp-content\/uploads\/2024\/06\/Ride-with-Uber-1.jpg 711w, https:\/\/us.as.com\/autos\/wp-content\/uploads\/2024\/06\/Ride-with-Uber-1-300x169.jpg 300w, https:\/\/us.as.com\/autos\/wp-content\/uploads\/2024\/06\/Ride-with-Uber-1-450x253.jpg 450w\" sizes=\"(max-width: 711px) 100vw, 711px\" \/><\/figure>\n\n\n\n<h2 class=\"wp-block-heading\" id=\"h-una-solucion-a-largo-plazo\"><strong>\u00bfUna soluci\u00f3n a largo plazo?<\/strong><\/h2>\n\n\n\n<p>Aunque esta iniciativa es un paso en la direcci\u00f3n correcta, es importante reconocer que es solo un experimento a peque\u00f1a escala. El verdadero desaf\u00edo radica en c\u00f3mo lograr un cambio a largo plazo en los h\u00e1bitos de transporte de las personas.<\/p>\n\n\n\n<p>Estados Unidos tiene una gran cantidad de veh\u00edculos privados, y muchos de ellos se utilizan para viajes cortos que podr\u00edan realizarse f\u00e1cilmente a pie, en bicicleta o en transporte p\u00fablico. Si m\u00e1s personas optan por estas alternativas, el impacto en la reducci\u00f3n de emisiones de carbono ser\u00eda significativo.<\/p>\n\n\n\n<h2 class=\"wp-block-heading\" id=\"h-que-esperar-a-futuro\"><strong>\u00bfQu\u00e9 esperar a futuro?<\/strong><\/h2>\n\n\n\n<p>Esta iniciativa de Uber es una prueba de que la lucha contra el cambio clim\u00e1tico requiere soluciones creativas e innovadoras. Es posible que en el futuro m\u00e1s empresas adopten enfoques similares, incentivando a las personas a reconsiderar sus h\u00e1bitos de transporte y a optar por alternativas m\u00e1s sostenibles.<\/p>\n\n\n\n<p>Mientras tanto, los resultados de este experimento ser\u00e1n interesantes de observar. \u00bfLograr\u00e1 Uber demostrar que pagar a las personas para que no usen sus autos es una estrategia efectiva para reducir las emisiones? Solo el tiempo lo dir\u00e1.<\/p>\n","protected":false},"excerpt":{"rendered":"<p>En una estrategia que podr\u00eda parecer sorprendente para muchas personas, Uber ha decidido tomar un enfoque innovador en su lucha contra las emisiones de carbono.&nbsp; Y es que, la compa\u00f1\u00eda est\u00e1 ofreciendo un incentivo de 1,000 d\u00f3lares a los choferes de veh\u00edculos en Estados Unidos y Canad\u00e1 que se comprometan a estacionar sus autos durante [&hellip;]<\/p>\n","protected":false},"author":9,"featured_media":4357,"comment_status":"open","ping_status":"open","sticky":false,"template":"","format":"standard","meta":{"_acf_changed":false,"footnotes":""},"categories":[12],"tags":[203,210,197],"marcas":[],"class_list":["post-4355","post","type-post","status-publish","format-standard","has-post-thumbnail","hentry","category-curiosidades","tag-autos-electricos","tag-consejos","tag-tips","cat-12-id"],"acf":[],"yoast_head":"<!-- This site is optimized with the Yoast SEO Premium plugin  - https:\/\/yoast.com\/wordpress\/plugins\/seo\/ -->\n<title>\u00bfUber paga a conductores para que no trabajen? - Autos<\/title>\n<meta name=\"description\" content=\"Uber paga a quienes dejen sus autos aparcados durante cinco semanas, a favor de servicios de transporte p\u00fablico y de otro tipo.\" \/>\n<meta name=\"robots\" content=\"index, follow, max-snippet:-1, max-image-preview:large, max-video-preview:-1\" \/>\n<link rel=\"canonical\" href=\"https:\/\/us.as.com\/autos\/curiosidades\/uber-paga-a-conductores-para-que-no-trabajen\/\" \/>\n<meta property=\"og:locale\" content=\"es_ES\" \/>\n<meta property=\"og:type\" content=\"article\" \/>\n<meta property=\"og:title\" content=\"\u00bfUber paga a conductores para que no trabajen? - Autos\" \/>\n<meta property=\"og:description\" content=\"Uber paga a quienes dejen sus autos aparcados durante cinco semanas, a favor de servicios de transporte p\u00fablico y de otro tipo.\" \/>\n<meta property=\"og:url\" content=\"https:\/\/us.as.com\/autos\/curiosidades\/uber-paga-a-conductores-para-que-no-trabajen\/\" \/>\n<meta property=\"og:site_name\" content=\"Autos\" \/>\n<meta property=\"article:published_time\" content=\"2024-06-28T16:54:52+00:00\" \/>\n<meta property=\"article:modified_time\" content=\"2024-06-28T16:54:53+00:00\" \/>\n<meta property=\"og:image\" content=\"https:\/\/us.as.com\/autos\/wp-content\/uploads\/2024\/06\/earner-illustra.jpg\" \/>\n\t<meta property=\"og:image:width\" content=\"711\" \/>\n\t<meta property=\"og:image:height\" content=\"400\" \/>\n\t<meta property=\"og:image:type\" content=\"image\/jpeg\" \/>\n<meta name=\"author\" content=\"Luis Hern\u00e1ndez del Arco\" \/>\n<meta name=\"twitter:card\" content=\"summary_large_image\" \/>\n<meta name=\"twitter:creator\" content=\"@https:\/\/x.com\/ldelarco\" \/>\n<meta name=\"twitter:label1\" content=\"Escrito por\" \/>\n\t<meta name=\"twitter:data1\" content=\"Luis Hern\u00e1ndez del Arco\" \/>\n\t<meta name=\"twitter:label2\" content=\"Tiempo de lectura\" \/>\n\t<meta name=\"twitter:data2\" content=\"3 minutos\" \/>\n<script type=\"application\/ld+json\" class=\"yoast-schema-graph\">{\"@context\":\"https:\/\/schema.org\",\"@graph\":[{\"@type\":\"WebPage\",\"@id\":\"https:\/\/us.as.com\/autos\/curiosidades\/uber-paga-a-conductores-para-que-no-trabajen\/\",\"url\":\"https:\/\/us.as.com\/autos\/curiosidades\/uber-paga-a-conductores-para-que-no-trabajen\/\",\"name\":\"\u00bfUber paga a conductores para que no trabajen? - Autos\",\"isPartOf\":{\"@id\":\"https:\/\/us.as.com\/autos\/#website\"},\"primaryImageOfPage\":{\"@id\":\"https:\/\/us.as.com\/autos\/curiosidades\/uber-paga-a-conductores-para-que-no-trabajen\/#primaryimage\"},\"image\":{\"@id\":\"https:\/\/us.as.com\/autos\/curiosidades\/uber-paga-a-conductores-para-que-no-trabajen\/#primaryimage\"},\"thumbnailUrl\":\"https:\/\/us.as.com\/autos\/wp-content\/uploads\/2024\/06\/earner-illustra.jpg\",\"datePublished\":\"2024-06-28T16:54:52+00:00\",\"dateModified\":\"2024-06-28T16:54:53+00:00\",\"author\":{\"@id\":\"https:\/\/us.as.com\/autos\/#\/schema\/person\/b59ded8d3d136c0f0f7adae8ab7f1712\"},\"description\":\"Uber paga a quienes dejen sus autos aparcados durante cinco semanas, a favor de servicios de transporte p\u00fablico y de otro tipo.\",\"inLanguage\":\"es\",\"potentialAction\":[{\"@type\":\"ReadAction\",\"target\":[\"https:\/\/us.as.com\/autos\/curiosidades\/uber-paga-a-conductores-para-que-no-trabajen\/\"]}]},{\"@type\":\"ImageObject\",\"inLanguage\":\"es\",\"@id\":\"https:\/\/us.as.com\/autos\/curiosidades\/uber-paga-a-conductores-para-que-no-trabajen\/#primaryimage\",\"url\":\"https:\/\/us.as.com\/autos\/wp-content\/uploads\/2024\/06\/earner-illustra.jpg\",\"contentUrl\":\"https:\/\/us.as.com\/autos\/wp-content\/uploads\/2024\/06\/earner-illustra.jpg\",\"width\":711,\"height\":400},{\"@type\":\"WebSite\",\"@id\":\"https:\/\/us.as.com\/autos\/#website\",\"url\":\"https:\/\/us.as.com\/autos\/\",\"name\":\"Autos\",\"description\":\"\",\"potentialAction\":[{\"@type\":\"SearchAction\",\"target\":{\"@type\":\"EntryPoint\",\"urlTemplate\":\"https:\/\/us.as.com\/autos\/?s={search_term_string}\"},\"query-input\":{\"@type\":\"PropertyValueSpecification\",\"valueRequired\":true,\"valueName\":\"search_term_string\"}}],\"inLanguage\":\"es\"},{\"@type\":\"Person\",\"@id\":\"https:\/\/us.as.com\/autos\/#\/schema\/person\/b59ded8d3d136c0f0f7adae8ab7f1712\",\"name\":\"Luis Hern\u00e1ndez del Arco\",\"image\":{\"@type\":\"ImageObject\",\"inLanguage\":\"es\",\"@id\":\"https:\/\/us.as.com\/autos\/#\/schema\/person\/image\/\",\"url\":\"https:\/\/secure.gravatar.com\/avatar\/c2b7262a4ee821aa4260ed5f07cfd999?s=96&d=mm&r=g\",\"contentUrl\":\"https:\/\/secure.gravatar.com\/avatar\/c2b7262a4ee821aa4260ed5f07cfd999?s=96&d=mm&r=g\",\"caption\":\"Luis Hern\u00e1ndez del Arco\"},\"sameAs\":[\"https:\/\/us.as.com\/autos\/\",\"https:\/\/www.instagram.com\/luisdelarcoh\",\"https:\/\/x.com\/https:\/\/x.com\/ldelarco\"],\"gender\":\"Hombre\",\"jobTitle\":\"Editor\",\"worksFor\":\"Grupo Prisa\",\"url\":\"https:\/\/us.as.com\/autos\/autor\/lhernandezd\/\"}]}<\/script>\n<!-- \/ Yoast SEO Premium plugin. -->","yoast_head_json":{"title":"\u00bfUber paga a conductores para que no trabajen? - Autos","description":"Uber paga a quienes dejen sus autos aparcados durante cinco semanas, a favor de servicios de transporte p\u00fablico y de otro tipo.","robots":{"index":"index","follow":"follow","max-snippet":"max-snippet:-1","max-image-preview":"max-image-preview:large","max-video-preview":"max-video-preview:-1"},"canonical":"https:\/\/us.as.com\/autos\/curiosidades\/uber-paga-a-conductores-para-que-no-trabajen\/","og_locale":"es_ES","og_type":"article","og_title":"\u00bfUber paga a conductores para que no trabajen? - Autos","og_description":"Uber paga a quienes dejen sus autos aparcados durante cinco semanas, a favor de servicios de transporte p\u00fablico y de otro tipo.","og_url":"https:\/\/us.as.com\/autos\/curiosidades\/uber-paga-a-conductores-para-que-no-trabajen\/","og_site_name":"Autos","article_published_time":"2024-06-28T16:54:52+00:00","article_modified_time":"2024-06-28T16:54:53+00:00","og_image":[{"width":711,"height":400,"url":"https:\/\/us.as.com\/autos\/wp-content\/uploads\/2024\/06\/earner-illustra.jpg","type":"image\/jpeg"}],"author":"Luis Hern\u00e1ndez del Arco","twitter_card":"summary_large_image","twitter_creator":"@https:\/\/x.com\/ldelarco","twitter_misc":{"Escrito por":"Luis Hern\u00e1ndez del Arco","Tiempo de lectura":"3 minutos"},"schema":{"@context":"https:\/\/schema.org","@graph":[{"@type":"WebPage","@id":"https:\/\/us.as.com\/autos\/curiosidades\/uber-paga-a-conductores-para-que-no-trabajen\/","url":"https:\/\/us.as.com\/autos\/curiosidades\/uber-paga-a-conductores-para-que-no-trabajen\/","name":"\u00bfUber paga a conductores para que no trabajen? - Autos","isPartOf":{"@id":"https:\/\/us.as.com\/autos\/#website"},"primaryImageOfPage":{"@id":"https:\/\/us.as.com\/autos\/curiosidades\/uber-paga-a-conductores-para-que-no-trabajen\/#primaryimage"},"image":{"@id":"https:\/\/us.as.com\/autos\/curiosidades\/uber-paga-a-conductores-para-que-no-trabajen\/#primaryimage"},"thumbnailUrl":"https:\/\/us.as.com\/autos\/wp-content\/uploads\/2024\/06\/earner-illustra.jpg","datePublished":"2024-06-28T16:54:52+00:00","dateModified":"2024-06-28T16:54:53+00:00","author":{"@id":"https:\/\/us.as.com\/autos\/#\/schema\/person\/b59ded8d3d136c0f0f7adae8ab7f1712"},"description":"Uber paga a quienes dejen sus autos aparcados durante cinco semanas, a favor de servicios de transporte p\u00fablico y de otro tipo.","inLanguage":"es","potentialAction":[{"@type":"ReadAction","target":["https:\/\/us.as.com\/autos\/curiosidades\/uber-paga-a-conductores-para-que-no-trabajen\/"]}]},{"@type":"ImageObject","inLanguage":"es","@id":"https:\/\/us.as.com\/autos\/curiosidades\/uber-paga-a-conductores-para-que-no-trabajen\/#primaryimage","url":"https:\/\/us.as.com\/autos\/wp-content\/uploads\/2024\/06\/earner-illustra.jpg","contentUrl":"https:\/\/us.as.com\/autos\/wp-content\/uploads\/2024\/06\/earner-illustra.jpg","width":711,"height":400},{"@type":"WebSite","@id":"https:\/\/us.as.com\/autos\/#website","url":"https:\/\/us.as.com\/autos\/","name":"Autos","description":"","potentialAction":[{"@type":"SearchAction","target":{"@type":"EntryPoint","urlTemplate":"https:\/\/us.as.com\/autos\/?s={search_term_string}"},"query-input":{"@type":"PropertyValueSpecification","valueRequired":true,"valueName":"search_term_string"}}],"inLanguage":"es"},{"@type":"Person","@id":"https:\/\/us.as.com\/autos\/#\/schema\/person\/b59ded8d3d136c0f0f7adae8ab7f1712","name":"Luis Hern\u00e1ndez del Arco","image":{"@type":"ImageObject","inLanguage":"es","@id":"https:\/\/us.as.com\/autos\/#\/schema\/person\/image\/","url":"https:\/\/secure.gravatar.com\/avatar\/c2b7262a4ee821aa4260ed5f07cfd999?s=96&d=mm&r=g","contentUrl":"https:\/\/secure.gravatar.com\/avatar\/c2b7262a4ee821aa4260ed5f07cfd999?s=96&d=mm&r=g","caption":"Luis Hern\u00e1ndez del Arco"},"sameAs":["https:\/\/us.as.com\/autos\/","https:\/\/www.instagram.com\/luisdelarcoh","https:\/\/x.com\/https:\/\/x.com\/ldelarco"],"gender":"Hombre","jobTitle":"Editor","worksFor":"Grupo Prisa","url":"https:\/\/us.as.com\/autos\/autor\/lhernandezd\/"}]}},"amp_enabled":true,"_links":{"self":[{"href":"https:\/\/us.as.com\/autos\/wp-json\/wp\/v2\/posts\/4355","targetHints":{"allow":["GET"]}}],"collection":[{"href":"https:\/\/us.as.com\/autos\/wp-json\/wp\/v2\/posts"}],"about":[{"href":"https:\/\/us.as.com\/autos\/wp-json\/wp\/v2\/types\/post"}],"author":[{"embeddable":true,"href":"https:\/\/us.as.com\/autos\/wp-json\/wp\/v2\/users\/9"}],"replies":[{"embeddable":true,"href":"https:\/\/us.as.com\/autos\/wp-json\/wp\/v2\/comments?post=4355"}],"version-history":[{"count":2,"href":"https:\/\/us.as.com\/autos\/wp-json\/wp\/v2\/posts\/4355\/revisions"}],"predecessor-version":[{"id":4360,"href":"https:\/\/us.as.com\/autos\/wp-json\/wp\/v2\/posts\/4355\/revisions\/4360"}],"wp:featuredmedia":[{"embeddable":true,"href":"https:\/\/us.as.com\/autos\/wp-json\/wp\/v2\/media\/4357"}],"wp:attachment":[{"href":"https:\/\/us.as.com\/autos\/wp-json\/wp\/v2\/media?parent=4355"}],"wp:term":[{"taxonomy":"category","embeddable":true,"href":"https:\/\/us.as.com\/autos\/wp-json\/wp\/v2\/categories?post=4355"},{"taxonomy":"post_tag","embeddable":true,"href":"https:\/\/us.as.com\/autos\/wp-json\/wp\/v2\/tags?post=4355"},{"taxonomy":"marcas","embeddable":true,"href":"https:\/\/us.as.com\/autos\/wp-json\/wp\/v2\/marcas?post=4355"}],"curies":[{"name":"wp","href":"https:\/\/api.w.org\/{rel}","templated":true}]}}