{"id":4290,"date":"2024-06-25T16:10:01","date_gmt":"2024-06-25T14:10:01","guid":{"rendered":"https:\/\/us.as.com\/autos\/?p=4290"},"modified":"2024-06-25T16:10:03","modified_gmt":"2024-06-25T14:10:03","slug":"ford-f-150-lightning-pikes-peak-2024","status":"publish","type":"post","link":"https:\/\/us.as.com\/autos\/electricos\/ford-f-150-lightning-pikes-peak-2024\/","title":{"rendered":"Esta Ford F-150 Lightning gan\u00f3 la carrera m\u00e1s extrema del mundo"},"content":{"rendered":"\n<p>Una vez m\u00e1s, un auto el\u00e9ctrico se coloca como el m\u00e1s r\u00e1pido de Pikes Peak International Hill Climb, la carrera m\u00e1s extrema y exigente del mundo. En esta ocasi\u00f3n, el primer lugar lo obtuvo la Ford F-150 Lightning SuperTruck, una versi\u00f3n de competici\u00f3n de la opci\u00f3n emisiones cero de la pickup m\u00e1s popular de Estados Unidos.&nbsp;<\/p>\n\n\n\n<p>Con un tiempo de 8:53.553, esta camioneta pilota por Romain Dumas, quien posee el r\u00e9cord del mejor crono en la historia de Pikes Peak, sobrepas\u00f3 a 61 competidores inscritos para la edici\u00f3n de 2024.&nbsp;<\/p>\n\n\n\n<p>De hecho, el cron\u00f3metro que marc\u00f3 la llegada de la <strong><a href=\"http:\/\/ford.com\" target=\"_blank\" rel=\"noreferrer noopener\">Ford F-150 Lightning SuperTruck a la meta <\/a><\/strong>se pudo detener mucho antes de no ser por el problema t\u00e9cnico por el que atraves\u00f3 Dumas a media carrera.\u00a0<\/p>\n\n\n\n<p>Debido a que el sistema el\u00e9ctrico se apag\u00f3 a media carrera, el piloto tuvo que detenerse m\u00e1s de 20 segundos hasta que pudo reiniciar la marcha de la camioneta de 1,600 hp y as\u00ed continuar su ascenso.\u00a0\u00a0\u00a0<\/p>\n\n\n\n<figure class=\"wp-block-embed is-type-rich is-provider-twitter wp-block-embed-twitter\"><div class=\"wp-block-embed__wrapper\">\n<blockquote class=\"twitter-tweet\" data-width=\"550\" data-dnt=\"true\"><p lang=\"en\" dir=\"ltr\">Victory at <a href=\"https:\/\/twitter.com\/PPIHC?ref_src=twsrc%5Etfw\">@PPIHC<\/a>! <a href=\"https:\/\/twitter.com\/RomainDumas?ref_src=twsrc%5Etfw\">@RomainDumas<\/a> piloted the F-150 Lightning SuperTruck up America&#39;s Mountain to earn quickest overall time at the 102nd running of the hill climb! \u26a1\ufe0f <a href=\"https:\/\/t.co\/LACerwI8aQ\">pic.twitter.com\/LACerwI8aQ<\/a><\/p>&mdash; Ford Performance (@FordPerformance) <a href=\"https:\/\/twitter.com\/FordPerformance\/status\/1805052504276705497?ref_src=twsrc%5Etfw\">June 24, 2024<\/a><\/blockquote><script async src=\"https:\/\/platform.twitter.com\/widgets.js\" charset=\"utf-8\"><\/script>\n<\/div><\/figure>\n\n\n\n<p>En s\u00ed, la creaci\u00f3n de la Ford F-150 Lightning SuperTruck fue un esfuerzo colaborativo de Ford Performance Motorsports con STARD (Stohl Advanced Research and Development) en el desarrollo de su potente motor.&nbsp;<\/p>\n\n\n\n<p>Como lo marca el reglamento, la pickup est\u00e1 equipada con arneses de carreras y equipos de seguridad Sparco de alta calidad, as\u00ed como neum\u00e1ticos Pirelli P-Zero dise\u00f1ados a medida para garantizar su estabilidad en las desafiantes carreteras de monta\u00f1a.<\/p>\n\n\n\n<p>Esta victoria de la F-150 Lightning SuperTruck en Pikes Peak no solo es un hito para Ford, sino tambi\u00e9n un testimonio del potencial de los veh\u00edculos el\u00e9ctricos en el mundo del automovilismo. Esta camioneta el\u00e9ctrica ha demostrado que la potencia, la tecnolog\u00eda y la sostenibilidad pueden ir de la mano para conquistar nuevos horizontes.<\/p>\n","protected":false},"excerpt":{"rendered":"<p>Una vez m\u00e1s, un auto el\u00e9ctrico se coloca como el m\u00e1s r\u00e1pido de Pikes Peak International Hill Climb, la carrera m\u00e1s extrema y exigente del mundo. En esta ocasi\u00f3n, el primer lugar lo obtuvo la Ford F-150 Lightning SuperTruck, una versi\u00f3n de competici\u00f3n de la opci\u00f3n emisiones cero de la pickup m\u00e1s popular de Estados [&hellip;]<\/p>\n","protected":false},"author":9,"featured_media":4292,"comment_status":"open","ping_status":"open","sticky":false,"template":"","format":"standard","meta":{"_acf_changed":false,"footnotes":""},"categories":[6],"tags":[231,203],"marcas":[208],"class_list":["post-4290","post","type-post","status-publish","format-standard","has-post-thumbnail","hentry","category-electricos","tag-autos-deportivos","tag-autos-electricos","marcas-ford","cat-6-id"],"acf":[],"yoast_head":"<!-- This site is optimized with the Yoast SEO Premium plugin  - https:\/\/yoast.com\/wordpress\/plugins\/seo\/ -->\n<title>Esta Ford F-150 Lightning gan\u00f3 la carrera m\u00e1s extrema del mundo - Autos<\/title>\n<meta name=\"description\" content=\"La electrizante Ford F-150 Lightning SuperTruck se coron\u00f3 como la reina de Pikes Peak Hill Climb, con todo y que tuvo una falla t\u00e9cnica\" \/>\n<meta name=\"robots\" content=\"index, follow, max-snippet:-1, max-image-preview:large, max-video-preview:-1\" \/>\n<link rel=\"canonical\" href=\"https:\/\/us.as.com\/autos\/electricos\/ford-f-150-lightning-pikes-peak-2024\/\" \/>\n<meta property=\"og:locale\" content=\"es_ES\" \/>\n<meta property=\"og:type\" content=\"article\" \/>\n<meta property=\"og:title\" content=\"Esta Ford F-150 Lightning gan\u00f3 la carrera m\u00e1s extrema del mundo - Autos\" \/>\n<meta property=\"og:description\" content=\"La electrizante Ford F-150 Lightning SuperTruck se coron\u00f3 como la reina de Pikes Peak Hill Climb, con todo y que tuvo una falla t\u00e9cnica\" \/>\n<meta property=\"og:url\" content=\"https:\/\/us.as.com\/autos\/electricos\/ford-f-150-lightning-pikes-peak-2024\/\" \/>\n<meta property=\"og:site_name\" content=\"Autos\" \/>\n<meta property=\"article:published_time\" content=\"2024-06-25T14:10:01+00:00\" \/>\n<meta property=\"article:modified_time\" content=\"2024-06-25T14:10:03+00:00\" \/>\n<meta property=\"og:image\" content=\"https:\/\/us.as.com\/autos\/wp-content\/uploads\/2024\/06\/PikesPeakSuperTruck20245.jpg\" \/>\n\t<meta property=\"og:image:width\" content=\"1895\" \/>\n\t<meta property=\"og:image:height\" content=\"1066\" \/>\n\t<meta property=\"og:image:type\" content=\"image\/jpeg\" \/>\n<meta name=\"author\" content=\"Luis Hern\u00e1ndez del Arco\" \/>\n<meta name=\"twitter:card\" content=\"summary_large_image\" \/>\n<meta name=\"twitter:creator\" content=\"@https:\/\/x.com\/ldelarco\" \/>\n<meta name=\"twitter:label1\" content=\"Escrito por\" \/>\n\t<meta name=\"twitter:data1\" content=\"Luis Hern\u00e1ndez del Arco\" \/>\n\t<meta name=\"twitter:label2\" content=\"Tiempo de lectura\" \/>\n\t<meta name=\"twitter:data2\" content=\"2 minutos\" \/>\n<script type=\"application\/ld+json\" class=\"yoast-schema-graph\">{\"@context\":\"https:\/\/schema.org\",\"@graph\":[{\"@type\":\"WebPage\",\"@id\":\"https:\/\/us.as.com\/autos\/electricos\/ford-f-150-lightning-pikes-peak-2024\/\",\"url\":\"https:\/\/us.as.com\/autos\/electricos\/ford-f-150-lightning-pikes-peak-2024\/\",\"name\":\"Esta Ford F-150 Lightning gan\u00f3 la carrera m\u00e1s extrema del mundo - Autos\",\"isPartOf\":{\"@id\":\"https:\/\/us.as.com\/autos\/#website\"},\"primaryImageOfPage\":{\"@id\":\"https:\/\/us.as.com\/autos\/electricos\/ford-f-150-lightning-pikes-peak-2024\/#primaryimage\"},\"image\":{\"@id\":\"https:\/\/us.as.com\/autos\/electricos\/ford-f-150-lightning-pikes-peak-2024\/#primaryimage\"},\"thumbnailUrl\":\"https:\/\/us.as.com\/autos\/wp-content\/uploads\/2024\/06\/PikesPeakSuperTruck20245.jpg\",\"datePublished\":\"2024-06-25T14:10:01+00:00\",\"dateModified\":\"2024-06-25T14:10:03+00:00\",\"author\":{\"@id\":\"https:\/\/us.as.com\/autos\/#\/schema\/person\/b59ded8d3d136c0f0f7adae8ab7f1712\"},\"description\":\"La electrizante Ford F-150 Lightning SuperTruck se coron\u00f3 como la reina de Pikes Peak Hill Climb, con todo y que tuvo una falla t\u00e9cnica\",\"inLanguage\":\"es\",\"potentialAction\":[{\"@type\":\"ReadAction\",\"target\":[\"https:\/\/us.as.com\/autos\/electricos\/ford-f-150-lightning-pikes-peak-2024\/\"]}]},{\"@type\":\"ImageObject\",\"inLanguage\":\"es\",\"@id\":\"https:\/\/us.as.com\/autos\/electricos\/ford-f-150-lightning-pikes-peak-2024\/#primaryimage\",\"url\":\"https:\/\/us.as.com\/autos\/wp-content\/uploads\/2024\/06\/PikesPeakSuperTruck20245.jpg\",\"contentUrl\":\"https:\/\/us.as.com\/autos\/wp-content\/uploads\/2024\/06\/PikesPeakSuperTruck20245.jpg\",\"width\":1895,\"height\":1066},{\"@type\":\"WebSite\",\"@id\":\"https:\/\/us.as.com\/autos\/#website\",\"url\":\"https:\/\/us.as.com\/autos\/\",\"name\":\"Autos\",\"description\":\"\",\"potentialAction\":[{\"@type\":\"SearchAction\",\"target\":{\"@type\":\"EntryPoint\",\"urlTemplate\":\"https:\/\/us.as.com\/autos\/?s={search_term_string}\"},\"query-input\":{\"@type\":\"PropertyValueSpecification\",\"valueRequired\":true,\"valueName\":\"search_term_string\"}}],\"inLanguage\":\"es\"},{\"@type\":\"Person\",\"@id\":\"https:\/\/us.as.com\/autos\/#\/schema\/person\/b59ded8d3d136c0f0f7adae8ab7f1712\",\"name\":\"Luis Hern\u00e1ndez del Arco\",\"image\":{\"@type\":\"ImageObject\",\"inLanguage\":\"es\",\"@id\":\"https:\/\/us.as.com\/autos\/#\/schema\/person\/image\/\",\"url\":\"https:\/\/secure.gravatar.com\/avatar\/c2b7262a4ee821aa4260ed5f07cfd999?s=96&d=mm&r=g\",\"contentUrl\":\"https:\/\/secure.gravatar.com\/avatar\/c2b7262a4ee821aa4260ed5f07cfd999?s=96&d=mm&r=g\",\"caption\":\"Luis Hern\u00e1ndez del Arco\"},\"sameAs\":[\"https:\/\/us.as.com\/autos\/\",\"https:\/\/www.instagram.com\/luisdelarcoh\",\"https:\/\/x.com\/https:\/\/x.com\/ldelarco\"],\"gender\":\"Hombre\",\"jobTitle\":\"Editor\",\"worksFor\":\"Grupo Prisa\",\"url\":\"https:\/\/us.as.com\/autos\/autor\/lhernandezd\/\"}]}<\/script>\n<!-- \/ Yoast SEO Premium plugin. -->","yoast_head_json":{"title":"Esta Ford F-150 Lightning gan\u00f3 la carrera m\u00e1s extrema del mundo - Autos","description":"La electrizante Ford F-150 Lightning SuperTruck se coron\u00f3 como la reina de Pikes Peak Hill Climb, con todo y que tuvo una falla t\u00e9cnica","robots":{"index":"index","follow":"follow","max-snippet":"max-snippet:-1","max-image-preview":"max-image-preview:large","max-video-preview":"max-video-preview:-1"},"canonical":"https:\/\/us.as.com\/autos\/electricos\/ford-f-150-lightning-pikes-peak-2024\/","og_locale":"es_ES","og_type":"article","og_title":"Esta Ford F-150 Lightning gan\u00f3 la carrera m\u00e1s extrema del mundo - Autos","og_description":"La electrizante Ford F-150 Lightning SuperTruck se coron\u00f3 como la reina de Pikes Peak Hill Climb, con todo y que tuvo una falla t\u00e9cnica","og_url":"https:\/\/us.as.com\/autos\/electricos\/ford-f-150-lightning-pikes-peak-2024\/","og_site_name":"Autos","article_published_time":"2024-06-25T14:10:01+00:00","article_modified_time":"2024-06-25T14:10:03+00:00","og_image":[{"width":1895,"height":1066,"url":"https:\/\/us.as.com\/autos\/wp-content\/uploads\/2024\/06\/PikesPeakSuperTruck20245.jpg","type":"image\/jpeg"}],"author":"Luis Hern\u00e1ndez del Arco","twitter_card":"summary_large_image","twitter_creator":"@https:\/\/x.com\/ldelarco","twitter_misc":{"Escrito por":"Luis Hern\u00e1ndez del Arco","Tiempo de lectura":"2 minutos"},"schema":{"@context":"https:\/\/schema.org","@graph":[{"@type":"WebPage","@id":"https:\/\/us.as.com\/autos\/electricos\/ford-f-150-lightning-pikes-peak-2024\/","url":"https:\/\/us.as.com\/autos\/electricos\/ford-f-150-lightning-pikes-peak-2024\/","name":"Esta Ford F-150 Lightning gan\u00f3 la carrera m\u00e1s extrema del mundo - Autos","isPartOf":{"@id":"https:\/\/us.as.com\/autos\/#website"},"primaryImageOfPage":{"@id":"https:\/\/us.as.com\/autos\/electricos\/ford-f-150-lightning-pikes-peak-2024\/#primaryimage"},"image":{"@id":"https:\/\/us.as.com\/autos\/electricos\/ford-f-150-lightning-pikes-peak-2024\/#primaryimage"},"thumbnailUrl":"https:\/\/us.as.com\/autos\/wp-content\/uploads\/2024\/06\/PikesPeakSuperTruck20245.jpg","datePublished":"2024-06-25T14:10:01+00:00","dateModified":"2024-06-25T14:10:03+00:00","author":{"@id":"https:\/\/us.as.com\/autos\/#\/schema\/person\/b59ded8d3d136c0f0f7adae8ab7f1712"},"description":"La electrizante Ford F-150 Lightning SuperTruck se coron\u00f3 como la reina de Pikes Peak Hill Climb, con todo y que tuvo una falla t\u00e9cnica","inLanguage":"es","potentialAction":[{"@type":"ReadAction","target":["https:\/\/us.as.com\/autos\/electricos\/ford-f-150-lightning-pikes-peak-2024\/"]}]},{"@type":"ImageObject","inLanguage":"es","@id":"https:\/\/us.as.com\/autos\/electricos\/ford-f-150-lightning-pikes-peak-2024\/#primaryimage","url":"https:\/\/us.as.com\/autos\/wp-content\/uploads\/2024\/06\/PikesPeakSuperTruck20245.jpg","contentUrl":"https:\/\/us.as.com\/autos\/wp-content\/uploads\/2024\/06\/PikesPeakSuperTruck20245.jpg","width":1895,"height":1066},{"@type":"WebSite","@id":"https:\/\/us.as.com\/autos\/#website","url":"https:\/\/us.as.com\/autos\/","name":"Autos","description":"","potentialAction":[{"@type":"SearchAction","target":{"@type":"EntryPoint","urlTemplate":"https:\/\/us.as.com\/autos\/?s={search_term_string}"},"query-input":{"@type":"PropertyValueSpecification","valueRequired":true,"valueName":"search_term_string"}}],"inLanguage":"es"},{"@type":"Person","@id":"https:\/\/us.as.com\/autos\/#\/schema\/person\/b59ded8d3d136c0f0f7adae8ab7f1712","name":"Luis Hern\u00e1ndez del Arco","image":{"@type":"ImageObject","inLanguage":"es","@id":"https:\/\/us.as.com\/autos\/#\/schema\/person\/image\/","url":"https:\/\/secure.gravatar.com\/avatar\/c2b7262a4ee821aa4260ed5f07cfd999?s=96&d=mm&r=g","contentUrl":"https:\/\/secure.gravatar.com\/avatar\/c2b7262a4ee821aa4260ed5f07cfd999?s=96&d=mm&r=g","caption":"Luis Hern\u00e1ndez del Arco"},"sameAs":["https:\/\/us.as.com\/autos\/","https:\/\/www.instagram.com\/luisdelarcoh","https:\/\/x.com\/https:\/\/x.com\/ldelarco"],"gender":"Hombre","jobTitle":"Editor","worksFor":"Grupo Prisa","url":"https:\/\/us.as.com\/autos\/autor\/lhernandezd\/"}]}},"amp_enabled":true,"_links":{"self":[{"href":"https:\/\/us.as.com\/autos\/wp-json\/wp\/v2\/posts\/4290","targetHints":{"allow":["GET"]}}],"collection":[{"href":"https:\/\/us.as.com\/autos\/wp-json\/wp\/v2\/posts"}],"about":[{"href":"https:\/\/us.as.com\/autos\/wp-json\/wp\/v2\/types\/post"}],"author":[{"embeddable":true,"href":"https:\/\/us.as.com\/autos\/wp-json\/wp\/v2\/users\/9"}],"replies":[{"embeddable":true,"href":"https:\/\/us.as.com\/autos\/wp-json\/wp\/v2\/comments?post=4290"}],"version-history":[{"count":1,"href":"https:\/\/us.as.com\/autos\/wp-json\/wp\/v2\/posts\/4290\/revisions"}],"predecessor-version":[{"id":4291,"href":"https:\/\/us.as.com\/autos\/wp-json\/wp\/v2\/posts\/4290\/revisions\/4291"}],"wp:featuredmedia":[{"embeddable":true,"href":"https:\/\/us.as.com\/autos\/wp-json\/wp\/v2\/media\/4292"}],"wp:attachment":[{"href":"https:\/\/us.as.com\/autos\/wp-json\/wp\/v2\/media?parent=4290"}],"wp:term":[{"taxonomy":"category","embeddable":true,"href":"https:\/\/us.as.com\/autos\/wp-json\/wp\/v2\/categories?post=4290"},{"taxonomy":"post_tag","embeddable":true,"href":"https:\/\/us.as.com\/autos\/wp-json\/wp\/v2\/tags?post=4290"},{"taxonomy":"marcas","embeddable":true,"href":"https:\/\/us.as.com\/autos\/wp-json\/wp\/v2\/marcas?post=4290"}],"curies":[{"name":"wp","href":"https:\/\/api.w.org\/{rel}","templated":true}]}}