{"id":4258,"date":"2024-06-22T18:46:33","date_gmt":"2024-06-22T16:46:33","guid":{"rendered":"https:\/\/us.as.com\/autos\/?p=4258"},"modified":"2024-06-22T18:46:34","modified_gmt":"2024-06-22T16:46:34","slug":"cuanto-tiempo-dura-la-bateria-de-un-auto-electrico","status":"publish","type":"post","link":"https:\/\/us.as.com\/autos\/electricos\/cuanto-tiempo-dura-la-bateria-de-un-auto-electrico\/","title":{"rendered":"\u00bfCu\u00e1ntos a\u00f1os dura la bater\u00eda de un auto el\u00e9ctrico?"},"content":{"rendered":"\n<p>No hay duda que los autos el\u00e9ctricos son una maravilla de la ingenier\u00eda moderna, con muchas menos piezas que sus contrapartes de gasolina. Sin embargo, su componente m\u00e1s vital y costoso, la bater\u00eda, genera dudas sobre su durabilidad y el precio de su reemplazo.<\/p>\n\n\n\n<p>En s\u00ed, los autos el\u00e9ctricos funcionan con bater\u00edas de iones de litio, similares a las de los tel\u00e9fonos celulares, pero mucho m\u00e1s grandes y potentes. Su capacidad se mide en kilowatts-hora (kWh), que indican cu\u00e1nta energ\u00eda almacenan y, por ende, qu\u00e9 tan lejos puede llegar el auto con una carga.<\/p>\n\n\n\n<p>As\u00ed que mientras m\u00e1s kWh tenga la bater\u00eda de un auto el\u00e9ctrico, significa una mayor autonom\u00eda por carga. Llevando esto al contexto de los veh\u00edculos de combusti\u00f3n interna, las bater\u00edas son el tanque de gasolina, y mientras m\u00e1s grande m\u00e1s litros almacena.&nbsp;<\/p>\n\n\n\n<p>Pero, realmente la pregunta que se hacen muchas personas sobre los autos el\u00e9ctricos es sobre cu\u00e1nto tiempo dura la bater\u00eda de un auto el\u00e9ctrico antes de necesitar un reemplazo.<\/p>\n\n\n\n<h2 class=\"wp-block-heading\" id=\"h-cuantos-anos-dura-la-bateria-de-un-auto-electrico\"><strong>\u00bfCu\u00e1ntos a\u00f1os dura la bater\u00eda de un auto el\u00e9ctrico?<\/strong><\/h2>\n\n\n\n<p>Por lo general, los fabricantes de autos el\u00e9ctricos estiman una vida \u00fatil de 10 a 20 a\u00f1os para sus bater\u00edas. Sin embargo, esta cifra puede variar dependiendo de varios factores.<\/p>\n\n\n\n<p>Tal es el caso del calor. Est\u00e1 m\u00e1s que comprobado que las altas temperaturas aceleran el desgaste de la bater\u00eda. Por eso, <strong><a href=\"https:\/\/us.as.com\/autos\/tips\/parasol-para-autos-por-que-es-importante-usarlo-y-como-elegir-el-mejor\/\">es importante evitar dejar el auto bajo el sol intenso<\/a><\/strong> y limitar el uso de cargadores r\u00e1pidos, que generan m\u00e1s calor, por lo que acelera el desgaste de la bater\u00eda.\u00a0<\/p>\n\n\n\n<p>De igual manera, el fr\u00edo afecta el rendimiento. Aunque el fr\u00edo no da\u00f1a la bater\u00eda a largo plazo, s\u00ed reduce su autonom\u00eda y potencia.<\/p>\n\n\n\n<figure class=\"wp-block-image size-large\"><img decoding=\"async\" width=\"1024\" height=\"576\" src=\"https:\/\/us.as.com\/autos\/wp-content\/uploads\/2024\/06\/DB2018AU00146_large-1024x576.jpg\" alt=\"La diferencia entre las bater\u00edas de autos h\u00edbridos y el\u00e9ctricos\" class=\"wp-image-4099\" srcset=\"https:\/\/us.as.com\/autos\/wp-content\/uploads\/2024\/06\/DB2018AU00146_large-1024x576.jpg 1024w, https:\/\/us.as.com\/autos\/wp-content\/uploads\/2024\/06\/DB2018AU00146_large-300x169.jpg 300w, https:\/\/us.as.com\/autos\/wp-content\/uploads\/2024\/06\/DB2018AU00146_large-768x432.jpg 768w, https:\/\/us.as.com\/autos\/wp-content\/uploads\/2024\/06\/DB2018AU00146_large-1536x864.jpg 1536w, https:\/\/us.as.com\/autos\/wp-content\/uploads\/2024\/06\/DB2018AU00146_large-2048x1152.jpg 2048w, https:\/\/us.as.com\/autos\/wp-content\/uploads\/2024\/06\/DB2018AU00146_large-1200x675.jpg 1200w, https:\/\/us.as.com\/autos\/wp-content\/uploads\/2024\/06\/DB2018AU00146_large-800x450.jpg 800w, https:\/\/us.as.com\/autos\/wp-content\/uploads\/2024\/06\/DB2018AU00146_large-450x253.jpg 450w\" sizes=\"(max-width: 1024px) 100vw, 1024px\" \/><\/figure>\n\n\n\n<p>Igualmente, los ciclos de carga cuentan. Cada vez que se carga y descarga la bater\u00eda, se produce un peque\u00f1o desgaste ocasionando que la bater\u00eda se degrada lentamente con cada ciclo.&nbsp;<\/p>\n\n\n\n<p>Debido a que cada ciclo de carga desgasta la bater\u00eda, se recomienda mantener un nivel de carga medio (entre 20% y 90%) y evitar cargar al 100% constantemente, reserv\u00e1ndose para viajes largos.<\/p>\n\n\n\n<p>Datos de propietarios de Tesla sugieren una p\u00e9rdida anual de autonom\u00eda del 1%, lo que significa que tras una d\u00e9cada, la bater\u00eda conservar\u00eda alrededor del 90% de su capacidad original.<\/p>\n\n\n\n<p>Si bien la mayor\u00eda de los propietarios que actualmente no tendr\u00e1n que reemplazar la bater\u00eda debido a que el tiempo de posesi\u00f3n no llega a los 10 a\u00f1os, es importante conocer los costos potenciales. Fuera del per\u00edodo de garant\u00eda, un reemplazo puede costar entre $13,000 y $20,000 d\u00f3lares, dependiendo del modelo.<\/p>\n","protected":false},"excerpt":{"rendered":"<p>No hay duda que los autos el\u00e9ctricos son una maravilla de la ingenier\u00eda moderna, con muchas menos piezas que sus contrapartes de gasolina. Sin embargo, su componente m\u00e1s vital y costoso, la bater\u00eda, genera dudas sobre su durabilidad y el precio de su reemplazo. En s\u00ed, los autos el\u00e9ctricos funcionan con bater\u00edas de iones de [&hellip;]<\/p>\n","protected":false},"author":9,"featured_media":2081,"comment_status":"open","ping_status":"open","sticky":false,"template":"","format":"standard","meta":{"_acf_changed":false,"footnotes":""},"categories":[6],"tags":[203,210,197],"marcas":[],"class_list":["post-4258","post","type-post","status-publish","format-standard","has-post-thumbnail","hentry","category-electricos","tag-autos-electricos","tag-consejos","tag-tips","cat-6-id"],"acf":[],"yoast_head":"<!-- This site is optimized with the Yoast SEO Premium plugin  - https:\/\/yoast.com\/wordpress\/plugins\/seo\/ -->\n<title>\u00bfCu\u00e1ntos a\u00f1os dura la bater\u00eda de un auto el\u00e9ctrico? - Autos<\/title>\n<meta name=\"description\" content=\"La pregunta que se hacen muchas personas sobre los autos el\u00e9ctricos es sobre cu\u00e1nto tiempo dura la bater\u00eda de un auto el\u00e9ctrico\" \/>\n<meta name=\"robots\" content=\"index, follow, max-snippet:-1, max-image-preview:large, max-video-preview:-1\" \/>\n<link rel=\"canonical\" href=\"https:\/\/us.as.com\/autos\/electricos\/cuanto-tiempo-dura-la-bateria-de-un-auto-electrico\/\" \/>\n<meta property=\"og:locale\" content=\"es_ES\" \/>\n<meta property=\"og:type\" content=\"article\" \/>\n<meta property=\"og:title\" content=\"\u00bfCu\u00e1ntos a\u00f1os dura la bater\u00eda de un auto el\u00e9ctrico? - Autos\" \/>\n<meta property=\"og:description\" content=\"La pregunta que se hacen muchas personas sobre los autos el\u00e9ctricos es sobre cu\u00e1nto tiempo dura la bater\u00eda de un auto el\u00e9ctrico\" \/>\n<meta property=\"og:url\" content=\"https:\/\/us.as.com\/autos\/electricos\/cuanto-tiempo-dura-la-bateria-de-un-auto-electrico\/\" \/>\n<meta property=\"og:site_name\" content=\"Autos\" \/>\n<meta property=\"article:published_time\" content=\"2024-06-22T16:46:33+00:00\" \/>\n<meta property=\"article:modified_time\" content=\"2024-06-22T16:46:34+00:00\" \/>\n<meta property=\"og:image\" content=\"https:\/\/us.as.com\/autos\/wp-content\/uploads\/2024\/02\/ev_battery_capacity.png\" \/>\n\t<meta property=\"og:image:width\" content=\"1080\" \/>\n\t<meta property=\"og:image:height\" content=\"607\" \/>\n\t<meta property=\"og:image:type\" content=\"image\/png\" \/>\n<meta name=\"author\" content=\"Luis Hern\u00e1ndez del Arco\" \/>\n<meta name=\"twitter:card\" content=\"summary_large_image\" \/>\n<meta name=\"twitter:creator\" content=\"@https:\/\/x.com\/ldelarco\" \/>\n<meta name=\"twitter:label1\" content=\"Escrito por\" \/>\n\t<meta name=\"twitter:data1\" content=\"Luis Hern\u00e1ndez del Arco\" \/>\n\t<meta name=\"twitter:label2\" content=\"Tiempo de lectura\" \/>\n\t<meta name=\"twitter:data2\" content=\"3 minutos\" \/>\n<script type=\"application\/ld+json\" class=\"yoast-schema-graph\">{\"@context\":\"https:\/\/schema.org\",\"@graph\":[{\"@type\":\"WebPage\",\"@id\":\"https:\/\/us.as.com\/autos\/electricos\/cuanto-tiempo-dura-la-bateria-de-un-auto-electrico\/\",\"url\":\"https:\/\/us.as.com\/autos\/electricos\/cuanto-tiempo-dura-la-bateria-de-un-auto-electrico\/\",\"name\":\"\u00bfCu\u00e1ntos a\u00f1os dura la bater\u00eda de un auto el\u00e9ctrico? - Autos\",\"isPartOf\":{\"@id\":\"https:\/\/us.as.com\/autos\/#website\"},\"primaryImageOfPage\":{\"@id\":\"https:\/\/us.as.com\/autos\/electricos\/cuanto-tiempo-dura-la-bateria-de-un-auto-electrico\/#primaryimage\"},\"image\":{\"@id\":\"https:\/\/us.as.com\/autos\/electricos\/cuanto-tiempo-dura-la-bateria-de-un-auto-electrico\/#primaryimage\"},\"thumbnailUrl\":\"https:\/\/us.as.com\/autos\/wp-content\/uploads\/2024\/02\/ev_battery_capacity.png\",\"datePublished\":\"2024-06-22T16:46:33+00:00\",\"dateModified\":\"2024-06-22T16:46:34+00:00\",\"author\":{\"@id\":\"https:\/\/us.as.com\/autos\/#\/schema\/person\/b59ded8d3d136c0f0f7adae8ab7f1712\"},\"description\":\"La pregunta que se hacen muchas personas sobre los autos el\u00e9ctricos es sobre cu\u00e1nto tiempo dura la bater\u00eda de un auto el\u00e9ctrico\",\"inLanguage\":\"es\",\"potentialAction\":[{\"@type\":\"ReadAction\",\"target\":[\"https:\/\/us.as.com\/autos\/electricos\/cuanto-tiempo-dura-la-bateria-de-un-auto-electrico\/\"]}]},{\"@type\":\"ImageObject\",\"inLanguage\":\"es\",\"@id\":\"https:\/\/us.as.com\/autos\/electricos\/cuanto-tiempo-dura-la-bateria-de-un-auto-electrico\/#primaryimage\",\"url\":\"https:\/\/us.as.com\/autos\/wp-content\/uploads\/2024\/02\/ev_battery_capacity.png\",\"contentUrl\":\"https:\/\/us.as.com\/autos\/wp-content\/uploads\/2024\/02\/ev_battery_capacity.png\",\"width\":1080,\"height\":607,\"caption\":\"\u00bfCu\u00e1ntos a\u00f1os dura la bater\u00eda de un auto el\u00e9ctrico?\"},{\"@type\":\"WebSite\",\"@id\":\"https:\/\/us.as.com\/autos\/#website\",\"url\":\"https:\/\/us.as.com\/autos\/\",\"name\":\"Autos\",\"description\":\"\",\"potentialAction\":[{\"@type\":\"SearchAction\",\"target\":{\"@type\":\"EntryPoint\",\"urlTemplate\":\"https:\/\/us.as.com\/autos\/?s={search_term_string}\"},\"query-input\":{\"@type\":\"PropertyValueSpecification\",\"valueRequired\":true,\"valueName\":\"search_term_string\"}}],\"inLanguage\":\"es\"},{\"@type\":\"Person\",\"@id\":\"https:\/\/us.as.com\/autos\/#\/schema\/person\/b59ded8d3d136c0f0f7adae8ab7f1712\",\"name\":\"Luis Hern\u00e1ndez del Arco\",\"image\":{\"@type\":\"ImageObject\",\"inLanguage\":\"es\",\"@id\":\"https:\/\/us.as.com\/autos\/#\/schema\/person\/image\/\",\"url\":\"https:\/\/secure.gravatar.com\/avatar\/c2b7262a4ee821aa4260ed5f07cfd999?s=96&d=mm&r=g\",\"contentUrl\":\"https:\/\/secure.gravatar.com\/avatar\/c2b7262a4ee821aa4260ed5f07cfd999?s=96&d=mm&r=g\",\"caption\":\"Luis Hern\u00e1ndez del Arco\"},\"sameAs\":[\"https:\/\/us.as.com\/autos\/\",\"https:\/\/www.instagram.com\/luisdelarcoh\",\"https:\/\/x.com\/https:\/\/x.com\/ldelarco\"],\"gender\":\"Hombre\",\"jobTitle\":\"Editor\",\"worksFor\":\"Grupo Prisa\",\"url\":\"https:\/\/us.as.com\/autos\/autor\/lhernandezd\/\"}]}<\/script>\n<!-- \/ Yoast SEO Premium plugin. -->","yoast_head_json":{"title":"\u00bfCu\u00e1ntos a\u00f1os dura la bater\u00eda de un auto el\u00e9ctrico? - Autos","description":"La pregunta que se hacen muchas personas sobre los autos el\u00e9ctricos es sobre cu\u00e1nto tiempo dura la bater\u00eda de un auto el\u00e9ctrico","robots":{"index":"index","follow":"follow","max-snippet":"max-snippet:-1","max-image-preview":"max-image-preview:large","max-video-preview":"max-video-preview:-1"},"canonical":"https:\/\/us.as.com\/autos\/electricos\/cuanto-tiempo-dura-la-bateria-de-un-auto-electrico\/","og_locale":"es_ES","og_type":"article","og_title":"\u00bfCu\u00e1ntos a\u00f1os dura la bater\u00eda de un auto el\u00e9ctrico? - Autos","og_description":"La pregunta que se hacen muchas personas sobre los autos el\u00e9ctricos es sobre cu\u00e1nto tiempo dura la bater\u00eda de un auto el\u00e9ctrico","og_url":"https:\/\/us.as.com\/autos\/electricos\/cuanto-tiempo-dura-la-bateria-de-un-auto-electrico\/","og_site_name":"Autos","article_published_time":"2024-06-22T16:46:33+00:00","article_modified_time":"2024-06-22T16:46:34+00:00","og_image":[{"width":1080,"height":607,"url":"https:\/\/us.as.com\/autos\/wp-content\/uploads\/2024\/02\/ev_battery_capacity.png","type":"image\/png"}],"author":"Luis Hern\u00e1ndez del Arco","twitter_card":"summary_large_image","twitter_creator":"@https:\/\/x.com\/ldelarco","twitter_misc":{"Escrito por":"Luis Hern\u00e1ndez del Arco","Tiempo de lectura":"3 minutos"},"schema":{"@context":"https:\/\/schema.org","@graph":[{"@type":"WebPage","@id":"https:\/\/us.as.com\/autos\/electricos\/cuanto-tiempo-dura-la-bateria-de-un-auto-electrico\/","url":"https:\/\/us.as.com\/autos\/electricos\/cuanto-tiempo-dura-la-bateria-de-un-auto-electrico\/","name":"\u00bfCu\u00e1ntos a\u00f1os dura la bater\u00eda de un auto el\u00e9ctrico? - Autos","isPartOf":{"@id":"https:\/\/us.as.com\/autos\/#website"},"primaryImageOfPage":{"@id":"https:\/\/us.as.com\/autos\/electricos\/cuanto-tiempo-dura-la-bateria-de-un-auto-electrico\/#primaryimage"},"image":{"@id":"https:\/\/us.as.com\/autos\/electricos\/cuanto-tiempo-dura-la-bateria-de-un-auto-electrico\/#primaryimage"},"thumbnailUrl":"https:\/\/us.as.com\/autos\/wp-content\/uploads\/2024\/02\/ev_battery_capacity.png","datePublished":"2024-06-22T16:46:33+00:00","dateModified":"2024-06-22T16:46:34+00:00","author":{"@id":"https:\/\/us.as.com\/autos\/#\/schema\/person\/b59ded8d3d136c0f0f7adae8ab7f1712"},"description":"La pregunta que se hacen muchas personas sobre los autos el\u00e9ctricos es sobre cu\u00e1nto tiempo dura la bater\u00eda de un auto el\u00e9ctrico","inLanguage":"es","potentialAction":[{"@type":"ReadAction","target":["https:\/\/us.as.com\/autos\/electricos\/cuanto-tiempo-dura-la-bateria-de-un-auto-electrico\/"]}]},{"@type":"ImageObject","inLanguage":"es","@id":"https:\/\/us.as.com\/autos\/electricos\/cuanto-tiempo-dura-la-bateria-de-un-auto-electrico\/#primaryimage","url":"https:\/\/us.as.com\/autos\/wp-content\/uploads\/2024\/02\/ev_battery_capacity.png","contentUrl":"https:\/\/us.as.com\/autos\/wp-content\/uploads\/2024\/02\/ev_battery_capacity.png","width":1080,"height":607,"caption":"\u00bfCu\u00e1ntos a\u00f1os dura la bater\u00eda de un auto el\u00e9ctrico?"},{"@type":"WebSite","@id":"https:\/\/us.as.com\/autos\/#website","url":"https:\/\/us.as.com\/autos\/","name":"Autos","description":"","potentialAction":[{"@type":"SearchAction","target":{"@type":"EntryPoint","urlTemplate":"https:\/\/us.as.com\/autos\/?s={search_term_string}"},"query-input":{"@type":"PropertyValueSpecification","valueRequired":true,"valueName":"search_term_string"}}],"inLanguage":"es"},{"@type":"Person","@id":"https:\/\/us.as.com\/autos\/#\/schema\/person\/b59ded8d3d136c0f0f7adae8ab7f1712","name":"Luis Hern\u00e1ndez del Arco","image":{"@type":"ImageObject","inLanguage":"es","@id":"https:\/\/us.as.com\/autos\/#\/schema\/person\/image\/","url":"https:\/\/secure.gravatar.com\/avatar\/c2b7262a4ee821aa4260ed5f07cfd999?s=96&d=mm&r=g","contentUrl":"https:\/\/secure.gravatar.com\/avatar\/c2b7262a4ee821aa4260ed5f07cfd999?s=96&d=mm&r=g","caption":"Luis Hern\u00e1ndez del Arco"},"sameAs":["https:\/\/us.as.com\/autos\/","https:\/\/www.instagram.com\/luisdelarcoh","https:\/\/x.com\/https:\/\/x.com\/ldelarco"],"gender":"Hombre","jobTitle":"Editor","worksFor":"Grupo Prisa","url":"https:\/\/us.as.com\/autos\/autor\/lhernandezd\/"}]}},"amp_enabled":true,"_links":{"self":[{"href":"https:\/\/us.as.com\/autos\/wp-json\/wp\/v2\/posts\/4258","targetHints":{"allow":["GET"]}}],"collection":[{"href":"https:\/\/us.as.com\/autos\/wp-json\/wp\/v2\/posts"}],"about":[{"href":"https:\/\/us.as.com\/autos\/wp-json\/wp\/v2\/types\/post"}],"author":[{"embeddable":true,"href":"https:\/\/us.as.com\/autos\/wp-json\/wp\/v2\/users\/9"}],"replies":[{"embeddable":true,"href":"https:\/\/us.as.com\/autos\/wp-json\/wp\/v2\/comments?post=4258"}],"version-history":[{"count":1,"href":"https:\/\/us.as.com\/autos\/wp-json\/wp\/v2\/posts\/4258\/revisions"}],"predecessor-version":[{"id":4259,"href":"https:\/\/us.as.com\/autos\/wp-json\/wp\/v2\/posts\/4258\/revisions\/4259"}],"wp:featuredmedia":[{"embeddable":true,"href":"https:\/\/us.as.com\/autos\/wp-json\/wp\/v2\/media\/2081"}],"wp:attachment":[{"href":"https:\/\/us.as.com\/autos\/wp-json\/wp\/v2\/media?parent=4258"}],"wp:term":[{"taxonomy":"category","embeddable":true,"href":"https:\/\/us.as.com\/autos\/wp-json\/wp\/v2\/categories?post=4258"},{"taxonomy":"post_tag","embeddable":true,"href":"https:\/\/us.as.com\/autos\/wp-json\/wp\/v2\/tags?post=4258"},{"taxonomy":"marcas","embeddable":true,"href":"https:\/\/us.as.com\/autos\/wp-json\/wp\/v2\/marcas?post=4258"}],"curies":[{"name":"wp","href":"https:\/\/api.w.org\/{rel}","templated":true}]}}