{"id":4011,"date":"2024-06-07T20:29:56","date_gmt":"2024-06-07T18:29:56","guid":{"rendered":"https:\/\/us.as.com\/autos\/?p=4011"},"modified":"2024-06-07T20:29:58","modified_gmt":"2024-06-07T18:29:58","slug":"tesla-mezcal-la-marca-de-autos-electricos-va-mas-alla-del-tequila","status":"publish","type":"post","link":"https:\/\/us.as.com\/autos\/curiosidades\/tesla-mezcal-la-marca-de-autos-electricos-va-mas-alla-del-tequila\/","title":{"rendered":"Tesla Mezcal: La marca de autos el\u00e9ctricos va m\u00e1s all\u00e1 del tequila"},"content":{"rendered":"\n<p>En los \u00faltimos a\u00f1os, las bebidas espirituosas han sido testigo de una revoluci\u00f3n silenciosa.&nbsp; No solo hablamos de la creciente popularidad del mezcal, el primo ahumado del tequila, sino de c\u00f3mo marcas ajenas a este mundo est\u00e1n entrando en el juego.&nbsp;&nbsp;<\/p>\n\n\n\n<p>Tesla, el gigante de los autos el\u00e9ctricos, no es la excepci\u00f3n. Tras el \u00e9xito de su tequila en 2020, ahora presenta un mezcal que promete ser tan audaz y disruptivo como sus veh\u00edculos.<\/p>\n\n\n\n<p>Antes de entrar a detalle en el Tesla Mezcal, es crucial entender qu\u00e9 lo distingue de su pariente, el tequila. Ambos son destilados de agave, pero el mezcal abarca una gama m\u00e1s amplia de variedades de agave y se produce en diversas regiones de M\u00e9xico. Por ley, el tequila se destila exclusivamente de agave azul, mientras que el mezcal se destila de cualquiera de las 30 especies de la planta.<\/p>\n\n\n\n<p>De igual manera, el proceso de cocci\u00f3n del agave tambi\u00e9n es diferente: el mezcal tradicionalmente se tuesta en hornos de tierra, lo que le confiere ese caracter\u00edstico sabor ahumado, mientras que el tequila se cuece en hornos industriales.<\/p>\n\n\n\n<h2 class=\"wp-block-heading\" id=\"h-tesla-mezcal-mas-que-una-botella-llamativa\"><strong>Tesla Mezcal: M\u00e1s que una botella llamativa<\/strong><\/h2>\n\n\n\n<p>Ya entendidas las diferencias, lo que primero llama la atenci\u00f3n del Tesla Mezcal (tiene una graduaci\u00f3n alcoh\u00f3lica de 43%) es su presentaci\u00f3n. Viene en una botella de vidrio soplado a mano, con un dise\u00f1o que evoca un rayo y rinde homenaje a la artesan\u00eda oaxaque\u00f1a.&nbsp;<\/p>\n\n\n\n<p>Pero, \u00bfqu\u00e9 hay dentro? Un mezcal elaborado con agave espad\u00edn y bicuixe, con notas c\u00edtricas, herbales y un final ahumado. Tesla promete una experiencia sensorial \u00fanica, tan delicada como especiada.<\/p>\n\n\n\n<p>Con un precio de 450 d\u00f3lares, el Tesla Mezcal de 25.34 onzas (750 ml) se posiciona como un producto de lujo. La pregunta es: \u00bfjustifica su precio? Para los entusiastas del mezcal, podr\u00eda ser una oportunidad de probar algo nuevo y exclusivo. Para los seguidores de Tesla, podr\u00eda ser un art\u00edculo de colecci\u00f3n.\u00a0 Pero para el consumidor promedio, \u00bfes m\u00e1s que una botella bonita con un precio inflado?<\/p>\n\n\n\n<figure class=\"wp-block-image size-large\"><img decoding=\"async\" width=\"1024\" height=\"576\" src=\"https:\/\/us.as.com\/autos\/wp-content\/uploads\/2024\/06\/pixelcut-export-2024-06-07T122056.791-1024x576.jpg\" alt=\"Tesla Mezcal\" class=\"wp-image-4012\" srcset=\"https:\/\/us.as.com\/autos\/wp-content\/uploads\/2024\/06\/pixelcut-export-2024-06-07T122056.791-1024x576.jpg 1024w, https:\/\/us.as.com\/autos\/wp-content\/uploads\/2024\/06\/pixelcut-export-2024-06-07T122056.791-300x169.jpg 300w, https:\/\/us.as.com\/autos\/wp-content\/uploads\/2024\/06\/pixelcut-export-2024-06-07T122056.791-768x432.jpg 768w, https:\/\/us.as.com\/autos\/wp-content\/uploads\/2024\/06\/pixelcut-export-2024-06-07T122056.791-1536x864.jpg 1536w, https:\/\/us.as.com\/autos\/wp-content\/uploads\/2024\/06\/pixelcut-export-2024-06-07T122056.791-1200x675.jpg 1200w, https:\/\/us.as.com\/autos\/wp-content\/uploads\/2024\/06\/pixelcut-export-2024-06-07T122056.791-800x450.jpg 800w, https:\/\/us.as.com\/autos\/wp-content\/uploads\/2024\/06\/pixelcut-export-2024-06-07T122056.791-450x253.jpg 450w, https:\/\/us.as.com\/autos\/wp-content\/uploads\/2024\/06\/pixelcut-export-2024-06-07T122056.791.jpg 1920w\" sizes=\"(max-width: 1024px) 100vw, 1024px\" \/><\/figure>\n\n\n\n<h2 class=\"wp-block-heading\" id=\"h-el-veredicto-vale-la-pena-el-hype\"><strong>El veredicto: \u00bfVale la pena el hype?<\/strong><\/h2>\n\n\n\n<p>Es innegable que Tesla sabe c\u00f3mo generar expectaci\u00f3n. Primero, el lanzamiento de su tequila fue un \u00e9xito rotundo, y es probable que este mezcal siga el mismo camino. Sin embargo, m\u00e1s all\u00e1 del marketing y la exclusividad, el verdadero valor de este mezcal residir\u00e1 en su sabor y calidad.<\/p>\n\n\n\n<p>\u00bfSer\u00e1 el Tesla Mezcal un mezcal digno de elogio o simplemente otro producto que se aprovecha de la fama de la marca? Solo el tiempo y las papilas gustativas de los consumidores lo dir\u00e1n.&nbsp; Mientras tanto, el debate est\u00e1 servido: \u00bfes esta incursi\u00f3n de Tesla en el mundo del mezcal una innovaci\u00f3n electrizante o simplemente humo y espejos?<\/p>\n","protected":false},"excerpt":{"rendered":"<p>En los \u00faltimos a\u00f1os, las bebidas espirituosas han sido testigo de una revoluci\u00f3n silenciosa.&nbsp; No solo hablamos de la creciente popularidad del mezcal, el primo ahumado del tequila, sino de c\u00f3mo marcas ajenas a este mundo est\u00e1n entrando en el juego.&nbsp;&nbsp; Tesla, el gigante de los autos el\u00e9ctricos, no es la excepci\u00f3n. Tras el \u00e9xito [&hellip;]<\/p>\n","protected":false},"author":9,"featured_media":4013,"comment_status":"open","ping_status":"open","sticky":false,"template":"","format":"standard","meta":{"_acf_changed":false,"footnotes":""},"categories":[12],"tags":[203],"marcas":[171],"class_list":["post-4011","post","type-post","status-publish","format-standard","has-post-thumbnail","hentry","category-curiosidades","tag-autos-electricos","marcas-tesla","cat-12-id"],"acf":[],"yoast_head":"<!-- This site is optimized with the Yoast SEO Premium plugin  - https:\/\/yoast.com\/wordpress\/plugins\/seo\/ -->\n<title>Tesla Mezcal: La marca de autos el\u00e9ctricos va m\u00e1s all\u00e1 del tequila - Autos<\/title>\n<meta name=\"description\" content=\"Por el momento, Tesla Mezcal solo est\u00e1 disponible en Estados Unidos, a trav\u00e9s de la tienda en l\u00ednea de la marca.\" \/>\n<meta name=\"robots\" content=\"index, follow, max-snippet:-1, max-image-preview:large, max-video-preview:-1\" \/>\n<link rel=\"canonical\" href=\"https:\/\/us.as.com\/autos\/curiosidades\/tesla-mezcal-la-marca-de-autos-electricos-va-mas-alla-del-tequila\/\" \/>\n<meta property=\"og:locale\" content=\"es_ES\" \/>\n<meta property=\"og:type\" content=\"article\" \/>\n<meta property=\"og:title\" content=\"Tesla Mezcal: La marca de autos el\u00e9ctricos va m\u00e1s all\u00e1 del tequila - Autos\" \/>\n<meta property=\"og:description\" content=\"Por el momento, Tesla Mezcal solo est\u00e1 disponible en Estados Unidos, a trav\u00e9s de la tienda en l\u00ednea de la marca.\" \/>\n<meta property=\"og:url\" content=\"https:\/\/us.as.com\/autos\/curiosidades\/tesla-mezcal-la-marca-de-autos-electricos-va-mas-alla-del-tequila\/\" \/>\n<meta property=\"og:site_name\" content=\"Autos\" \/>\n<meta property=\"article:published_time\" content=\"2024-06-07T18:29:56+00:00\" \/>\n<meta property=\"article:modified_time\" content=\"2024-06-07T18:29:58+00:00\" \/>\n<meta property=\"og:image\" content=\"https:\/\/us.as.com\/autos\/wp-content\/uploads\/2024\/06\/pixelcut-export-2024-06-07T122512.094.jpg\" \/>\n\t<meta property=\"og:image:width\" content=\"1920\" \/>\n\t<meta property=\"og:image:height\" content=\"1080\" \/>\n\t<meta property=\"og:image:type\" content=\"image\/jpeg\" \/>\n<meta name=\"author\" content=\"Luis Hern\u00e1ndez del Arco\" \/>\n<meta name=\"twitter:card\" content=\"summary_large_image\" \/>\n<meta name=\"twitter:creator\" content=\"@https:\/\/x.com\/ldelarco\" \/>\n<meta name=\"twitter:label1\" content=\"Escrito por\" \/>\n\t<meta name=\"twitter:data1\" content=\"Luis Hern\u00e1ndez del Arco\" \/>\n\t<meta name=\"twitter:label2\" content=\"Tiempo de lectura\" \/>\n\t<meta name=\"twitter:data2\" content=\"3 minutos\" \/>\n<script type=\"application\/ld+json\" class=\"yoast-schema-graph\">{\"@context\":\"https:\/\/schema.org\",\"@graph\":[{\"@type\":\"WebPage\",\"@id\":\"https:\/\/us.as.com\/autos\/curiosidades\/tesla-mezcal-la-marca-de-autos-electricos-va-mas-alla-del-tequila\/\",\"url\":\"https:\/\/us.as.com\/autos\/curiosidades\/tesla-mezcal-la-marca-de-autos-electricos-va-mas-alla-del-tequila\/\",\"name\":\"Tesla Mezcal: La marca de autos el\u00e9ctricos va m\u00e1s all\u00e1 del tequila - Autos\",\"isPartOf\":{\"@id\":\"https:\/\/us.as.com\/autos\/#website\"},\"primaryImageOfPage\":{\"@id\":\"https:\/\/us.as.com\/autos\/curiosidades\/tesla-mezcal-la-marca-de-autos-electricos-va-mas-alla-del-tequila\/#primaryimage\"},\"image\":{\"@id\":\"https:\/\/us.as.com\/autos\/curiosidades\/tesla-mezcal-la-marca-de-autos-electricos-va-mas-alla-del-tequila\/#primaryimage\"},\"thumbnailUrl\":\"https:\/\/us.as.com\/autos\/wp-content\/uploads\/2024\/06\/pixelcut-export-2024-06-07T122512.094.jpg\",\"datePublished\":\"2024-06-07T18:29:56+00:00\",\"dateModified\":\"2024-06-07T18:29:58+00:00\",\"author\":{\"@id\":\"https:\/\/us.as.com\/autos\/#\/schema\/person\/b59ded8d3d136c0f0f7adae8ab7f1712\"},\"description\":\"Por el momento, Tesla Mezcal solo est\u00e1 disponible en Estados Unidos, a trav\u00e9s de la tienda en l\u00ednea de la marca.\",\"inLanguage\":\"es\",\"potentialAction\":[{\"@type\":\"ReadAction\",\"target\":[\"https:\/\/us.as.com\/autos\/curiosidades\/tesla-mezcal-la-marca-de-autos-electricos-va-mas-alla-del-tequila\/\"]}]},{\"@type\":\"ImageObject\",\"inLanguage\":\"es\",\"@id\":\"https:\/\/us.as.com\/autos\/curiosidades\/tesla-mezcal-la-marca-de-autos-electricos-va-mas-alla-del-tequila\/#primaryimage\",\"url\":\"https:\/\/us.as.com\/autos\/wp-content\/uploads\/2024\/06\/pixelcut-export-2024-06-07T122512.094.jpg\",\"contentUrl\":\"https:\/\/us.as.com\/autos\/wp-content\/uploads\/2024\/06\/pixelcut-export-2024-06-07T122512.094.jpg\",\"width\":1920,\"height\":1080,\"caption\":\"Tesla Mezcal\"},{\"@type\":\"WebSite\",\"@id\":\"https:\/\/us.as.com\/autos\/#website\",\"url\":\"https:\/\/us.as.com\/autos\/\",\"name\":\"Autos\",\"description\":\"\",\"potentialAction\":[{\"@type\":\"SearchAction\",\"target\":{\"@type\":\"EntryPoint\",\"urlTemplate\":\"https:\/\/us.as.com\/autos\/?s={search_term_string}\"},\"query-input\":{\"@type\":\"PropertyValueSpecification\",\"valueRequired\":true,\"valueName\":\"search_term_string\"}}],\"inLanguage\":\"es\"},{\"@type\":\"Person\",\"@id\":\"https:\/\/us.as.com\/autos\/#\/schema\/person\/b59ded8d3d136c0f0f7adae8ab7f1712\",\"name\":\"Luis Hern\u00e1ndez del Arco\",\"image\":{\"@type\":\"ImageObject\",\"inLanguage\":\"es\",\"@id\":\"https:\/\/us.as.com\/autos\/#\/schema\/person\/image\/\",\"url\":\"https:\/\/secure.gravatar.com\/avatar\/c2b7262a4ee821aa4260ed5f07cfd999?s=96&d=mm&r=g\",\"contentUrl\":\"https:\/\/secure.gravatar.com\/avatar\/c2b7262a4ee821aa4260ed5f07cfd999?s=96&d=mm&r=g\",\"caption\":\"Luis Hern\u00e1ndez del Arco\"},\"sameAs\":[\"https:\/\/us.as.com\/autos\/\",\"https:\/\/www.instagram.com\/luisdelarcoh\",\"https:\/\/x.com\/https:\/\/x.com\/ldelarco\"],\"gender\":\"Hombre\",\"jobTitle\":\"Editor\",\"worksFor\":\"Grupo Prisa\",\"url\":\"https:\/\/us.as.com\/autos\/autor\/lhernandezd\/\"}]}<\/script>\n<!-- \/ Yoast SEO Premium plugin. -->","yoast_head_json":{"title":"Tesla Mezcal: La marca de autos el\u00e9ctricos va m\u00e1s all\u00e1 del tequila - Autos","description":"Por el momento, Tesla Mezcal solo est\u00e1 disponible en Estados Unidos, a trav\u00e9s de la tienda en l\u00ednea de la marca.","robots":{"index":"index","follow":"follow","max-snippet":"max-snippet:-1","max-image-preview":"max-image-preview:large","max-video-preview":"max-video-preview:-1"},"canonical":"https:\/\/us.as.com\/autos\/curiosidades\/tesla-mezcal-la-marca-de-autos-electricos-va-mas-alla-del-tequila\/","og_locale":"es_ES","og_type":"article","og_title":"Tesla Mezcal: La marca de autos el\u00e9ctricos va m\u00e1s all\u00e1 del tequila - Autos","og_description":"Por el momento, Tesla Mezcal solo est\u00e1 disponible en Estados Unidos, a trav\u00e9s de la tienda en l\u00ednea de la marca.","og_url":"https:\/\/us.as.com\/autos\/curiosidades\/tesla-mezcal-la-marca-de-autos-electricos-va-mas-alla-del-tequila\/","og_site_name":"Autos","article_published_time":"2024-06-07T18:29:56+00:00","article_modified_time":"2024-06-07T18:29:58+00:00","og_image":[{"width":1920,"height":1080,"url":"https:\/\/us.as.com\/autos\/wp-content\/uploads\/2024\/06\/pixelcut-export-2024-06-07T122512.094.jpg","type":"image\/jpeg"}],"author":"Luis Hern\u00e1ndez del Arco","twitter_card":"summary_large_image","twitter_creator":"@https:\/\/x.com\/ldelarco","twitter_misc":{"Escrito por":"Luis Hern\u00e1ndez del Arco","Tiempo de lectura":"3 minutos"},"schema":{"@context":"https:\/\/schema.org","@graph":[{"@type":"WebPage","@id":"https:\/\/us.as.com\/autos\/curiosidades\/tesla-mezcal-la-marca-de-autos-electricos-va-mas-alla-del-tequila\/","url":"https:\/\/us.as.com\/autos\/curiosidades\/tesla-mezcal-la-marca-de-autos-electricos-va-mas-alla-del-tequila\/","name":"Tesla Mezcal: La marca de autos el\u00e9ctricos va m\u00e1s all\u00e1 del tequila - Autos","isPartOf":{"@id":"https:\/\/us.as.com\/autos\/#website"},"primaryImageOfPage":{"@id":"https:\/\/us.as.com\/autos\/curiosidades\/tesla-mezcal-la-marca-de-autos-electricos-va-mas-alla-del-tequila\/#primaryimage"},"image":{"@id":"https:\/\/us.as.com\/autos\/curiosidades\/tesla-mezcal-la-marca-de-autos-electricos-va-mas-alla-del-tequila\/#primaryimage"},"thumbnailUrl":"https:\/\/us.as.com\/autos\/wp-content\/uploads\/2024\/06\/pixelcut-export-2024-06-07T122512.094.jpg","datePublished":"2024-06-07T18:29:56+00:00","dateModified":"2024-06-07T18:29:58+00:00","author":{"@id":"https:\/\/us.as.com\/autos\/#\/schema\/person\/b59ded8d3d136c0f0f7adae8ab7f1712"},"description":"Por el momento, Tesla Mezcal solo est\u00e1 disponible en Estados Unidos, a trav\u00e9s de la tienda en l\u00ednea de la marca.","inLanguage":"es","potentialAction":[{"@type":"ReadAction","target":["https:\/\/us.as.com\/autos\/curiosidades\/tesla-mezcal-la-marca-de-autos-electricos-va-mas-alla-del-tequila\/"]}]},{"@type":"ImageObject","inLanguage":"es","@id":"https:\/\/us.as.com\/autos\/curiosidades\/tesla-mezcal-la-marca-de-autos-electricos-va-mas-alla-del-tequila\/#primaryimage","url":"https:\/\/us.as.com\/autos\/wp-content\/uploads\/2024\/06\/pixelcut-export-2024-06-07T122512.094.jpg","contentUrl":"https:\/\/us.as.com\/autos\/wp-content\/uploads\/2024\/06\/pixelcut-export-2024-06-07T122512.094.jpg","width":1920,"height":1080,"caption":"Tesla Mezcal"},{"@type":"WebSite","@id":"https:\/\/us.as.com\/autos\/#website","url":"https:\/\/us.as.com\/autos\/","name":"Autos","description":"","potentialAction":[{"@type":"SearchAction","target":{"@type":"EntryPoint","urlTemplate":"https:\/\/us.as.com\/autos\/?s={search_term_string}"},"query-input":{"@type":"PropertyValueSpecification","valueRequired":true,"valueName":"search_term_string"}}],"inLanguage":"es"},{"@type":"Person","@id":"https:\/\/us.as.com\/autos\/#\/schema\/person\/b59ded8d3d136c0f0f7adae8ab7f1712","name":"Luis Hern\u00e1ndez del Arco","image":{"@type":"ImageObject","inLanguage":"es","@id":"https:\/\/us.as.com\/autos\/#\/schema\/person\/image\/","url":"https:\/\/secure.gravatar.com\/avatar\/c2b7262a4ee821aa4260ed5f07cfd999?s=96&d=mm&r=g","contentUrl":"https:\/\/secure.gravatar.com\/avatar\/c2b7262a4ee821aa4260ed5f07cfd999?s=96&d=mm&r=g","caption":"Luis Hern\u00e1ndez del Arco"},"sameAs":["https:\/\/us.as.com\/autos\/","https:\/\/www.instagram.com\/luisdelarcoh","https:\/\/x.com\/https:\/\/x.com\/ldelarco"],"gender":"Hombre","jobTitle":"Editor","worksFor":"Grupo Prisa","url":"https:\/\/us.as.com\/autos\/autor\/lhernandezd\/"}]}},"amp_enabled":true,"_links":{"self":[{"href":"https:\/\/us.as.com\/autos\/wp-json\/wp\/v2\/posts\/4011","targetHints":{"allow":["GET"]}}],"collection":[{"href":"https:\/\/us.as.com\/autos\/wp-json\/wp\/v2\/posts"}],"about":[{"href":"https:\/\/us.as.com\/autos\/wp-json\/wp\/v2\/types\/post"}],"author":[{"embeddable":true,"href":"https:\/\/us.as.com\/autos\/wp-json\/wp\/v2\/users\/9"}],"replies":[{"embeddable":true,"href":"https:\/\/us.as.com\/autos\/wp-json\/wp\/v2\/comments?post=4011"}],"version-history":[{"count":1,"href":"https:\/\/us.as.com\/autos\/wp-json\/wp\/v2\/posts\/4011\/revisions"}],"predecessor-version":[{"id":4014,"href":"https:\/\/us.as.com\/autos\/wp-json\/wp\/v2\/posts\/4011\/revisions\/4014"}],"wp:featuredmedia":[{"embeddable":true,"href":"https:\/\/us.as.com\/autos\/wp-json\/wp\/v2\/media\/4013"}],"wp:attachment":[{"href":"https:\/\/us.as.com\/autos\/wp-json\/wp\/v2\/media?parent=4011"}],"wp:term":[{"taxonomy":"category","embeddable":true,"href":"https:\/\/us.as.com\/autos\/wp-json\/wp\/v2\/categories?post=4011"},{"taxonomy":"post_tag","embeddable":true,"href":"https:\/\/us.as.com\/autos\/wp-json\/wp\/v2\/tags?post=4011"},{"taxonomy":"marcas","embeddable":true,"href":"https:\/\/us.as.com\/autos\/wp-json\/wp\/v2\/marcas?post=4011"}],"curies":[{"name":"wp","href":"https:\/\/api.w.org\/{rel}","templated":true}]}}