{"id":3994,"date":"2024-06-07T17:34:20","date_gmt":"2024-06-07T15:34:20","guid":{"rendered":"https:\/\/us.as.com\/autos\/?p=3994"},"modified":"2024-06-07T17:34:21","modified_gmt":"2024-06-07T15:34:21","slug":"temor-de-estados-unidos-y-europa-a-los-autos-electricos-chinos","status":"publish","type":"post","link":"https:\/\/us.as.com\/autos\/actualidad\/temor-de-estados-unidos-y-europa-a-los-autos-electricos-chinos\/","title":{"rendered":"\u00bfTemor de Estados Unidos y Europa a los autos el\u00e9ctricos chinos?"},"content":{"rendered":"\n<p>Con el ascenso mete\u00f3rico de China en la industria automotriz, particularmente en el sector de los veh\u00edculos el\u00e9ctricos, se ha desencadenado una ola de reacciones proteccionistas en Occidente, sacudiendo los cimientos del comercio global.&nbsp;<\/p>\n\n\n\n<p>Esta expansi\u00f3n ha generado una reacci\u00f3n proteccionista en Estados Unidos y la Uni\u00f3n Europea, quienes ven amenazada su posici\u00f3n dominante en el sector automotor, uno de los m\u00e1s importantes del mundo, y que en muchos pa\u00edses es un gran pilar de las econom\u00edas.<\/p>\n\n\n\n<p>Obviamente, esta situaci\u00f3n ha generado una gran controversia en la que no solo pone de manifiesto la creciente rivalidad entre China y Occidente, sino que tambi\u00e9n plantea interrogantes fundamentales sobre el futuro de la industria automotriz y la transici\u00f3n hacia una movilidad m\u00e1s sostenible.&nbsp;<\/p>\n\n\n\n<p>Ante esta situaci\u00f3n, Estados Unidos y la Uni\u00f3n Europea han recurrido a medidas proteccionistas, como la imposici\u00f3n de aranceles a la importaci\u00f3n de autos el\u00e9ctricos chinos. Sin embargo, estas medidas no est\u00e1n exentas de consecuencias y podr\u00edan desencadenar una espiral de represalias comerciales con efectos impredecibles para la econom\u00eda global.<\/p>\n\n\n\n<p>Queda claro que la controversia sobre los autos chinos refleja la tensi\u00f3n entre la competencia y el proteccionismo en el contexto de la globalizaci\u00f3n. Por un lado, la competencia impulsa la innovaci\u00f3n y beneficia a los consumidores al ofrecer productos m\u00e1s asequibles y de calidad. Por otro lado, el proteccionismo busca proteger a las industrias nacionales y preservar empleos, pero puede obstaculizar el comercio y generar tensiones geopol\u00edticas.<\/p>\n\n\n\n<p>Este auge de la industria china, impulsado por empresas como BYD, que ha logrado posicionarse entre las diez marcas m\u00e1s vendidas del mundo, es innegable. Esto se debe a las ventas en China y a la creciente cuota de mercado de los veh\u00edculos el\u00e9ctricos chinos en Europa y otras regiones del mundo representa un desaf\u00edo para los fabricantes tradicionales, que ven amenazada su hegemon\u00eda en un sector estrat\u00e9gico.<\/p>\n\n\n\n<figure class=\"wp-block-image size-large\"><img decoding=\"async\" width=\"1024\" height=\"576\" src=\"https:\/\/us.as.com\/autos\/wp-content\/uploads\/2024\/05\/pixelcut-export-1-1024x576.jpeg\" alt=\"\" class=\"wp-image-3748\" srcset=\"https:\/\/us.as.com\/autos\/wp-content\/uploads\/2024\/05\/pixelcut-export-1-1024x576.jpeg 1024w, https:\/\/us.as.com\/autos\/wp-content\/uploads\/2024\/05\/pixelcut-export-1-300x169.jpeg 300w, https:\/\/us.as.com\/autos\/wp-content\/uploads\/2024\/05\/pixelcut-export-1-768x432.jpeg 768w, https:\/\/us.as.com\/autos\/wp-content\/uploads\/2024\/05\/pixelcut-export-1-800x450.jpeg 800w, https:\/\/us.as.com\/autos\/wp-content\/uploads\/2024\/05\/pixelcut-export-1-450x253.jpeg 450w, https:\/\/us.as.com\/autos\/wp-content\/uploads\/2024\/05\/pixelcut-export-1.jpeg 1063w\" sizes=\"(max-width: 1024px) 100vw, 1024px\" \/><\/figure>\n\n\n\n<p>Como parte de este panorama el fundador de BYD, Wang Chuanfu, ha acusado a Estados Unidos y la Uni\u00f3n Europea de \u201cmiedo\u201d ante la industria de autos el\u00e9ctricos china ha generado un debate global sobre la verdadera naturaleza de las pol\u00edticas proteccionistas occidentales y el auge de los fabricantes chinos.<\/p>\n\n\n\n<p>Sin embargo, estas medidas no est\u00e1n exentas de consecuencias. Los aranceles podr\u00edan afectar negativamente el comercio bilateral y reducir el n\u00famero de veh\u00edculos el\u00e9ctricos chinos importados a la UE. China, por su parte, ha insinuado posibles represalias, lo que podr\u00eda desencadenar una guerra comercial con implicaciones globales.<\/p>\n\n\n\n<p>Los aranceles propuestos por la Uni\u00f3n Europea a los veh\u00edculos el\u00e9ctricos chinos y las medidas similares contempladas por Estados Unidos han sido interpretados por algunos como un intento desesperado por frenar el avance imparable de la industria automotriz china. Wang Chuanfu, en su discurso, sugiri\u00f3 que estas acciones son una prueba de la fortaleza y competitividad de los fabricantes chinos.<\/p>\n\n\n\n<p>A pesar de todo, los defensores de estas medidas argumentan que son necesarias para proteger la industria automotriz europea y americana, que a\u00fan se encuentra en proceso de transici\u00f3n hacia la electrificaci\u00f3n. Adem\u00e1s, se plantean preocupaciones sobre la posible competencia desleal debido a los subsidios gubernamentales que reciben los fabricantes chinos.<\/p>\n\n\n\n<p>Las tensiones comerciales resultantes de estas medidas proteccionistas podr\u00edan tener un impacto significativo en la econom\u00eda global. Los aranceles propuestos por la UE podr\u00edan costar a China miles de millones de d\u00f3lares en exportaciones, mientras que las posibles represalias chinas afectar\u00edan a los fabricantes europeos y americanos.<\/p>\n\n\n\n<p>M\u00e1s all\u00e1 de lo econ\u00f3mico, este conflicto refleja la creciente rivalidad geopol\u00edtica entre China y Occidente. La industria de autos el\u00e9ctricos se ha convertido en un campo de batalla clave en esta lucha por el dominio tecnol\u00f3gico y econ\u00f3mico.<\/p>\n\n\n\n<p>Independientemente de las medidas proteccionistas, el ascenso de los fabricantes chinos de autos el\u00e9ctricos parece ser una tendencia imparable. Marcas como BYD est\u00e1n ganando terreno r\u00e1pidamente en el mercado europeo, y se espera que su participaci\u00f3n siga creciendo en los pr\u00f3ximos a\u00f1os.<\/p>\n\n\n\n<p>La capacidad de los fabricantes chinos para producir veh\u00edculos el\u00e9ctricos a precios m\u00e1s competitivos, junto con la creciente demanda global de estos veh\u00edculos, les otorga una ventaja significativa en el mercado.<\/p>\n\n\n\n<p>El conflicto actual plantea interrogantes sobre el futuro de la industria automotriz. \u00bfPodr\u00e1n los fabricantes europeos y americanos competir con los chinos en el mercado de veh\u00edculos el\u00e9ctricos? \u00bfSe intensificar\u00e1n las tensiones comerciales entre China y Occidente? \u00bfQu\u00e9 papel jugar\u00e1n los gobiernos en la configuraci\u00f3n de esta industria en el futuro?<\/p>\n","protected":false},"excerpt":{"rendered":"<p>Con el ascenso mete\u00f3rico de China en la industria automotriz, particularmente en el sector de los veh\u00edculos el\u00e9ctricos, se ha desencadenado una ola de reacciones proteccionistas en Occidente, sacudiendo los cimientos del comercio global.&nbsp; Esta expansi\u00f3n ha generado una reacci\u00f3n proteccionista en Estados Unidos y la Uni\u00f3n Europea, quienes ven amenazada su posici\u00f3n dominante en [&hellip;]<\/p>\n","protected":false},"author":9,"featured_media":3995,"comment_status":"open","ping_status":"open","sticky":false,"template":"","format":"standard","meta":{"_acf_changed":false,"footnotes":""},"categories":[228],"tags":[299,203],"marcas":[],"class_list":["post-3994","post","type-post","status-publish","format-standard","has-post-thumbnail","hentry","category-actualidad","tag-autos-chinos","tag-autos-electricos","cat-228-id"],"acf":[],"yoast_head":"<!-- This site is optimized with the Yoast SEO Premium plugin  - https:\/\/yoast.com\/wordpress\/plugins\/seo\/ -->\n<title>\u00bfTemor de Estados Unidos y Europa a los autos el\u00e9ctricos chinos? - Autos<\/title>\n<meta name=\"description\" content=\"La controversia sobre los autos el\u00e9ctricos chinos refleja la tensi\u00f3n entre la competencia y el proteccionismo en el contexto\" \/>\n<meta name=\"robots\" content=\"index, follow, max-snippet:-1, max-image-preview:large, max-video-preview:-1\" \/>\n<link rel=\"canonical\" href=\"https:\/\/us.as.com\/autos\/actualidad\/temor-de-estados-unidos-y-europa-a-los-autos-electricos-chinos\/\" \/>\n<meta property=\"og:locale\" content=\"es_ES\" \/>\n<meta property=\"og:type\" content=\"article\" \/>\n<meta property=\"og:title\" content=\"\u00bfTemor de Estados Unidos y Europa a los autos el\u00e9ctricos chinos? - Autos\" \/>\n<meta property=\"og:description\" content=\"La controversia sobre los autos el\u00e9ctricos chinos refleja la tensi\u00f3n entre la competencia y el proteccionismo en el contexto\" \/>\n<meta property=\"og:url\" content=\"https:\/\/us.as.com\/autos\/actualidad\/temor-de-estados-unidos-y-europa-a-los-autos-electricos-chinos\/\" \/>\n<meta property=\"og:site_name\" content=\"Autos\" \/>\n<meta property=\"article:published_time\" content=\"2024-06-07T15:34:20+00:00\" \/>\n<meta property=\"article:modified_time\" content=\"2024-06-07T15:34:21+00:00\" \/>\n<meta property=\"og:image\" content=\"https:\/\/us.as.com\/autos\/wp-content\/uploads\/2024\/06\/pixelcut-export-2024-06-07T093040.073.jpg\" \/>\n\t<meta property=\"og:image:width\" content=\"1741\" \/>\n\t<meta property=\"og:image:height\" content=\"979\" \/>\n\t<meta property=\"og:image:type\" content=\"image\/jpeg\" \/>\n<meta name=\"author\" content=\"Luis Hern\u00e1ndez del Arco\" \/>\n<meta name=\"twitter:card\" content=\"summary_large_image\" \/>\n<meta name=\"twitter:creator\" content=\"@https:\/\/x.com\/ldelarco\" \/>\n<meta name=\"twitter:label1\" content=\"Escrito por\" \/>\n\t<meta name=\"twitter:data1\" content=\"Luis Hern\u00e1ndez del Arco\" \/>\n\t<meta name=\"twitter:label2\" content=\"Tiempo de lectura\" \/>\n\t<meta name=\"twitter:data2\" content=\"4 minutos\" \/>\n<script type=\"application\/ld+json\" class=\"yoast-schema-graph\">{\"@context\":\"https:\/\/schema.org\",\"@graph\":[{\"@type\":\"WebPage\",\"@id\":\"https:\/\/us.as.com\/autos\/actualidad\/temor-de-estados-unidos-y-europa-a-los-autos-electricos-chinos\/\",\"url\":\"https:\/\/us.as.com\/autos\/actualidad\/temor-de-estados-unidos-y-europa-a-los-autos-electricos-chinos\/\",\"name\":\"\u00bfTemor de Estados Unidos y Europa a los autos el\u00e9ctricos chinos? - Autos\",\"isPartOf\":{\"@id\":\"https:\/\/us.as.com\/autos\/#website\"},\"primaryImageOfPage\":{\"@id\":\"https:\/\/us.as.com\/autos\/actualidad\/temor-de-estados-unidos-y-europa-a-los-autos-electricos-chinos\/#primaryimage\"},\"image\":{\"@id\":\"https:\/\/us.as.com\/autos\/actualidad\/temor-de-estados-unidos-y-europa-a-los-autos-electricos-chinos\/#primaryimage\"},\"thumbnailUrl\":\"https:\/\/us.as.com\/autos\/wp-content\/uploads\/2024\/06\/pixelcut-export-2024-06-07T093040.073.jpg\",\"datePublished\":\"2024-06-07T15:34:20+00:00\",\"dateModified\":\"2024-06-07T15:34:21+00:00\",\"author\":{\"@id\":\"https:\/\/us.as.com\/autos\/#\/schema\/person\/b59ded8d3d136c0f0f7adae8ab7f1712\"},\"description\":\"La controversia sobre los autos el\u00e9ctricos chinos refleja la tensi\u00f3n entre la competencia y el proteccionismo en el contexto\",\"inLanguage\":\"es\",\"potentialAction\":[{\"@type\":\"ReadAction\",\"target\":[\"https:\/\/us.as.com\/autos\/actualidad\/temor-de-estados-unidos-y-europa-a-los-autos-electricos-chinos\/\"]}]},{\"@type\":\"ImageObject\",\"inLanguage\":\"es\",\"@id\":\"https:\/\/us.as.com\/autos\/actualidad\/temor-de-estados-unidos-y-europa-a-los-autos-electricos-chinos\/#primaryimage\",\"url\":\"https:\/\/us.as.com\/autos\/wp-content\/uploads\/2024\/06\/pixelcut-export-2024-06-07T093040.073.jpg\",\"contentUrl\":\"https:\/\/us.as.com\/autos\/wp-content\/uploads\/2024\/06\/pixelcut-export-2024-06-07T093040.073.jpg\",\"width\":1741,\"height\":979},{\"@type\":\"WebSite\",\"@id\":\"https:\/\/us.as.com\/autos\/#website\",\"url\":\"https:\/\/us.as.com\/autos\/\",\"name\":\"Autos\",\"description\":\"\",\"potentialAction\":[{\"@type\":\"SearchAction\",\"target\":{\"@type\":\"EntryPoint\",\"urlTemplate\":\"https:\/\/us.as.com\/autos\/?s={search_term_string}\"},\"query-input\":{\"@type\":\"PropertyValueSpecification\",\"valueRequired\":true,\"valueName\":\"search_term_string\"}}],\"inLanguage\":\"es\"},{\"@type\":\"Person\",\"@id\":\"https:\/\/us.as.com\/autos\/#\/schema\/person\/b59ded8d3d136c0f0f7adae8ab7f1712\",\"name\":\"Luis Hern\u00e1ndez del Arco\",\"image\":{\"@type\":\"ImageObject\",\"inLanguage\":\"es\",\"@id\":\"https:\/\/us.as.com\/autos\/#\/schema\/person\/image\/\",\"url\":\"https:\/\/secure.gravatar.com\/avatar\/c2b7262a4ee821aa4260ed5f07cfd999?s=96&d=mm&r=g\",\"contentUrl\":\"https:\/\/secure.gravatar.com\/avatar\/c2b7262a4ee821aa4260ed5f07cfd999?s=96&d=mm&r=g\",\"caption\":\"Luis Hern\u00e1ndez del Arco\"},\"sameAs\":[\"https:\/\/us.as.com\/autos\/\",\"https:\/\/www.instagram.com\/luisdelarcoh\",\"https:\/\/x.com\/https:\/\/x.com\/ldelarco\"],\"gender\":\"Hombre\",\"jobTitle\":\"Editor\",\"worksFor\":\"Grupo Prisa\",\"url\":\"https:\/\/us.as.com\/autos\/autor\/lhernandezd\/\"}]}<\/script>\n<!-- \/ Yoast SEO Premium plugin. -->","yoast_head_json":{"title":"\u00bfTemor de Estados Unidos y Europa a los autos el\u00e9ctricos chinos? - Autos","description":"La controversia sobre los autos el\u00e9ctricos chinos refleja la tensi\u00f3n entre la competencia y el proteccionismo en el contexto","robots":{"index":"index","follow":"follow","max-snippet":"max-snippet:-1","max-image-preview":"max-image-preview:large","max-video-preview":"max-video-preview:-1"},"canonical":"https:\/\/us.as.com\/autos\/actualidad\/temor-de-estados-unidos-y-europa-a-los-autos-electricos-chinos\/","og_locale":"es_ES","og_type":"article","og_title":"\u00bfTemor de Estados Unidos y Europa a los autos el\u00e9ctricos chinos? - Autos","og_description":"La controversia sobre los autos el\u00e9ctricos chinos refleja la tensi\u00f3n entre la competencia y el proteccionismo en el contexto","og_url":"https:\/\/us.as.com\/autos\/actualidad\/temor-de-estados-unidos-y-europa-a-los-autos-electricos-chinos\/","og_site_name":"Autos","article_published_time":"2024-06-07T15:34:20+00:00","article_modified_time":"2024-06-07T15:34:21+00:00","og_image":[{"width":1741,"height":979,"url":"https:\/\/us.as.com\/autos\/wp-content\/uploads\/2024\/06\/pixelcut-export-2024-06-07T093040.073.jpg","type":"image\/jpeg"}],"author":"Luis Hern\u00e1ndez del Arco","twitter_card":"summary_large_image","twitter_creator":"@https:\/\/x.com\/ldelarco","twitter_misc":{"Escrito por":"Luis Hern\u00e1ndez del Arco","Tiempo de lectura":"4 minutos"},"schema":{"@context":"https:\/\/schema.org","@graph":[{"@type":"WebPage","@id":"https:\/\/us.as.com\/autos\/actualidad\/temor-de-estados-unidos-y-europa-a-los-autos-electricos-chinos\/","url":"https:\/\/us.as.com\/autos\/actualidad\/temor-de-estados-unidos-y-europa-a-los-autos-electricos-chinos\/","name":"\u00bfTemor de Estados Unidos y Europa a los autos el\u00e9ctricos chinos? - Autos","isPartOf":{"@id":"https:\/\/us.as.com\/autos\/#website"},"primaryImageOfPage":{"@id":"https:\/\/us.as.com\/autos\/actualidad\/temor-de-estados-unidos-y-europa-a-los-autos-electricos-chinos\/#primaryimage"},"image":{"@id":"https:\/\/us.as.com\/autos\/actualidad\/temor-de-estados-unidos-y-europa-a-los-autos-electricos-chinos\/#primaryimage"},"thumbnailUrl":"https:\/\/us.as.com\/autos\/wp-content\/uploads\/2024\/06\/pixelcut-export-2024-06-07T093040.073.jpg","datePublished":"2024-06-07T15:34:20+00:00","dateModified":"2024-06-07T15:34:21+00:00","author":{"@id":"https:\/\/us.as.com\/autos\/#\/schema\/person\/b59ded8d3d136c0f0f7adae8ab7f1712"},"description":"La controversia sobre los autos el\u00e9ctricos chinos refleja la tensi\u00f3n entre la competencia y el proteccionismo en el contexto","inLanguage":"es","potentialAction":[{"@type":"ReadAction","target":["https:\/\/us.as.com\/autos\/actualidad\/temor-de-estados-unidos-y-europa-a-los-autos-electricos-chinos\/"]}]},{"@type":"ImageObject","inLanguage":"es","@id":"https:\/\/us.as.com\/autos\/actualidad\/temor-de-estados-unidos-y-europa-a-los-autos-electricos-chinos\/#primaryimage","url":"https:\/\/us.as.com\/autos\/wp-content\/uploads\/2024\/06\/pixelcut-export-2024-06-07T093040.073.jpg","contentUrl":"https:\/\/us.as.com\/autos\/wp-content\/uploads\/2024\/06\/pixelcut-export-2024-06-07T093040.073.jpg","width":1741,"height":979},{"@type":"WebSite","@id":"https:\/\/us.as.com\/autos\/#website","url":"https:\/\/us.as.com\/autos\/","name":"Autos","description":"","potentialAction":[{"@type":"SearchAction","target":{"@type":"EntryPoint","urlTemplate":"https:\/\/us.as.com\/autos\/?s={search_term_string}"},"query-input":{"@type":"PropertyValueSpecification","valueRequired":true,"valueName":"search_term_string"}}],"inLanguage":"es"},{"@type":"Person","@id":"https:\/\/us.as.com\/autos\/#\/schema\/person\/b59ded8d3d136c0f0f7adae8ab7f1712","name":"Luis Hern\u00e1ndez del Arco","image":{"@type":"ImageObject","inLanguage":"es","@id":"https:\/\/us.as.com\/autos\/#\/schema\/person\/image\/","url":"https:\/\/secure.gravatar.com\/avatar\/c2b7262a4ee821aa4260ed5f07cfd999?s=96&d=mm&r=g","contentUrl":"https:\/\/secure.gravatar.com\/avatar\/c2b7262a4ee821aa4260ed5f07cfd999?s=96&d=mm&r=g","caption":"Luis Hern\u00e1ndez del Arco"},"sameAs":["https:\/\/us.as.com\/autos\/","https:\/\/www.instagram.com\/luisdelarcoh","https:\/\/x.com\/https:\/\/x.com\/ldelarco"],"gender":"Hombre","jobTitle":"Editor","worksFor":"Grupo Prisa","url":"https:\/\/us.as.com\/autos\/autor\/lhernandezd\/"}]}},"amp_enabled":true,"_links":{"self":[{"href":"https:\/\/us.as.com\/autos\/wp-json\/wp\/v2\/posts\/3994","targetHints":{"allow":["GET"]}}],"collection":[{"href":"https:\/\/us.as.com\/autos\/wp-json\/wp\/v2\/posts"}],"about":[{"href":"https:\/\/us.as.com\/autos\/wp-json\/wp\/v2\/types\/post"}],"author":[{"embeddable":true,"href":"https:\/\/us.as.com\/autos\/wp-json\/wp\/v2\/users\/9"}],"replies":[{"embeddable":true,"href":"https:\/\/us.as.com\/autos\/wp-json\/wp\/v2\/comments?post=3994"}],"version-history":[{"count":1,"href":"https:\/\/us.as.com\/autos\/wp-json\/wp\/v2\/posts\/3994\/revisions"}],"predecessor-version":[{"id":3996,"href":"https:\/\/us.as.com\/autos\/wp-json\/wp\/v2\/posts\/3994\/revisions\/3996"}],"wp:featuredmedia":[{"embeddable":true,"href":"https:\/\/us.as.com\/autos\/wp-json\/wp\/v2\/media\/3995"}],"wp:attachment":[{"href":"https:\/\/us.as.com\/autos\/wp-json\/wp\/v2\/media?parent=3994"}],"wp:term":[{"taxonomy":"category","embeddable":true,"href":"https:\/\/us.as.com\/autos\/wp-json\/wp\/v2\/categories?post=3994"},{"taxonomy":"post_tag","embeddable":true,"href":"https:\/\/us.as.com\/autos\/wp-json\/wp\/v2\/tags?post=3994"},{"taxonomy":"marcas","embeddable":true,"href":"https:\/\/us.as.com\/autos\/wp-json\/wp\/v2\/marcas?post=3994"}],"curies":[{"name":"wp","href":"https:\/\/api.w.org\/{rel}","templated":true}]}}