{"id":3857,"date":"2024-05-29T17:19:53","date_gmt":"2024-05-29T15:19:53","guid":{"rendered":"https:\/\/us.as.com\/autos\/?p=3857"},"modified":"2024-05-29T17:20:44","modified_gmt":"2024-05-29T15:20:44","slug":"toyota-rav4-30-anos-de-evolucion-de-la-suv-mas-vendida","status":"publish","type":"post","link":"https:\/\/us.as.com\/autos\/actualidad\/toyota-rav4-30-anos-de-evolucion-de-la-suv-mas-vendida\/","title":{"rendered":"Toyota RAV4: 30 a\u00f1os de evoluci\u00f3n de la SUV m\u00e1s vendida"},"content":{"rendered":"\n<p>En 2024, la Toyota RAV4 celebra tres d\u00e9cadas de existencia, consolid\u00e1ndose no s\u00f3lo como el SUV m\u00e1s vendido de Toyota, sino tambi\u00e9n como uno de los modelos m\u00e1s populares dentro de su segmento.&nbsp;<\/p>\n\n\n\n<p>Desde su debut en 1994, esta camioneta ha redefinido el concepto de SUV, evolucionando para satisfacer las demandas cambiantes de los consumidores y marcando tendencia en dise\u00f1o, funcionalidad y tecnolog\u00eda.<\/p>\n\n\n\n<p>Pero para plasmar este SUV, Toyota inici\u00f3 este proyecto con el prototipi RAV-Four de 1989 que se materializ\u00f3 en un veh\u00edculo que ofrec\u00eda espacio, confort y capacidades todoterreno, sin sacrificar el rendimiento en carretera. Esta combinaci\u00f3n \u00fanica lo convirti\u00f3 en un referente para el desarrollo de futuras generaciones, siempre enfocadas en anticiparse a las demandas del mercado.<\/p>\n\n\n\n<p>A lo largo de cinco generaciones, ha incorporado tecnolog\u00edas de propulsi\u00f3n de vanguardia, desde versiones gasolina y diesel, hasta h\u00edbridos y h\u00edbridos enchufables, consolidando el enfoque multi-tecnolog\u00eda de Toyota hacia la neutralidad de carbono.&nbsp;<\/p>\n\n\n\n<p>Esta apuesta por la electrificaci\u00f3n no solo ha mejorado la eficiencia, sino que tambi\u00e9n ha potenciado la experiencia de conducci\u00f3n, brindando una respuesta de aceleraci\u00f3n m\u00e1s \u00e1gil y emocionante.<\/p>\n\n\n\n<figure class=\"wp-block-image size-large\"><img decoding=\"async\" width=\"1024\" height=\"576\" src=\"https:\/\/us.as.com\/autos\/wp-content\/uploads\/2024\/05\/rav4-2ordfgeneracion2-1024x576.jpg\" alt=\"\" class=\"wp-image-3861\" srcset=\"https:\/\/us.as.com\/autos\/wp-content\/uploads\/2024\/05\/rav4-2ordfgeneracion2-1024x576.jpg 1024w, https:\/\/us.as.com\/autos\/wp-content\/uploads\/2024\/05\/rav4-2ordfgeneracion2-300x169.jpg 300w, https:\/\/us.as.com\/autos\/wp-content\/uploads\/2024\/05\/rav4-2ordfgeneracion2-768x432.jpg 768w, https:\/\/us.as.com\/autos\/wp-content\/uploads\/2024\/05\/rav4-2ordfgeneracion2-1536x864.jpg 1536w, https:\/\/us.as.com\/autos\/wp-content\/uploads\/2024\/05\/rav4-2ordfgeneracion2-2048x1152.jpg 2048w, https:\/\/us.as.com\/autos\/wp-content\/uploads\/2024\/05\/rav4-2ordfgeneracion2-1200x675.jpg 1200w, https:\/\/us.as.com\/autos\/wp-content\/uploads\/2024\/05\/rav4-2ordfgeneracion2-800x450.jpg 800w, https:\/\/us.as.com\/autos\/wp-content\/uploads\/2024\/05\/rav4-2ordfgeneracion2-450x253.jpg 450w\" sizes=\"(max-width: 1024px) 100vw, 1024px\" \/><\/figure>\n\n\n\n<h2 class=\"wp-block-heading\" id=\"h-evolucion-tras-evolucion-nbsp\"><strong>Evoluci\u00f3n tras evoluci\u00f3n&nbsp;<\/strong><\/h2>\n\n\n\n<p>Desde su primera generaci\u00f3n, la RAV4 ha destacado por su dise\u00f1o, que combinaba l\u00edneas elegantes con una funcionalidad excepcional. Su espacio interior generoso, tanto para pasajeros como para carga, permite que sea un SUV vers\u00e1til y pr\u00e1ctico para el d\u00eda a d\u00eda y en los viajes por carretera.&nbsp;<\/p>\n\n\n\n<p>Evidentemente, con cada nueva generaci\u00f3n, la Toyota RAV4 ha perfeccionado su dise\u00f1o, incorporando elementos m\u00e1s sofisticados y mejorando la calidad de los materiales y acabados.<\/p>\n\n\n\n<figure class=\"wp-block-image size-large\"><img decoding=\"async\" width=\"1024\" height=\"576\" src=\"https:\/\/us.as.com\/autos\/wp-content\/uploads\/2024\/05\/rav4-2ordfgeneracion03-1024x576.jpg\" alt=\"\" class=\"wp-image-3860\" srcset=\"https:\/\/us.as.com\/autos\/wp-content\/uploads\/2024\/05\/rav4-2ordfgeneracion03-1024x576.jpg 1024w, https:\/\/us.as.com\/autos\/wp-content\/uploads\/2024\/05\/rav4-2ordfgeneracion03-300x169.jpg 300w, https:\/\/us.as.com\/autos\/wp-content\/uploads\/2024\/05\/rav4-2ordfgeneracion03-768x432.jpg 768w, https:\/\/us.as.com\/autos\/wp-content\/uploads\/2024\/05\/rav4-2ordfgeneracion03-1536x864.jpg 1536w, https:\/\/us.as.com\/autos\/wp-content\/uploads\/2024\/05\/rav4-2ordfgeneracion03-2048x1152.jpg 2048w, https:\/\/us.as.com\/autos\/wp-content\/uploads\/2024\/05\/rav4-2ordfgeneracion03-1200x675.jpg 1200w, https:\/\/us.as.com\/autos\/wp-content\/uploads\/2024\/05\/rav4-2ordfgeneracion03-800x450.jpg 800w, https:\/\/us.as.com\/autos\/wp-content\/uploads\/2024\/05\/rav4-2ordfgeneracion03-450x253.jpg 450w\" sizes=\"(max-width: 1024px) 100vw, 1024px\" \/><\/figure>\n\n\n\n<p>Al mismo tiempo, la seguridad ha sido un pilar fundamental en el desarrollo de la RAV4. A lo largo de los a\u00f1os, ha incorporado los sistemas Toyota Safety Sense m\u00e1s avanzados, que incluyen tecnolog\u00edas de asistencia al conductor para prevenir accidentes y proteger a los ocupantes. Este compromiso con la seguridad ha contribuido a su reputaci\u00f3n como una de las camionetas m\u00e1s seguras del mercado.<\/p>\n\n\n\n<p>Por su enfoque en el segmento de los SUV, llevar el emblema de durabilidad y confiabilidad de Toyota y su constante evoluci\u00f3n, la RAV4 se ha colocado como la camioneta m\u00e1s vendida en el mundo, lo que le ha permitido sumar m\u00e1s de 14 millones de unidades en todos los continentes.<\/p>\n\n\n\n<figure class=\"wp-block-image size-large\"><img decoding=\"async\" width=\"1024\" height=\"576\" src=\"https:\/\/us.as.com\/autos\/wp-content\/uploads\/2024\/05\/rav45ordfgeneraciondinamica4-1024x576.jpg\" alt=\"\" class=\"wp-image-3858\" srcset=\"https:\/\/us.as.com\/autos\/wp-content\/uploads\/2024\/05\/rav45ordfgeneraciondinamica4-1024x576.jpg 1024w, https:\/\/us.as.com\/autos\/wp-content\/uploads\/2024\/05\/rav45ordfgeneraciondinamica4-300x169.jpg 300w, https:\/\/us.as.com\/autos\/wp-content\/uploads\/2024\/05\/rav45ordfgeneraciondinamica4-768x432.jpg 768w, https:\/\/us.as.com\/autos\/wp-content\/uploads\/2024\/05\/rav45ordfgeneraciondinamica4-1536x864.jpg 1536w, https:\/\/us.as.com\/autos\/wp-content\/uploads\/2024\/05\/rav45ordfgeneraciondinamica4-2048x1152.jpg 2048w, https:\/\/us.as.com\/autos\/wp-content\/uploads\/2024\/05\/rav45ordfgeneraciondinamica4-1200x675.jpg 1200w, https:\/\/us.as.com\/autos\/wp-content\/uploads\/2024\/05\/rav45ordfgeneraciondinamica4-800x450.jpg 800w, https:\/\/us.as.com\/autos\/wp-content\/uploads\/2024\/05\/rav45ordfgeneraciondinamica4-450x253.jpg 450w\" sizes=\"(max-width: 1024px) 100vw, 1024px\" \/><\/figure>\n\n\n\n<h2 class=\"wp-block-heading\" id=\"h-el-futuro-del-rav4-gr-sport\"><strong>El futuro del RAV4: GR Sport<\/strong><\/h2>\n\n\n\n<p>Con el fin de tener la mayor variedad de versiones, Toyota suma a la gama la RAV4 GR Sport, que lleva la deportividad y el rendimiento a un nuevo nivel. Con una est\u00e9tica m\u00e1s agresiva, rines de aleaci\u00f3n de 19 pulgadas y mejoras en la suspensi\u00f3n, esta opci\u00f3n ofrece una experiencia de conducci\u00f3n m\u00e1s emocionante y din\u00e1mica, sin comprometer el confort y la funcionalidad que caracterizan al RAV4.<\/p>\n\n\n\n<h2 class=\"wp-block-heading\" id=\"h-30-anos-y-contando-nbsp\"><strong>30 a\u00f1os y contando&nbsp;<\/strong><\/h2>\n\n\n\n<p>A sus 30 a\u00f1os, la Toyota RAV4 se encuentra en su mejor momento. Su legado de innovaci\u00f3n, versatilidad y compromiso con la sostenibilidad lo posicionan como un referente en el mundo de las SUV.&nbsp;<\/p>\n\n\n\n<p>Su estilo compacto y \u00e1gil, con una imagen llamativa, contin\u00faa marcando tendencia, y sigue destacando en su funcionalidad y confort desde hace cuatro generaciones.<\/p>\n","protected":false},"excerpt":{"rendered":"<p>En 2024, la Toyota RAV4 celebra tres d\u00e9cadas de existencia, consolid\u00e1ndose no s\u00f3lo como el SUV m\u00e1s vendido de Toyota, sino tambi\u00e9n como uno de los modelos m\u00e1s populares dentro de su segmento.&nbsp; Desde su debut en 1994, esta camioneta ha redefinido el concepto de SUV, evolucionando para satisfacer las demandas cambiantes de los consumidores [&hellip;]<\/p>\n","protected":false},"author":9,"featured_media":3862,"comment_status":"open","ping_status":"open","sticky":false,"template":"","format":"standard","meta":{"_acf_changed":false,"footnotes":""},"categories":[228],"tags":[176,44],"marcas":[178],"class_list":["post-3857","post","type-post","status-publish","format-standard","has-post-thumbnail","hentry","category-actualidad","tag-camionetas","tag-suv","marcas-toyota","cat-228-id"],"acf":[],"yoast_head":"<!-- This site is optimized with the Yoast SEO Premium plugin  - https:\/\/yoast.com\/wordpress\/plugins\/seo\/ -->\n<title>Toyota RAV4: 30 a\u00f1os de evoluci\u00f3n de la SUV m\u00e1s vendida - Autos<\/title>\n<meta name=\"description\" content=\"La Toyota RAV4 ha conquistado a clientes de todo el mundo con m\u00e1s de 14 millones de ventas acumuladas desde su introducci\u00f3n en 1994.\" \/>\n<meta name=\"robots\" content=\"index, follow, max-snippet:-1, max-image-preview:large, max-video-preview:-1\" \/>\n<link rel=\"canonical\" href=\"https:\/\/us.as.com\/autos\/actualidad\/toyota-rav4-30-anos-de-evolucion-de-la-suv-mas-vendida\/\" \/>\n<meta property=\"og:locale\" content=\"es_ES\" \/>\n<meta property=\"og:type\" content=\"article\" \/>\n<meta property=\"og:title\" content=\"Toyota RAV4: 30 a\u00f1os de evoluci\u00f3n de la SUV m\u00e1s vendida - Autos\" \/>\n<meta property=\"og:description\" content=\"La Toyota RAV4 ha conquistado a clientes de todo el mundo con m\u00e1s de 14 millones de ventas acumuladas desde su introducci\u00f3n en 1994.\" \/>\n<meta property=\"og:url\" content=\"https:\/\/us.as.com\/autos\/actualidad\/toyota-rav4-30-anos-de-evolucion-de-la-suv-mas-vendida\/\" \/>\n<meta property=\"og:site_name\" content=\"Autos\" \/>\n<meta property=\"article:published_time\" content=\"2024-05-29T15:19:53+00:00\" \/>\n<meta property=\"article:modified_time\" content=\"2024-05-29T15:20:44+00:00\" \/>\n<meta property=\"og:image\" content=\"https:\/\/us.as.com\/autos\/wp-content\/uploads\/2024\/05\/rav41ordfgeneracion1-scaled.jpg\" \/>\n\t<meta property=\"og:image:width\" content=\"2560\" \/>\n\t<meta property=\"og:image:height\" content=\"1440\" \/>\n\t<meta property=\"og:image:type\" content=\"image\/jpeg\" \/>\n<meta name=\"author\" content=\"Luis Hern\u00e1ndez del Arco\" \/>\n<meta name=\"twitter:card\" content=\"summary_large_image\" \/>\n<meta name=\"twitter:creator\" content=\"@https:\/\/x.com\/ldelarco\" \/>\n<meta name=\"twitter:label1\" content=\"Escrito por\" \/>\n\t<meta name=\"twitter:data1\" content=\"Luis Hern\u00e1ndez del Arco\" \/>\n\t<meta name=\"twitter:label2\" content=\"Tiempo de lectura\" \/>\n\t<meta name=\"twitter:data2\" content=\"4 minutos\" \/>\n<script type=\"application\/ld+json\" class=\"yoast-schema-graph\">{\"@context\":\"https:\/\/schema.org\",\"@graph\":[{\"@type\":\"WebPage\",\"@id\":\"https:\/\/us.as.com\/autos\/actualidad\/toyota-rav4-30-anos-de-evolucion-de-la-suv-mas-vendida\/\",\"url\":\"https:\/\/us.as.com\/autos\/actualidad\/toyota-rav4-30-anos-de-evolucion-de-la-suv-mas-vendida\/\",\"name\":\"Toyota RAV4: 30 a\u00f1os de evoluci\u00f3n de la SUV m\u00e1s vendida - Autos\",\"isPartOf\":{\"@id\":\"https:\/\/us.as.com\/autos\/#website\"},\"primaryImageOfPage\":{\"@id\":\"https:\/\/us.as.com\/autos\/actualidad\/toyota-rav4-30-anos-de-evolucion-de-la-suv-mas-vendida\/#primaryimage\"},\"image\":{\"@id\":\"https:\/\/us.as.com\/autos\/actualidad\/toyota-rav4-30-anos-de-evolucion-de-la-suv-mas-vendida\/#primaryimage\"},\"thumbnailUrl\":\"https:\/\/us.as.com\/autos\/wp-content\/uploads\/2024\/05\/rav41ordfgeneracion1-scaled.jpg\",\"datePublished\":\"2024-05-29T15:19:53+00:00\",\"dateModified\":\"2024-05-29T15:20:44+00:00\",\"author\":{\"@id\":\"https:\/\/us.as.com\/autos\/#\/schema\/person\/b59ded8d3d136c0f0f7adae8ab7f1712\"},\"description\":\"La Toyota RAV4 ha conquistado a clientes de todo el mundo con m\u00e1s de 14 millones de ventas acumuladas desde su introducci\u00f3n en 1994.\",\"inLanguage\":\"es\",\"potentialAction\":[{\"@type\":\"ReadAction\",\"target\":[\"https:\/\/us.as.com\/autos\/actualidad\/toyota-rav4-30-anos-de-evolucion-de-la-suv-mas-vendida\/\"]}]},{\"@type\":\"ImageObject\",\"inLanguage\":\"es\",\"@id\":\"https:\/\/us.as.com\/autos\/actualidad\/toyota-rav4-30-anos-de-evolucion-de-la-suv-mas-vendida\/#primaryimage\",\"url\":\"https:\/\/us.as.com\/autos\/wp-content\/uploads\/2024\/05\/rav41ordfgeneracion1-scaled.jpg\",\"contentUrl\":\"https:\/\/us.as.com\/autos\/wp-content\/uploads\/2024\/05\/rav41ordfgeneracion1-scaled.jpg\",\"width\":2560,\"height\":1440},{\"@type\":\"WebSite\",\"@id\":\"https:\/\/us.as.com\/autos\/#website\",\"url\":\"https:\/\/us.as.com\/autos\/\",\"name\":\"Autos\",\"description\":\"\",\"potentialAction\":[{\"@type\":\"SearchAction\",\"target\":{\"@type\":\"EntryPoint\",\"urlTemplate\":\"https:\/\/us.as.com\/autos\/?s={search_term_string}\"},\"query-input\":{\"@type\":\"PropertyValueSpecification\",\"valueRequired\":true,\"valueName\":\"search_term_string\"}}],\"inLanguage\":\"es\"},{\"@type\":\"Person\",\"@id\":\"https:\/\/us.as.com\/autos\/#\/schema\/person\/b59ded8d3d136c0f0f7adae8ab7f1712\",\"name\":\"Luis Hern\u00e1ndez del Arco\",\"image\":{\"@type\":\"ImageObject\",\"inLanguage\":\"es\",\"@id\":\"https:\/\/us.as.com\/autos\/#\/schema\/person\/image\/\",\"url\":\"https:\/\/secure.gravatar.com\/avatar\/c2b7262a4ee821aa4260ed5f07cfd999?s=96&d=mm&r=g\",\"contentUrl\":\"https:\/\/secure.gravatar.com\/avatar\/c2b7262a4ee821aa4260ed5f07cfd999?s=96&d=mm&r=g\",\"caption\":\"Luis Hern\u00e1ndez del Arco\"},\"sameAs\":[\"https:\/\/us.as.com\/autos\/\",\"https:\/\/www.instagram.com\/luisdelarcoh\",\"https:\/\/x.com\/https:\/\/x.com\/ldelarco\"],\"gender\":\"Hombre\",\"jobTitle\":\"Editor\",\"worksFor\":\"Grupo Prisa\",\"url\":\"https:\/\/us.as.com\/autos\/autor\/lhernandezd\/\"}]}<\/script>\n<!-- \/ Yoast SEO Premium plugin. -->","yoast_head_json":{"title":"Toyota RAV4: 30 a\u00f1os de evoluci\u00f3n de la SUV m\u00e1s vendida - Autos","description":"La Toyota RAV4 ha conquistado a clientes de todo el mundo con m\u00e1s de 14 millones de ventas acumuladas desde su introducci\u00f3n en 1994.","robots":{"index":"index","follow":"follow","max-snippet":"max-snippet:-1","max-image-preview":"max-image-preview:large","max-video-preview":"max-video-preview:-1"},"canonical":"https:\/\/us.as.com\/autos\/actualidad\/toyota-rav4-30-anos-de-evolucion-de-la-suv-mas-vendida\/","og_locale":"es_ES","og_type":"article","og_title":"Toyota RAV4: 30 a\u00f1os de evoluci\u00f3n de la SUV m\u00e1s vendida - Autos","og_description":"La Toyota RAV4 ha conquistado a clientes de todo el mundo con m\u00e1s de 14 millones de ventas acumuladas desde su introducci\u00f3n en 1994.","og_url":"https:\/\/us.as.com\/autos\/actualidad\/toyota-rav4-30-anos-de-evolucion-de-la-suv-mas-vendida\/","og_site_name":"Autos","article_published_time":"2024-05-29T15:19:53+00:00","article_modified_time":"2024-05-29T15:20:44+00:00","og_image":[{"width":2560,"height":1440,"url":"https:\/\/us.as.com\/autos\/wp-content\/uploads\/2024\/05\/rav41ordfgeneracion1-scaled.jpg","type":"image\/jpeg"}],"author":"Luis Hern\u00e1ndez del Arco","twitter_card":"summary_large_image","twitter_creator":"@https:\/\/x.com\/ldelarco","twitter_misc":{"Escrito por":"Luis Hern\u00e1ndez del Arco","Tiempo de lectura":"4 minutos"},"schema":{"@context":"https:\/\/schema.org","@graph":[{"@type":"WebPage","@id":"https:\/\/us.as.com\/autos\/actualidad\/toyota-rav4-30-anos-de-evolucion-de-la-suv-mas-vendida\/","url":"https:\/\/us.as.com\/autos\/actualidad\/toyota-rav4-30-anos-de-evolucion-de-la-suv-mas-vendida\/","name":"Toyota RAV4: 30 a\u00f1os de evoluci\u00f3n de la SUV m\u00e1s vendida - Autos","isPartOf":{"@id":"https:\/\/us.as.com\/autos\/#website"},"primaryImageOfPage":{"@id":"https:\/\/us.as.com\/autos\/actualidad\/toyota-rav4-30-anos-de-evolucion-de-la-suv-mas-vendida\/#primaryimage"},"image":{"@id":"https:\/\/us.as.com\/autos\/actualidad\/toyota-rav4-30-anos-de-evolucion-de-la-suv-mas-vendida\/#primaryimage"},"thumbnailUrl":"https:\/\/us.as.com\/autos\/wp-content\/uploads\/2024\/05\/rav41ordfgeneracion1-scaled.jpg","datePublished":"2024-05-29T15:19:53+00:00","dateModified":"2024-05-29T15:20:44+00:00","author":{"@id":"https:\/\/us.as.com\/autos\/#\/schema\/person\/b59ded8d3d136c0f0f7adae8ab7f1712"},"description":"La Toyota RAV4 ha conquistado a clientes de todo el mundo con m\u00e1s de 14 millones de ventas acumuladas desde su introducci\u00f3n en 1994.","inLanguage":"es","potentialAction":[{"@type":"ReadAction","target":["https:\/\/us.as.com\/autos\/actualidad\/toyota-rav4-30-anos-de-evolucion-de-la-suv-mas-vendida\/"]}]},{"@type":"ImageObject","inLanguage":"es","@id":"https:\/\/us.as.com\/autos\/actualidad\/toyota-rav4-30-anos-de-evolucion-de-la-suv-mas-vendida\/#primaryimage","url":"https:\/\/us.as.com\/autos\/wp-content\/uploads\/2024\/05\/rav41ordfgeneracion1-scaled.jpg","contentUrl":"https:\/\/us.as.com\/autos\/wp-content\/uploads\/2024\/05\/rav41ordfgeneracion1-scaled.jpg","width":2560,"height":1440},{"@type":"WebSite","@id":"https:\/\/us.as.com\/autos\/#website","url":"https:\/\/us.as.com\/autos\/","name":"Autos","description":"","potentialAction":[{"@type":"SearchAction","target":{"@type":"EntryPoint","urlTemplate":"https:\/\/us.as.com\/autos\/?s={search_term_string}"},"query-input":{"@type":"PropertyValueSpecification","valueRequired":true,"valueName":"search_term_string"}}],"inLanguage":"es"},{"@type":"Person","@id":"https:\/\/us.as.com\/autos\/#\/schema\/person\/b59ded8d3d136c0f0f7adae8ab7f1712","name":"Luis Hern\u00e1ndez del Arco","image":{"@type":"ImageObject","inLanguage":"es","@id":"https:\/\/us.as.com\/autos\/#\/schema\/person\/image\/","url":"https:\/\/secure.gravatar.com\/avatar\/c2b7262a4ee821aa4260ed5f07cfd999?s=96&d=mm&r=g","contentUrl":"https:\/\/secure.gravatar.com\/avatar\/c2b7262a4ee821aa4260ed5f07cfd999?s=96&d=mm&r=g","caption":"Luis Hern\u00e1ndez del Arco"},"sameAs":["https:\/\/us.as.com\/autos\/","https:\/\/www.instagram.com\/luisdelarcoh","https:\/\/x.com\/https:\/\/x.com\/ldelarco"],"gender":"Hombre","jobTitle":"Editor","worksFor":"Grupo Prisa","url":"https:\/\/us.as.com\/autos\/autor\/lhernandezd\/"}]}},"amp_enabled":true,"_links":{"self":[{"href":"https:\/\/us.as.com\/autos\/wp-json\/wp\/v2\/posts\/3857","targetHints":{"allow":["GET"]}}],"collection":[{"href":"https:\/\/us.as.com\/autos\/wp-json\/wp\/v2\/posts"}],"about":[{"href":"https:\/\/us.as.com\/autos\/wp-json\/wp\/v2\/types\/post"}],"author":[{"embeddable":true,"href":"https:\/\/us.as.com\/autos\/wp-json\/wp\/v2\/users\/9"}],"replies":[{"embeddable":true,"href":"https:\/\/us.as.com\/autos\/wp-json\/wp\/v2\/comments?post=3857"}],"version-history":[{"count":1,"href":"https:\/\/us.as.com\/autos\/wp-json\/wp\/v2\/posts\/3857\/revisions"}],"predecessor-version":[{"id":3863,"href":"https:\/\/us.as.com\/autos\/wp-json\/wp\/v2\/posts\/3857\/revisions\/3863"}],"wp:featuredmedia":[{"embeddable":true,"href":"https:\/\/us.as.com\/autos\/wp-json\/wp\/v2\/media\/3862"}],"wp:attachment":[{"href":"https:\/\/us.as.com\/autos\/wp-json\/wp\/v2\/media?parent=3857"}],"wp:term":[{"taxonomy":"category","embeddable":true,"href":"https:\/\/us.as.com\/autos\/wp-json\/wp\/v2\/categories?post=3857"},{"taxonomy":"post_tag","embeddable":true,"href":"https:\/\/us.as.com\/autos\/wp-json\/wp\/v2\/tags?post=3857"},{"taxonomy":"marcas","embeddable":true,"href":"https:\/\/us.as.com\/autos\/wp-json\/wp\/v2\/marcas?post=3857"}],"curies":[{"name":"wp","href":"https:\/\/api.w.org\/{rel}","templated":true}]}}