{"id":3751,"date":"2024-05-23T17:26:20","date_gmt":"2024-05-23T15:26:20","guid":{"rendered":"https:\/\/us.as.com\/autos\/?p=3751"},"modified":"2024-05-23T17:26:22","modified_gmt":"2024-05-23T15:26:22","slug":"asientos-de-auto-riesgo-toxico-oculto-por-sustancias-cancerigenas","status":"publish","type":"post","link":"https:\/\/us.as.com\/autos\/noticias\/asientos-de-auto-riesgo-toxico-oculto-por-sustancias-cancerigenas\/","title":{"rendered":"Asientos de auto: \u00bfUn riesgo t\u00f3xico oculto por sustancias cancer\u00edgenas?"},"content":{"rendered":"\n<p>Un estudio reciente de la Universidad de Duke y el Green Science Policy Institute ha puesto en alerta a la industria automotriz y a los consumidores por igual, ya que se revel\u00f3 la presencia de un qu\u00edmico potencialmente cancer\u00edgeno en la espuma de los asientos de la mayor\u00eda de los autom\u00f3viles modernos.<\/p>\n\n\n\n<p>En la investigaci\u00f3n, publicada por la American Chemical Society, qued\u00f3 constatado que la espuma utilizada en los asientos de la mayor\u00eda de los autos modernos contiene un qu\u00edmico llamado tris(1-cloro-isopropilo) (TCIPP), mismo que podr\u00eda representar un riesgo de c\u00e1ncer si se inhala.<\/p>\n\n\n\n<p>M\u00e1s en concreto, el estudio, que incluy\u00f3 a 155 participantes y sus autos de 2015 o m\u00e1s nuevos, revel\u00f3 que el 99% de los veh\u00edculos presentaban rastros de TCIPP en el aire interior. Y en s\u00ed, <strong><a href=\"https:\/\/us.as.com\/autos\/rankings\/estos-son-los-mejores-asientos-elevadores-para-ninos-en-el-auto\/\">la espuma de los asientos fue identificada como la fuente principal de este qu\u00edmico<\/a><\/strong>, y las concentraciones se incrementaron significativamente en climas c\u00e1lidos, entre dos y cinco veces m\u00e1s que en temperaturas fr\u00edas.<\/p>\n\n\n\n<figure class=\"wp-block-image size-large\"><img decoding=\"async\" width=\"1024\" height=\"576\" src=\"https:\/\/us.as.com\/autos\/wp-content\/uploads\/2024\/05\/33049-1024x576.jpg\" alt=\"\" class=\"wp-image-3754\" srcset=\"https:\/\/us.as.com\/autos\/wp-content\/uploads\/2024\/05\/33049-1024x576.jpg 1024w, https:\/\/us.as.com\/autos\/wp-content\/uploads\/2024\/05\/33049-300x169.jpg 300w, https:\/\/us.as.com\/autos\/wp-content\/uploads\/2024\/05\/33049-768x432.jpg 768w, https:\/\/us.as.com\/autos\/wp-content\/uploads\/2024\/05\/33049-1536x864.jpg 1536w, https:\/\/us.as.com\/autos\/wp-content\/uploads\/2024\/05\/33049-1200x675.jpg 1200w, https:\/\/us.as.com\/autos\/wp-content\/uploads\/2024\/05\/33049-800x450.jpg 800w, https:\/\/us.as.com\/autos\/wp-content\/uploads\/2024\/05\/33049-450x253.jpg 450w, https:\/\/us.as.com\/autos\/wp-content\/uploads\/2024\/05\/33049.jpg 2000w\" sizes=\"(max-width: 1024px) 100vw, 1024px\" \/><\/figure>\n\n\n\n<p>As\u00ed pues, la preocupaci\u00f3n principal radica en la exposici\u00f3n prolongada a este qu\u00edmico, especialmente en climas c\u00e1lidos. Esto se debe a que el calor promueve la liberaci\u00f3n de gases de los asientos de auto, liberando m\u00e1s sustancia qu\u00edmica al ambiente.<\/p>\n\n\n\n<p>Si bien las cantidades de TCIPP detectadas son peque\u00f1as (entre 0.2 y 11.600 nanogramos por gramo), un estudio toxicol\u00f3gico de 2023 ya ha asociado este compuesto con posibles riesgos cancer\u00edgenos en ratas.<\/p>\n\n\n\n<p>Pero el problema no se limita al TCIPP, ya que el estudio tambi\u00e9n encontr\u00f3 la presencia de otros retardantes de llama potencialmente t\u00f3xicos, como el fosfato de tri-n-butilo (TNBP), el fosfato de trietilo (TEP) y el tris(1,3-dicloro-2-propil)fosfato (TDCIPP), en las cabinas de los veh\u00edculos evaluados.<\/p>\n\n\n\n<p>Aunque los investigadores se\u00f1alan que si bien los efectos de los retardantes han sido evaluados en otros contextos, la industria automotriz representa una \u00abfuente inexplicable\u00bb de exposici\u00f3n a estas sustancias.&nbsp;<\/p>\n\n\n\n<p>Dado que ciertos conductores pasan alrededor de una hora al d\u00eda dentro de un autom\u00f3vil, y que las altas temperaturas pueden intensificar la concentraci\u00f3n de qu\u00edmicos en el aire interior, la preocupaci\u00f3n aumenta.<\/p>\n\n\n\n<figure class=\"wp-block-image size-large\"><img decoding=\"async\" width=\"1024\" height=\"576\" src=\"https:\/\/us.as.com\/autos\/wp-content\/uploads\/2024\/05\/26340-1024x576.jpg\" alt=\"\" class=\"wp-image-3753\" srcset=\"https:\/\/us.as.com\/autos\/wp-content\/uploads\/2024\/05\/26340-1024x576.jpg 1024w, https:\/\/us.as.com\/autos\/wp-content\/uploads\/2024\/05\/26340-300x169.jpg 300w, https:\/\/us.as.com\/autos\/wp-content\/uploads\/2024\/05\/26340-768x432.jpg 768w, https:\/\/us.as.com\/autos\/wp-content\/uploads\/2024\/05\/26340-1536x864.jpg 1536w, https:\/\/us.as.com\/autos\/wp-content\/uploads\/2024\/05\/26340-1200x675.jpg 1200w, https:\/\/us.as.com\/autos\/wp-content\/uploads\/2024\/05\/26340-800x450.jpg 800w, https:\/\/us.as.com\/autos\/wp-content\/uploads\/2024\/05\/26340-450x253.jpg 450w, https:\/\/us.as.com\/autos\/wp-content\/uploads\/2024\/05\/26340.jpg 2000w\" sizes=\"(max-width: 1024px) 100vw, 1024px\" \/><\/figure>\n\n\n\n<h2 class=\"wp-block-heading\" id=\"h-asientos-de-auto-con-sustancias-toxicas-que-se-puede-hacer-ante-esta-situacion\"><strong>Asientos de auto con sustancias t\u00f3xicas: \u00bfQu\u00e9 se puede hacer ante esta situaci\u00f3n?<\/strong><\/h2>\n\n\n\n<p>Ante este panorama en los asientos de auto, el estudio recomienda medidas para reducir la exposici\u00f3n al TCIPP y otros qu\u00edmicos:<\/p>\n\n\n\n<p>Ventilar el veh\u00edculo: Abrir las ventanillas del auto cuando est\u00e9 estacionado al aire libre ayuda a reducir la temperatura interior y a eliminar el aire viciado.<\/p>\n\n\n\n<p>Usar aire acondicionado: El aire acondicionado no solo regula la temperatura, sino que tambi\u00e9n ayuda a filtrar el aire interior.<\/p>\n\n\n\n<p>Evitar la recirculaci\u00f3n del aire: La recirculaci\u00f3n del aire interior puede concentrar los qu\u00edmicos presentes en la cabina.<\/p>\n\n\n\n<p>Tras este hallazgo, los investigadores concluyen que se necesita una evaluaci\u00f3n m\u00e1s profunda para comprender completamente el alcance del riesgo potencial asociado con el TCIPP en asientos de auto.\u00a0<\/p>\n\n\n\n<p>Es crucial que la industria automotriz tome medidas para reducir la presencia de este qu\u00edmico en los asientos y que los consumidores est\u00e9n informados sobre los posibles riesgos y las medidas preventivas que pueden tomar.<\/p>\n","protected":false},"excerpt":{"rendered":"<p>Un estudio reciente de la Universidad de Duke y el Green Science Policy Institute ha puesto en alerta a la industria automotriz y a los consumidores por igual, ya que se revel\u00f3 la presencia de un qu\u00edmico potencialmente cancer\u00edgeno en la espuma de los asientos de la mayor\u00eda de los autom\u00f3viles modernos. En la investigaci\u00f3n, [&hellip;]<\/p>\n","protected":false},"author":9,"featured_media":3752,"comment_status":"open","ping_status":"open","sticky":false,"template":"","format":"standard","meta":{"_acf_changed":false,"footnotes":""},"categories":[1],"tags":[210,195,197],"marcas":[],"class_list":["post-3751","post","type-post","status-publish","format-standard","has-post-thumbnail","hentry","category-noticias","tag-consejos","tag-seguridad","tag-tips","cat-1-id"],"acf":[],"yoast_head":"<!-- This site is optimized with the Yoast SEO Premium plugin  - https:\/\/yoast.com\/wordpress\/plugins\/seo\/ -->\n<title>Asientos de auto: \u00bfUn riesgo t\u00f3xico oculto por sustancias cancer\u00edgenas? - Autos<\/title>\n<meta name=\"description\" content=\"Los hallazgos preliminares en los asientos de autos son preocupantes y sirven como una llamada de atenci\u00f3n para la industria automotriz\" \/>\n<meta name=\"robots\" content=\"index, follow, max-snippet:-1, max-image-preview:large, max-video-preview:-1\" \/>\n<link rel=\"canonical\" href=\"https:\/\/us.as.com\/autos\/noticias\/asientos-de-auto-riesgo-toxico-oculto-por-sustancias-cancerigenas\/\" \/>\n<meta property=\"og:locale\" content=\"es_ES\" \/>\n<meta property=\"og:type\" content=\"article\" \/>\n<meta property=\"og:title\" content=\"Asientos de auto: \u00bfUn riesgo t\u00f3xico oculto por sustancias cancer\u00edgenas? - Autos\" \/>\n<meta property=\"og:description\" content=\"Los hallazgos preliminares en los asientos de autos son preocupantes y sirven como una llamada de atenci\u00f3n para la industria automotriz\" \/>\n<meta property=\"og:url\" content=\"https:\/\/us.as.com\/autos\/noticias\/asientos-de-auto-riesgo-toxico-oculto-por-sustancias-cancerigenas\/\" \/>\n<meta property=\"og:site_name\" content=\"Autos\" \/>\n<meta property=\"article:published_time\" content=\"2024-05-23T15:26:20+00:00\" \/>\n<meta property=\"article:modified_time\" content=\"2024-05-23T15:26:22+00:00\" \/>\n<meta property=\"og:image\" content=\"https:\/\/us.as.com\/autos\/wp-content\/uploads\/2024\/05\/5986.jpg\" \/>\n\t<meta property=\"og:image:width\" content=\"2000\" \/>\n\t<meta property=\"og:image:height\" content=\"1125\" \/>\n\t<meta property=\"og:image:type\" content=\"image\/jpeg\" \/>\n<meta name=\"author\" content=\"Luis Hern\u00e1ndez del Arco\" \/>\n<meta name=\"twitter:card\" content=\"summary_large_image\" \/>\n<meta name=\"twitter:creator\" content=\"@https:\/\/x.com\/ldelarco\" \/>\n<meta name=\"twitter:label1\" content=\"Escrito por\" \/>\n\t<meta name=\"twitter:data1\" content=\"Luis Hern\u00e1ndez del Arco\" \/>\n\t<meta name=\"twitter:label2\" content=\"Tiempo de lectura\" \/>\n\t<meta name=\"twitter:data2\" content=\"3 minutos\" \/>\n<script type=\"application\/ld+json\" class=\"yoast-schema-graph\">{\"@context\":\"https:\/\/schema.org\",\"@graph\":[{\"@type\":\"WebPage\",\"@id\":\"https:\/\/us.as.com\/autos\/noticias\/asientos-de-auto-riesgo-toxico-oculto-por-sustancias-cancerigenas\/\",\"url\":\"https:\/\/us.as.com\/autos\/noticias\/asientos-de-auto-riesgo-toxico-oculto-por-sustancias-cancerigenas\/\",\"name\":\"Asientos de auto: \u00bfUn riesgo t\u00f3xico oculto por sustancias cancer\u00edgenas? - Autos\",\"isPartOf\":{\"@id\":\"https:\/\/us.as.com\/autos\/#website\"},\"primaryImageOfPage\":{\"@id\":\"https:\/\/us.as.com\/autos\/noticias\/asientos-de-auto-riesgo-toxico-oculto-por-sustancias-cancerigenas\/#primaryimage\"},\"image\":{\"@id\":\"https:\/\/us.as.com\/autos\/noticias\/asientos-de-auto-riesgo-toxico-oculto-por-sustancias-cancerigenas\/#primaryimage\"},\"thumbnailUrl\":\"https:\/\/us.as.com\/autos\/wp-content\/uploads\/2024\/05\/5986.jpg\",\"datePublished\":\"2024-05-23T15:26:20+00:00\",\"dateModified\":\"2024-05-23T15:26:22+00:00\",\"author\":{\"@id\":\"https:\/\/us.as.com\/autos\/#\/schema\/person\/b59ded8d3d136c0f0f7adae8ab7f1712\"},\"description\":\"Los hallazgos preliminares en los asientos de autos son preocupantes y sirven como una llamada de atenci\u00f3n para la industria automotriz\",\"inLanguage\":\"es\",\"potentialAction\":[{\"@type\":\"ReadAction\",\"target\":[\"https:\/\/us.as.com\/autos\/noticias\/asientos-de-auto-riesgo-toxico-oculto-por-sustancias-cancerigenas\/\"]}]},{\"@type\":\"ImageObject\",\"inLanguage\":\"es\",\"@id\":\"https:\/\/us.as.com\/autos\/noticias\/asientos-de-auto-riesgo-toxico-oculto-por-sustancias-cancerigenas\/#primaryimage\",\"url\":\"https:\/\/us.as.com\/autos\/wp-content\/uploads\/2024\/05\/5986.jpg\",\"contentUrl\":\"https:\/\/us.as.com\/autos\/wp-content\/uploads\/2024\/05\/5986.jpg\",\"width\":2000,\"height\":1125},{\"@type\":\"WebSite\",\"@id\":\"https:\/\/us.as.com\/autos\/#website\",\"url\":\"https:\/\/us.as.com\/autos\/\",\"name\":\"Autos\",\"description\":\"\",\"potentialAction\":[{\"@type\":\"SearchAction\",\"target\":{\"@type\":\"EntryPoint\",\"urlTemplate\":\"https:\/\/us.as.com\/autos\/?s={search_term_string}\"},\"query-input\":{\"@type\":\"PropertyValueSpecification\",\"valueRequired\":true,\"valueName\":\"search_term_string\"}}],\"inLanguage\":\"es\"},{\"@type\":\"Person\",\"@id\":\"https:\/\/us.as.com\/autos\/#\/schema\/person\/b59ded8d3d136c0f0f7adae8ab7f1712\",\"name\":\"Luis Hern\u00e1ndez del Arco\",\"image\":{\"@type\":\"ImageObject\",\"inLanguage\":\"es\",\"@id\":\"https:\/\/us.as.com\/autos\/#\/schema\/person\/image\/\",\"url\":\"https:\/\/secure.gravatar.com\/avatar\/c2b7262a4ee821aa4260ed5f07cfd999?s=96&d=mm&r=g\",\"contentUrl\":\"https:\/\/secure.gravatar.com\/avatar\/c2b7262a4ee821aa4260ed5f07cfd999?s=96&d=mm&r=g\",\"caption\":\"Luis Hern\u00e1ndez del Arco\"},\"sameAs\":[\"https:\/\/us.as.com\/autos\/\",\"https:\/\/www.instagram.com\/luisdelarcoh\",\"https:\/\/x.com\/https:\/\/x.com\/ldelarco\"],\"gender\":\"Hombre\",\"jobTitle\":\"Editor\",\"worksFor\":\"Grupo Prisa\",\"url\":\"https:\/\/us.as.com\/autos\/autor\/lhernandezd\/\"}]}<\/script>\n<!-- \/ Yoast SEO Premium plugin. -->","yoast_head_json":{"title":"Asientos de auto: \u00bfUn riesgo t\u00f3xico oculto por sustancias cancer\u00edgenas? - Autos","description":"Los hallazgos preliminares en los asientos de autos son preocupantes y sirven como una llamada de atenci\u00f3n para la industria automotriz","robots":{"index":"index","follow":"follow","max-snippet":"max-snippet:-1","max-image-preview":"max-image-preview:large","max-video-preview":"max-video-preview:-1"},"canonical":"https:\/\/us.as.com\/autos\/noticias\/asientos-de-auto-riesgo-toxico-oculto-por-sustancias-cancerigenas\/","og_locale":"es_ES","og_type":"article","og_title":"Asientos de auto: \u00bfUn riesgo t\u00f3xico oculto por sustancias cancer\u00edgenas? - Autos","og_description":"Los hallazgos preliminares en los asientos de autos son preocupantes y sirven como una llamada de atenci\u00f3n para la industria automotriz","og_url":"https:\/\/us.as.com\/autos\/noticias\/asientos-de-auto-riesgo-toxico-oculto-por-sustancias-cancerigenas\/","og_site_name":"Autos","article_published_time":"2024-05-23T15:26:20+00:00","article_modified_time":"2024-05-23T15:26:22+00:00","og_image":[{"width":2000,"height":1125,"url":"https:\/\/us.as.com\/autos\/wp-content\/uploads\/2024\/05\/5986.jpg","type":"image\/jpeg"}],"author":"Luis Hern\u00e1ndez del Arco","twitter_card":"summary_large_image","twitter_creator":"@https:\/\/x.com\/ldelarco","twitter_misc":{"Escrito por":"Luis Hern\u00e1ndez del Arco","Tiempo de lectura":"3 minutos"},"schema":{"@context":"https:\/\/schema.org","@graph":[{"@type":"WebPage","@id":"https:\/\/us.as.com\/autos\/noticias\/asientos-de-auto-riesgo-toxico-oculto-por-sustancias-cancerigenas\/","url":"https:\/\/us.as.com\/autos\/noticias\/asientos-de-auto-riesgo-toxico-oculto-por-sustancias-cancerigenas\/","name":"Asientos de auto: \u00bfUn riesgo t\u00f3xico oculto por sustancias cancer\u00edgenas? - Autos","isPartOf":{"@id":"https:\/\/us.as.com\/autos\/#website"},"primaryImageOfPage":{"@id":"https:\/\/us.as.com\/autos\/noticias\/asientos-de-auto-riesgo-toxico-oculto-por-sustancias-cancerigenas\/#primaryimage"},"image":{"@id":"https:\/\/us.as.com\/autos\/noticias\/asientos-de-auto-riesgo-toxico-oculto-por-sustancias-cancerigenas\/#primaryimage"},"thumbnailUrl":"https:\/\/us.as.com\/autos\/wp-content\/uploads\/2024\/05\/5986.jpg","datePublished":"2024-05-23T15:26:20+00:00","dateModified":"2024-05-23T15:26:22+00:00","author":{"@id":"https:\/\/us.as.com\/autos\/#\/schema\/person\/b59ded8d3d136c0f0f7adae8ab7f1712"},"description":"Los hallazgos preliminares en los asientos de autos son preocupantes y sirven como una llamada de atenci\u00f3n para la industria automotriz","inLanguage":"es","potentialAction":[{"@type":"ReadAction","target":["https:\/\/us.as.com\/autos\/noticias\/asientos-de-auto-riesgo-toxico-oculto-por-sustancias-cancerigenas\/"]}]},{"@type":"ImageObject","inLanguage":"es","@id":"https:\/\/us.as.com\/autos\/noticias\/asientos-de-auto-riesgo-toxico-oculto-por-sustancias-cancerigenas\/#primaryimage","url":"https:\/\/us.as.com\/autos\/wp-content\/uploads\/2024\/05\/5986.jpg","contentUrl":"https:\/\/us.as.com\/autos\/wp-content\/uploads\/2024\/05\/5986.jpg","width":2000,"height":1125},{"@type":"WebSite","@id":"https:\/\/us.as.com\/autos\/#website","url":"https:\/\/us.as.com\/autos\/","name":"Autos","description":"","potentialAction":[{"@type":"SearchAction","target":{"@type":"EntryPoint","urlTemplate":"https:\/\/us.as.com\/autos\/?s={search_term_string}"},"query-input":{"@type":"PropertyValueSpecification","valueRequired":true,"valueName":"search_term_string"}}],"inLanguage":"es"},{"@type":"Person","@id":"https:\/\/us.as.com\/autos\/#\/schema\/person\/b59ded8d3d136c0f0f7adae8ab7f1712","name":"Luis Hern\u00e1ndez del Arco","image":{"@type":"ImageObject","inLanguage":"es","@id":"https:\/\/us.as.com\/autos\/#\/schema\/person\/image\/","url":"https:\/\/secure.gravatar.com\/avatar\/c2b7262a4ee821aa4260ed5f07cfd999?s=96&d=mm&r=g","contentUrl":"https:\/\/secure.gravatar.com\/avatar\/c2b7262a4ee821aa4260ed5f07cfd999?s=96&d=mm&r=g","caption":"Luis Hern\u00e1ndez del Arco"},"sameAs":["https:\/\/us.as.com\/autos\/","https:\/\/www.instagram.com\/luisdelarcoh","https:\/\/x.com\/https:\/\/x.com\/ldelarco"],"gender":"Hombre","jobTitle":"Editor","worksFor":"Grupo Prisa","url":"https:\/\/us.as.com\/autos\/autor\/lhernandezd\/"}]}},"amp_enabled":true,"_links":{"self":[{"href":"https:\/\/us.as.com\/autos\/wp-json\/wp\/v2\/posts\/3751","targetHints":{"allow":["GET"]}}],"collection":[{"href":"https:\/\/us.as.com\/autos\/wp-json\/wp\/v2\/posts"}],"about":[{"href":"https:\/\/us.as.com\/autos\/wp-json\/wp\/v2\/types\/post"}],"author":[{"embeddable":true,"href":"https:\/\/us.as.com\/autos\/wp-json\/wp\/v2\/users\/9"}],"replies":[{"embeddable":true,"href":"https:\/\/us.as.com\/autos\/wp-json\/wp\/v2\/comments?post=3751"}],"version-history":[{"count":2,"href":"https:\/\/us.as.com\/autos\/wp-json\/wp\/v2\/posts\/3751\/revisions"}],"predecessor-version":[{"id":3756,"href":"https:\/\/us.as.com\/autos\/wp-json\/wp\/v2\/posts\/3751\/revisions\/3756"}],"wp:featuredmedia":[{"embeddable":true,"href":"https:\/\/us.as.com\/autos\/wp-json\/wp\/v2\/media\/3752"}],"wp:attachment":[{"href":"https:\/\/us.as.com\/autos\/wp-json\/wp\/v2\/media?parent=3751"}],"wp:term":[{"taxonomy":"category","embeddable":true,"href":"https:\/\/us.as.com\/autos\/wp-json\/wp\/v2\/categories?post=3751"},{"taxonomy":"post_tag","embeddable":true,"href":"https:\/\/us.as.com\/autos\/wp-json\/wp\/v2\/tags?post=3751"},{"taxonomy":"marcas","embeddable":true,"href":"https:\/\/us.as.com\/autos\/wp-json\/wp\/v2\/marcas?post=3751"}],"curies":[{"name":"wp","href":"https:\/\/api.w.org\/{rel}","templated":true}]}}