{"id":2085,"date":"2024-02-16T18:39:08","date_gmt":"2024-02-16T17:39:08","guid":{"rendered":"https:\/\/us.as.com\/autos\/?p=2085"},"modified":"2024-02-16T18:39:09","modified_gmt":"2024-02-16T17:39:09","slug":"que-participacion-tiene-elon-musk-en-tesla","status":"publish","type":"post","link":"https:\/\/us.as.com\/autos\/curiosidades\/que-participacion-tiene-elon-musk-en-tesla\/","title":{"rendered":"\u00bfQu\u00e9 participaci\u00f3n tiene Elon Musk en Tesla?"},"content":{"rendered":"\n<p>Elon Musk, el magnate sudafricano conocido por su visi\u00f3n audaz y proyectos revolucionarios, no es due\u00f1o absoluto de Tesla como pensar\u00eda, pues mucho se comenta que <strong>es el propietario de la marca de autos el\u00e9ctricos <\/strong>m\u00e1s popular.\u00a0<\/p>\n\n\n\n<p>Actualmente, Musk ostenta una participaci\u00f3n de una quinta parte en Tesla, el gigante automotriz que \u00e9l mismo cofund\u00f3. <strong>Esta participaci\u00f3n, valorada en m\u00e1s de 120,000 millones de d\u00f3lares<\/strong>, lo convierte en el mayor accionista individual de la empresa.<\/p>\n\n\n\n<p>Sin embargo, la posici\u00f3n de Musk en Tesla no est\u00e1 exenta de turbulencias. En mayo de 2023, <strong>su participaci\u00f3n era del 13%,<\/strong> pero luego se vio incrementada tras la adquisici\u00f3n de un paquete de acciones valorado en 10,000 millones de d\u00f3lares.\u00a0<\/p>\n\n\n\n<p>Posteriormente, Musk comenz\u00f3 a vender acciones para financiar <strong>la compra de Twitter, lo que redujo su participaci\u00f3n hasta el 22%<\/strong>.<\/p>\n\n\n\n<h2 class=\"wp-block-heading\" id=\"h-que-porcentaje-de-acciones-de-tesla-tiene-elon-musk\"><strong>\u00bfQu\u00e9 porcentaje de acciones de Tesla tiene Elon Musk?<\/strong><\/h2>\n\n\n\n<p>Hoy en d\u00eda, <strong>la participaci\u00f3n del 20.5%<\/strong> se debe en parte al controvertido paquete de compensaci\u00f3n otorgado a Musk en 2018, que un tribunal de Delaware orden\u00f3 anular.\u00a0<\/p>\n\n\n\n<p>Ante esta situaci\u00f3n, Musk ha apelado la decisi\u00f3n y, de <strong>perder en los tribunales, se ver\u00eda obligado a devolver 303.9 millones <\/strong>de opciones sobre acciones a Tesla.<\/p>\n\n\n\n<p>La situaci\u00f3n actual de Musk en Tesla genera incertidumbre sobre su futuro en la empresa. El magnate ha expresado su descontento con el sistema legal de Delaware, <strong>y recientemente mud\u00f3 la sede de Tesla a Texas.<\/strong> Esta decisi\u00f3n podr\u00eda ser un indicio de su intenci\u00f3n de distanciarse de Delaware y sus autoridades.<\/p>\n\n\n\n<figure class=\"wp-block-image size-large\"><img decoding=\"async\" width=\"1024\" height=\"683\" src=\"https:\/\/us.as.com\/autos\/wp-content\/uploads\/2024\/02\/tesla-fans-schweiz-2swaWy4Xhb0-unsplash-1024x683.jpg\" alt=\"\" class=\"wp-image-2086\" srcset=\"https:\/\/us.as.com\/autos\/wp-content\/uploads\/2024\/02\/tesla-fans-schweiz-2swaWy4Xhb0-unsplash-1024x683.jpg 1024w, https:\/\/us.as.com\/autos\/wp-content\/uploads\/2024\/02\/tesla-fans-schweiz-2swaWy4Xhb0-unsplash-300x200.jpg 300w, https:\/\/us.as.com\/autos\/wp-content\/uploads\/2024\/02\/tesla-fans-schweiz-2swaWy4Xhb0-unsplash-768x512.jpg 768w, https:\/\/us.as.com\/autos\/wp-content\/uploads\/2024\/02\/tesla-fans-schweiz-2swaWy4Xhb0-unsplash-1536x1025.jpg 1536w, https:\/\/us.as.com\/autos\/wp-content\/uploads\/2024\/02\/tesla-fans-schweiz-2swaWy4Xhb0-unsplash-800x534.jpg 800w, https:\/\/us.as.com\/autos\/wp-content\/uploads\/2024\/02\/tesla-fans-schweiz-2swaWy4Xhb0-unsplash-450x300.jpg 450w, https:\/\/us.as.com\/autos\/wp-content\/uploads\/2024\/02\/tesla-fans-schweiz-2swaWy4Xhb0-unsplash.jpg 2000w\" sizes=\"(max-width: 1024px) 100vw, 1024px\" \/><\/figure>\n\n\n\n<h2 class=\"wp-block-heading\" id=\"h-un-imperio-en-movimiento\"><strong>Un imperio en movimiento<\/strong><\/h2>\n\n\n\n<p>Las decisiones de Musk no se limitan a Tesla. SpaceX, la empresa aeroespacial que tambi\u00e9n dirige, <strong>tambi\u00e9n ha trasladado su sede de Delaware a Texas.<\/strong> Neuralink, la empresa de implantes cerebrales cofundada por Musk, tambi\u00e9n ha cambiado su sede a Nevada.<\/p>\n\n\n\n<p>As\u00ed pues, el futuro de Elon Musk en Tesla est\u00e1 ligado a la resoluci\u00f3n del caso judicial sobre su paquete de compensaci\u00f3n. <strong>Su enorme participaci\u00f3n accionarial le da un poder considerable en la empresa,<\/strong> pero su relaci\u00f3n con el estado de Delaware y sus autoridades podr\u00eda ser un factor determinante en su permanencia al frente de Tesla.<\/p>\n","protected":false},"excerpt":{"rendered":"<p>Elon Musk, el magnate sudafricano conocido por su visi\u00f3n audaz y proyectos revolucionarios, no es due\u00f1o absoluto de Tesla como pensar\u00eda, pues mucho se comenta que es el propietario de la marca de autos el\u00e9ctricos m\u00e1s popular.\u00a0 Actualmente, Musk ostenta una participaci\u00f3n de una quinta parte en Tesla, el gigante automotriz que \u00e9l mismo cofund\u00f3. [&hellip;]<\/p>\n","protected":false},"author":9,"featured_media":2087,"comment_status":"open","ping_status":"open","sticky":false,"template":"","format":"standard","meta":{"_acf_changed":false,"footnotes":""},"categories":[12],"tags":[203],"marcas":[171],"class_list":["post-2085","post","type-post","status-publish","format-standard","has-post-thumbnail","hentry","category-curiosidades","tag-autos-electricos","marcas-tesla","cat-12-id"],"acf":[],"yoast_head":"<!-- This site is optimized with the Yoast SEO Premium plugin  - https:\/\/yoast.com\/wordpress\/plugins\/seo\/ -->\n<title>\u00bfQu\u00e9 participaci\u00f3n tiene Elon Musk en Tesla? - Autos<\/title>\n<meta name=\"description\" content=\"La participaci\u00f3n actual de Musk en Tesla representa un aumento considerable con respecto al 13% que pose\u00eda en mayo de 2023.\" \/>\n<meta name=\"robots\" content=\"index, follow, max-snippet:-1, max-image-preview:large, max-video-preview:-1\" \/>\n<link rel=\"canonical\" href=\"https:\/\/us.as.com\/autos\/curiosidades\/que-participacion-tiene-elon-musk-en-tesla\/\" \/>\n<meta property=\"og:locale\" content=\"es_ES\" \/>\n<meta property=\"og:type\" content=\"article\" \/>\n<meta property=\"og:title\" content=\"\u00bfQu\u00e9 participaci\u00f3n tiene Elon Musk en Tesla? - Autos\" \/>\n<meta property=\"og:description\" content=\"La participaci\u00f3n actual de Musk en Tesla representa un aumento considerable con respecto al 13% que pose\u00eda en mayo de 2023.\" \/>\n<meta property=\"og:url\" content=\"https:\/\/us.as.com\/autos\/curiosidades\/que-participacion-tiene-elon-musk-en-tesla\/\" \/>\n<meta property=\"og:site_name\" content=\"Autos\" \/>\n<meta property=\"article:published_time\" content=\"2024-02-16T17:39:08+00:00\" \/>\n<meta property=\"article:modified_time\" content=\"2024-02-16T17:39:09+00:00\" \/>\n<meta property=\"og:image\" content=\"https:\/\/us.as.com\/autos\/wp-content\/uploads\/2024\/02\/milan-csizmadia-d0V_DQO_xUM-unsplash-1-scaled.jpg\" \/>\n\t<meta property=\"og:image:width\" content=\"2560\" \/>\n\t<meta property=\"og:image:height\" content=\"1920\" \/>\n\t<meta property=\"og:image:type\" content=\"image\/jpeg\" \/>\n<meta name=\"author\" content=\"Luis Hern\u00e1ndez del Arco\" \/>\n<meta name=\"twitter:card\" content=\"summary_large_image\" \/>\n<meta name=\"twitter:creator\" content=\"@https:\/\/x.com\/ldelarco\" \/>\n<meta name=\"twitter:label1\" content=\"Escrito por\" \/>\n\t<meta name=\"twitter:data1\" content=\"Luis Hern\u00e1ndez del Arco\" \/>\n\t<meta name=\"twitter:label2\" content=\"Tiempo de lectura\" \/>\n\t<meta name=\"twitter:data2\" content=\"3 minutos\" \/>\n<script type=\"application\/ld+json\" class=\"yoast-schema-graph\">{\"@context\":\"https:\/\/schema.org\",\"@graph\":[{\"@type\":\"WebPage\",\"@id\":\"https:\/\/us.as.com\/autos\/curiosidades\/que-participacion-tiene-elon-musk-en-tesla\/\",\"url\":\"https:\/\/us.as.com\/autos\/curiosidades\/que-participacion-tiene-elon-musk-en-tesla\/\",\"name\":\"\u00bfQu\u00e9 participaci\u00f3n tiene Elon Musk en Tesla? - Autos\",\"isPartOf\":{\"@id\":\"https:\/\/us.as.com\/autos\/#website\"},\"primaryImageOfPage\":{\"@id\":\"https:\/\/us.as.com\/autos\/curiosidades\/que-participacion-tiene-elon-musk-en-tesla\/#primaryimage\"},\"image\":{\"@id\":\"https:\/\/us.as.com\/autos\/curiosidades\/que-participacion-tiene-elon-musk-en-tesla\/#primaryimage\"},\"thumbnailUrl\":\"https:\/\/us.as.com\/autos\/wp-content\/uploads\/2024\/02\/milan-csizmadia-d0V_DQO_xUM-unsplash-1-scaled.jpg\",\"datePublished\":\"2024-02-16T17:39:08+00:00\",\"dateModified\":\"2024-02-16T17:39:09+00:00\",\"author\":{\"@id\":\"https:\/\/us.as.com\/autos\/#\/schema\/person\/b59ded8d3d136c0f0f7adae8ab7f1712\"},\"description\":\"La participaci\u00f3n actual de Musk en Tesla representa un aumento considerable con respecto al 13% que pose\u00eda en mayo de 2023.\",\"inLanguage\":\"es\",\"potentialAction\":[{\"@type\":\"ReadAction\",\"target\":[\"https:\/\/us.as.com\/autos\/curiosidades\/que-participacion-tiene-elon-musk-en-tesla\/\"]}]},{\"@type\":\"ImageObject\",\"inLanguage\":\"es\",\"@id\":\"https:\/\/us.as.com\/autos\/curiosidades\/que-participacion-tiene-elon-musk-en-tesla\/#primaryimage\",\"url\":\"https:\/\/us.as.com\/autos\/wp-content\/uploads\/2024\/02\/milan-csizmadia-d0V_DQO_xUM-unsplash-1-scaled.jpg\",\"contentUrl\":\"https:\/\/us.as.com\/autos\/wp-content\/uploads\/2024\/02\/milan-csizmadia-d0V_DQO_xUM-unsplash-1-scaled.jpg\",\"width\":2560,\"height\":1920},{\"@type\":\"WebSite\",\"@id\":\"https:\/\/us.as.com\/autos\/#website\",\"url\":\"https:\/\/us.as.com\/autos\/\",\"name\":\"Autos\",\"description\":\"\",\"potentialAction\":[{\"@type\":\"SearchAction\",\"target\":{\"@type\":\"EntryPoint\",\"urlTemplate\":\"https:\/\/us.as.com\/autos\/?s={search_term_string}\"},\"query-input\":{\"@type\":\"PropertyValueSpecification\",\"valueRequired\":true,\"valueName\":\"search_term_string\"}}],\"inLanguage\":\"es\"},{\"@type\":\"Person\",\"@id\":\"https:\/\/us.as.com\/autos\/#\/schema\/person\/b59ded8d3d136c0f0f7adae8ab7f1712\",\"name\":\"Luis Hern\u00e1ndez del Arco\",\"image\":{\"@type\":\"ImageObject\",\"inLanguage\":\"es\",\"@id\":\"https:\/\/us.as.com\/autos\/#\/schema\/person\/image\/\",\"url\":\"https:\/\/secure.gravatar.com\/avatar\/c2b7262a4ee821aa4260ed5f07cfd999?s=96&d=mm&r=g\",\"contentUrl\":\"https:\/\/secure.gravatar.com\/avatar\/c2b7262a4ee821aa4260ed5f07cfd999?s=96&d=mm&r=g\",\"caption\":\"Luis Hern\u00e1ndez del Arco\"},\"sameAs\":[\"https:\/\/us.as.com\/autos\/\",\"https:\/\/www.instagram.com\/luisdelarcoh\",\"https:\/\/x.com\/https:\/\/x.com\/ldelarco\"],\"gender\":\"Hombre\",\"jobTitle\":\"Editor\",\"worksFor\":\"Grupo Prisa\",\"url\":\"https:\/\/us.as.com\/autos\/autor\/lhernandezd\/\"}]}<\/script>\n<!-- \/ Yoast SEO Premium plugin. -->","yoast_head_json":{"title":"\u00bfQu\u00e9 participaci\u00f3n tiene Elon Musk en Tesla? - Autos","description":"La participaci\u00f3n actual de Musk en Tesla representa un aumento considerable con respecto al 13% que pose\u00eda en mayo de 2023.","robots":{"index":"index","follow":"follow","max-snippet":"max-snippet:-1","max-image-preview":"max-image-preview:large","max-video-preview":"max-video-preview:-1"},"canonical":"https:\/\/us.as.com\/autos\/curiosidades\/que-participacion-tiene-elon-musk-en-tesla\/","og_locale":"es_ES","og_type":"article","og_title":"\u00bfQu\u00e9 participaci\u00f3n tiene Elon Musk en Tesla? - Autos","og_description":"La participaci\u00f3n actual de Musk en Tesla representa un aumento considerable con respecto al 13% que pose\u00eda en mayo de 2023.","og_url":"https:\/\/us.as.com\/autos\/curiosidades\/que-participacion-tiene-elon-musk-en-tesla\/","og_site_name":"Autos","article_published_time":"2024-02-16T17:39:08+00:00","article_modified_time":"2024-02-16T17:39:09+00:00","og_image":[{"width":2560,"height":1920,"url":"https:\/\/us.as.com\/autos\/wp-content\/uploads\/2024\/02\/milan-csizmadia-d0V_DQO_xUM-unsplash-1-scaled.jpg","type":"image\/jpeg"}],"author":"Luis Hern\u00e1ndez del Arco","twitter_card":"summary_large_image","twitter_creator":"@https:\/\/x.com\/ldelarco","twitter_misc":{"Escrito por":"Luis Hern\u00e1ndez del Arco","Tiempo de lectura":"3 minutos"},"schema":{"@context":"https:\/\/schema.org","@graph":[{"@type":"WebPage","@id":"https:\/\/us.as.com\/autos\/curiosidades\/que-participacion-tiene-elon-musk-en-tesla\/","url":"https:\/\/us.as.com\/autos\/curiosidades\/que-participacion-tiene-elon-musk-en-tesla\/","name":"\u00bfQu\u00e9 participaci\u00f3n tiene Elon Musk en Tesla? - Autos","isPartOf":{"@id":"https:\/\/us.as.com\/autos\/#website"},"primaryImageOfPage":{"@id":"https:\/\/us.as.com\/autos\/curiosidades\/que-participacion-tiene-elon-musk-en-tesla\/#primaryimage"},"image":{"@id":"https:\/\/us.as.com\/autos\/curiosidades\/que-participacion-tiene-elon-musk-en-tesla\/#primaryimage"},"thumbnailUrl":"https:\/\/us.as.com\/autos\/wp-content\/uploads\/2024\/02\/milan-csizmadia-d0V_DQO_xUM-unsplash-1-scaled.jpg","datePublished":"2024-02-16T17:39:08+00:00","dateModified":"2024-02-16T17:39:09+00:00","author":{"@id":"https:\/\/us.as.com\/autos\/#\/schema\/person\/b59ded8d3d136c0f0f7adae8ab7f1712"},"description":"La participaci\u00f3n actual de Musk en Tesla representa un aumento considerable con respecto al 13% que pose\u00eda en mayo de 2023.","inLanguage":"es","potentialAction":[{"@type":"ReadAction","target":["https:\/\/us.as.com\/autos\/curiosidades\/que-participacion-tiene-elon-musk-en-tesla\/"]}]},{"@type":"ImageObject","inLanguage":"es","@id":"https:\/\/us.as.com\/autos\/curiosidades\/que-participacion-tiene-elon-musk-en-tesla\/#primaryimage","url":"https:\/\/us.as.com\/autos\/wp-content\/uploads\/2024\/02\/milan-csizmadia-d0V_DQO_xUM-unsplash-1-scaled.jpg","contentUrl":"https:\/\/us.as.com\/autos\/wp-content\/uploads\/2024\/02\/milan-csizmadia-d0V_DQO_xUM-unsplash-1-scaled.jpg","width":2560,"height":1920},{"@type":"WebSite","@id":"https:\/\/us.as.com\/autos\/#website","url":"https:\/\/us.as.com\/autos\/","name":"Autos","description":"","potentialAction":[{"@type":"SearchAction","target":{"@type":"EntryPoint","urlTemplate":"https:\/\/us.as.com\/autos\/?s={search_term_string}"},"query-input":{"@type":"PropertyValueSpecification","valueRequired":true,"valueName":"search_term_string"}}],"inLanguage":"es"},{"@type":"Person","@id":"https:\/\/us.as.com\/autos\/#\/schema\/person\/b59ded8d3d136c0f0f7adae8ab7f1712","name":"Luis Hern\u00e1ndez del Arco","image":{"@type":"ImageObject","inLanguage":"es","@id":"https:\/\/us.as.com\/autos\/#\/schema\/person\/image\/","url":"https:\/\/secure.gravatar.com\/avatar\/c2b7262a4ee821aa4260ed5f07cfd999?s=96&d=mm&r=g","contentUrl":"https:\/\/secure.gravatar.com\/avatar\/c2b7262a4ee821aa4260ed5f07cfd999?s=96&d=mm&r=g","caption":"Luis Hern\u00e1ndez del Arco"},"sameAs":["https:\/\/us.as.com\/autos\/","https:\/\/www.instagram.com\/luisdelarcoh","https:\/\/x.com\/https:\/\/x.com\/ldelarco"],"gender":"Hombre","jobTitle":"Editor","worksFor":"Grupo Prisa","url":"https:\/\/us.as.com\/autos\/autor\/lhernandezd\/"}]}},"amp_enabled":true,"_links":{"self":[{"href":"https:\/\/us.as.com\/autos\/wp-json\/wp\/v2\/posts\/2085","targetHints":{"allow":["GET"]}}],"collection":[{"href":"https:\/\/us.as.com\/autos\/wp-json\/wp\/v2\/posts"}],"about":[{"href":"https:\/\/us.as.com\/autos\/wp-json\/wp\/v2\/types\/post"}],"author":[{"embeddable":true,"href":"https:\/\/us.as.com\/autos\/wp-json\/wp\/v2\/users\/9"}],"replies":[{"embeddable":true,"href":"https:\/\/us.as.com\/autos\/wp-json\/wp\/v2\/comments?post=2085"}],"version-history":[{"count":2,"href":"https:\/\/us.as.com\/autos\/wp-json\/wp\/v2\/posts\/2085\/revisions"}],"predecessor-version":[{"id":2089,"href":"https:\/\/us.as.com\/autos\/wp-json\/wp\/v2\/posts\/2085\/revisions\/2089"}],"wp:featuredmedia":[{"embeddable":true,"href":"https:\/\/us.as.com\/autos\/wp-json\/wp\/v2\/media\/2087"}],"wp:attachment":[{"href":"https:\/\/us.as.com\/autos\/wp-json\/wp\/v2\/media?parent=2085"}],"wp:term":[{"taxonomy":"category","embeddable":true,"href":"https:\/\/us.as.com\/autos\/wp-json\/wp\/v2\/categories?post=2085"},{"taxonomy":"post_tag","embeddable":true,"href":"https:\/\/us.as.com\/autos\/wp-json\/wp\/v2\/tags?post=2085"},{"taxonomy":"marcas","embeddable":true,"href":"https:\/\/us.as.com\/autos\/wp-json\/wp\/v2\/marcas?post=2085"}],"curies":[{"name":"wp","href":"https:\/\/api.w.org\/{rel}","templated":true}]}}