{"id":2080,"date":"2024-02-16T18:10:00","date_gmt":"2024-02-16T17:10:00","guid":{"rendered":"https:\/\/us.as.com\/autos\/?p=2080"},"modified":"2024-02-16T18:10:02","modified_gmt":"2024-02-16T17:10:02","slug":"el-costo-y-duracion-de-las-baterias-de-los-autos-electricos","status":"publish","type":"post","link":"https:\/\/us.as.com\/autos\/electricos\/el-costo-y-duracion-de-las-baterias-de-los-autos-electricos\/","title":{"rendered":"El costo y duraci\u00f3n de las bater\u00edas de los autos el\u00e9ctricos"},"content":{"rendered":"\n<p>D\u00eda a d\u00eda, los autos el\u00e9ctricos (EV) est\u00e1n ganando popularidad debido a sus beneficios que ofrecen, que <strong>van desde el tema medioambiental hasta los avances tecnol\u00f3gicos<\/strong> pasando por el desempe\u00f1o.\u00a0<\/p>\n\n\n\n<p>Sin embargo, una de las preocupaciones m\u00e1s comunes entre los posibles <strong><a href=\"https:\/\/us.as.com\/autos\/electricos\/la-autonomia-real-de-los-autos-electricos-que-se-venden-en-estados-unidos\/\">propietarios de veh\u00edculos el\u00e9ctricos<\/a><\/strong> es el costo del reemplazo de la bater\u00eda y su vida \u00fatil.\u00a0<\/p>\n\n\n\n<p>Y es que al igual que sucede con los dispositivos electr\u00f3nicos, <strong>con el uso y el n\u00famero de recargas, la bater\u00eda pierde eficiencia<\/strong>, hasta el grado que es necesario cambiarla para conseguir la autonom\u00eda prometida.\u00a0<\/p>\n\n\n\n<h2 class=\"wp-block-heading\" id=\"h-costo-y-duracion-de-las-baterias-de-los-autos-electricos\"><strong>Costo y duraci\u00f3n de las bater\u00edas de los autos el\u00e9ctricos<\/strong><\/h2>\n\n\n\n<p>Uno de los motivos por los que un auto el\u00e9ctrico tiene un elevado costo, se debe a que la bater\u00eda. Adem\u00e1s del costo, de todos los componentes de un EV, la fuente de energ\u00eda del motor o los motores es el m\u00e1s cr\u00edtico.&nbsp;<\/p>\n\n\n\n<p>Realmente, <strong>el costo de reemplazar la bater\u00eda de un auto el\u00e9ctrico puede variar significativamente <\/strong>seg\u00fan varios factores, incluidos la marca y el modelo del autom\u00f3vil, el tama\u00f1o y la capacidad de la bater\u00eda, as\u00ed como los precios de mercado.<\/p>\n\n\n\n<p>En promedio, <strong>el costo de reemplazo de la bater\u00eda de un auto el\u00e9ctrico oscila entre $5,000 y $15,000<\/strong>. Sin embargo, es importante tener en cuenta que cuanto m\u00e1s grande sea la bater\u00eda, m\u00e1s caro ser\u00e1 reemplazarla.\u00a0<\/p>\n\n\n\n<p>Por ejemplo, los autom\u00f3viles el\u00e9ctricos menos costosos tienden a tener bater\u00edas m\u00e1s peque\u00f1as y, por lo tanto, su reemplazo cuesta menos. Por el contrario, los modelos m\u00e1s grandes, de lujo o de largo alcance, <strong><a href=\"https:\/\/www.tesla.com\/models\" target=\"_blank\" rel=\"noreferrer noopener\">como el Tesla Model S<\/a><\/strong> o la Ford F-150 Lightning, suelen tener bater\u00edas m\u00e1s grandes, lo que se traduce en mayores costos de reemplazo.<\/p>\n\n\n\n<figure class=\"wp-block-image size-large\"><img decoding=\"async\" width=\"1024\" height=\"768\" src=\"https:\/\/us.as.com\/autos\/wp-content\/uploads\/2024\/02\/li-battery-ric1bda13bb5466d0890f9ff0000b1ecf4-1024x768.jpg\" alt=\"\" class=\"wp-image-2082\" srcset=\"https:\/\/us.as.com\/autos\/wp-content\/uploads\/2024\/02\/li-battery-ric1bda13bb5466d0890f9ff0000b1ecf4-1024x768.jpg 1024w, https:\/\/us.as.com\/autos\/wp-content\/uploads\/2024\/02\/li-battery-ric1bda13bb5466d0890f9ff0000b1ecf4-300x225.jpg 300w, https:\/\/us.as.com\/autos\/wp-content\/uploads\/2024\/02\/li-battery-ric1bda13bb5466d0890f9ff0000b1ecf4-768x576.jpg 768w, https:\/\/us.as.com\/autos\/wp-content\/uploads\/2024\/02\/li-battery-ric1bda13bb5466d0890f9ff0000b1ecf4-1536x1152.jpg 1536w, https:\/\/us.as.com\/autos\/wp-content\/uploads\/2024\/02\/li-battery-ric1bda13bb5466d0890f9ff0000b1ecf4-800x600.jpg 800w, https:\/\/us.as.com\/autos\/wp-content\/uploads\/2024\/02\/li-battery-ric1bda13bb5466d0890f9ff0000b1ecf4-450x338.jpg 450w, https:\/\/us.as.com\/autos\/wp-content\/uploads\/2024\/02\/li-battery-ric1bda13bb5466d0890f9ff0000b1ecf4.jpg 2000w\" sizes=\"(max-width: 1024px) 100vw, 1024px\" \/><\/figure>\n\n\n\n<h2 class=\"wp-block-heading\" id=\"h-la-vida-util-de-la-bateria-de-un-auto-electrico\"><strong>La vida \u00fatil de la bater\u00eda de un auto el\u00e9ctrico<\/strong><\/h2>\n\n\n\n<p>Por su composici\u00f3n, la vida \u00fatil de la bater\u00eda de un auto el\u00e9ctrico es bastante resistente; el tipo de iones de litio utilizado en la mayor\u00eda de los autom\u00f3viles modernos es capaz de <strong>durar al menos una d\u00e9cada antes de necesitar reemplazo.\u00a0<\/strong><\/p>\n\n\n\n<p>Hoy en d\u00eda, la mayor\u00eda de los fabricantes de autom\u00f3viles <strong>garantizan las bater\u00edas de los veh\u00edculos el\u00e9ctricos durante ocho a\u00f1os o hasta m\u00e1s de 60,000 millas<\/strong>.<\/p>\n\n\n\n<p>Seg\u00fan el Laboratorio Nacional de Energ\u00edas Renovables, <strong>las bater\u00edas actuales pueden durar entre 12 y 15 a\u00f1os en climas moderados.<\/strong> Muchos expertos cifran la vida \u00fatil de la bater\u00eda de un veh\u00edculo el\u00e9ctrico entre 100,000 y 200,000 millas.\u00a0<\/p>\n\n\n\n<p>Si la bater\u00eda de su veh\u00edculo el\u00e9ctrico falla antes de eso, probablemente estar\u00e1 cubierta por la garant\u00eda del fabricante.<\/p>\n\n\n\n<h2 class=\"wp-block-heading\" id=\"h-a-futuro\"><strong>A futuro<\/strong><\/h2>\n\n\n\n<p>Se espera que los continuos avances en la tecnolog\u00eda de bater\u00edas y l<strong>os procesos de fabricaci\u00f3n reduzcan estos costos en el futuro. <\/strong><\/p>\n\n\n\n<p>Por lo tanto, los posibles propietarios de veh\u00edculos el\u00e9ctricos pueden estar seguros de que, si bien el reemplazo de la bater\u00eda es un aspecto importante de la propiedad de un veh\u00edculo el\u00e9ctrico, no es tan desalentador como podr\u00eda parecer inicialmente.<\/p>\n","protected":false},"excerpt":{"rendered":"<p>D\u00eda a d\u00eda, los autos el\u00e9ctricos (EV) est\u00e1n ganando popularidad debido a sus beneficios que ofrecen, que van desde el tema medioambiental hasta los avances tecnol\u00f3gicos pasando por el desempe\u00f1o.\u00a0 Sin embargo, una de las preocupaciones m\u00e1s comunes entre los posibles propietarios de veh\u00edculos el\u00e9ctricos es el costo del reemplazo de la bater\u00eda y su [&hellip;]<\/p>\n","protected":false},"author":9,"featured_media":2081,"comment_status":"open","ping_status":"open","sticky":false,"template":"","format":"standard","meta":{"_acf_changed":false,"footnotes":""},"categories":[6],"tags":[203,210,197],"marcas":[],"class_list":["post-2080","post","type-post","status-publish","format-standard","has-post-thumbnail","hentry","category-electricos","tag-autos-electricos","tag-consejos","tag-tips","cat-6-id"],"acf":[],"yoast_head":"<!-- This site is optimized with the Yoast SEO Premium plugin  - https:\/\/yoast.com\/wordpress\/plugins\/seo\/ -->\n<title>El costo y duraci\u00f3n de las bater\u00edas de los autos el\u00e9ctricos - Autos<\/title>\n<meta name=\"description\" content=\"Es importante saber el costo y duraci\u00f3n de las bater\u00edas de los autos el\u00e9ctricos para no llevarse sorpresas a futuro\" \/>\n<meta name=\"robots\" content=\"index, follow, max-snippet:-1, max-image-preview:large, max-video-preview:-1\" \/>\n<link rel=\"canonical\" href=\"https:\/\/us.as.com\/autos\/electricos\/el-costo-y-duracion-de-las-baterias-de-los-autos-electricos\/\" \/>\n<meta property=\"og:locale\" content=\"es_ES\" \/>\n<meta property=\"og:type\" content=\"article\" \/>\n<meta property=\"og:title\" content=\"El costo y duraci\u00f3n de las bater\u00edas de los autos el\u00e9ctricos - Autos\" \/>\n<meta property=\"og:description\" content=\"Es importante saber el costo y duraci\u00f3n de las bater\u00edas de los autos el\u00e9ctricos para no llevarse sorpresas a futuro\" \/>\n<meta property=\"og:url\" content=\"https:\/\/us.as.com\/autos\/electricos\/el-costo-y-duracion-de-las-baterias-de-los-autos-electricos\/\" \/>\n<meta property=\"og:site_name\" content=\"Autos\" \/>\n<meta property=\"article:published_time\" content=\"2024-02-16T17:10:00+00:00\" \/>\n<meta property=\"article:modified_time\" content=\"2024-02-16T17:10:02+00:00\" \/>\n<meta property=\"og:image\" content=\"https:\/\/us.as.com\/autos\/wp-content\/uploads\/2024\/02\/ev_battery_capacity.png\" \/>\n\t<meta property=\"og:image:width\" content=\"1080\" \/>\n\t<meta property=\"og:image:height\" content=\"607\" \/>\n\t<meta property=\"og:image:type\" content=\"image\/png\" \/>\n<meta name=\"author\" content=\"Luis Hern\u00e1ndez del Arco\" \/>\n<meta name=\"twitter:card\" content=\"summary_large_image\" \/>\n<meta name=\"twitter:creator\" content=\"@https:\/\/x.com\/ldelarco\" \/>\n<meta name=\"twitter:label1\" content=\"Escrito por\" \/>\n\t<meta name=\"twitter:data1\" content=\"Luis Hern\u00e1ndez del Arco\" \/>\n\t<meta name=\"twitter:label2\" content=\"Tiempo de lectura\" \/>\n\t<meta name=\"twitter:data2\" content=\"3 minutos\" \/>\n<script type=\"application\/ld+json\" class=\"yoast-schema-graph\">{\"@context\":\"https:\/\/schema.org\",\"@graph\":[{\"@type\":\"WebPage\",\"@id\":\"https:\/\/us.as.com\/autos\/electricos\/el-costo-y-duracion-de-las-baterias-de-los-autos-electricos\/\",\"url\":\"https:\/\/us.as.com\/autos\/electricos\/el-costo-y-duracion-de-las-baterias-de-los-autos-electricos\/\",\"name\":\"El costo y duraci\u00f3n de las bater\u00edas de los autos el\u00e9ctricos - Autos\",\"isPartOf\":{\"@id\":\"https:\/\/us.as.com\/autos\/#website\"},\"primaryImageOfPage\":{\"@id\":\"https:\/\/us.as.com\/autos\/electricos\/el-costo-y-duracion-de-las-baterias-de-los-autos-electricos\/#primaryimage\"},\"image\":{\"@id\":\"https:\/\/us.as.com\/autos\/electricos\/el-costo-y-duracion-de-las-baterias-de-los-autos-electricos\/#primaryimage\"},\"thumbnailUrl\":\"https:\/\/us.as.com\/autos\/wp-content\/uploads\/2024\/02\/ev_battery_capacity.png\",\"datePublished\":\"2024-02-16T17:10:00+00:00\",\"dateModified\":\"2024-02-16T17:10:02+00:00\",\"author\":{\"@id\":\"https:\/\/us.as.com\/autos\/#\/schema\/person\/b59ded8d3d136c0f0f7adae8ab7f1712\"},\"description\":\"Es importante saber el costo y duraci\u00f3n de las bater\u00edas de los autos el\u00e9ctricos para no llevarse sorpresas a futuro\",\"inLanguage\":\"es\",\"potentialAction\":[{\"@type\":\"ReadAction\",\"target\":[\"https:\/\/us.as.com\/autos\/electricos\/el-costo-y-duracion-de-las-baterias-de-los-autos-electricos\/\"]}]},{\"@type\":\"ImageObject\",\"inLanguage\":\"es\",\"@id\":\"https:\/\/us.as.com\/autos\/electricos\/el-costo-y-duracion-de-las-baterias-de-los-autos-electricos\/#primaryimage\",\"url\":\"https:\/\/us.as.com\/autos\/wp-content\/uploads\/2024\/02\/ev_battery_capacity.png\",\"contentUrl\":\"https:\/\/us.as.com\/autos\/wp-content\/uploads\/2024\/02\/ev_battery_capacity.png\",\"width\":1080,\"height\":607,\"caption\":\"\u00bfCu\u00e1ntos a\u00f1os dura la bater\u00eda de un auto el\u00e9ctrico?\"},{\"@type\":\"WebSite\",\"@id\":\"https:\/\/us.as.com\/autos\/#website\",\"url\":\"https:\/\/us.as.com\/autos\/\",\"name\":\"Autos\",\"description\":\"\",\"potentialAction\":[{\"@type\":\"SearchAction\",\"target\":{\"@type\":\"EntryPoint\",\"urlTemplate\":\"https:\/\/us.as.com\/autos\/?s={search_term_string}\"},\"query-input\":{\"@type\":\"PropertyValueSpecification\",\"valueRequired\":true,\"valueName\":\"search_term_string\"}}],\"inLanguage\":\"es\"},{\"@type\":\"Person\",\"@id\":\"https:\/\/us.as.com\/autos\/#\/schema\/person\/b59ded8d3d136c0f0f7adae8ab7f1712\",\"name\":\"Luis Hern\u00e1ndez del Arco\",\"image\":{\"@type\":\"ImageObject\",\"inLanguage\":\"es\",\"@id\":\"https:\/\/us.as.com\/autos\/#\/schema\/person\/image\/\",\"url\":\"https:\/\/secure.gravatar.com\/avatar\/c2b7262a4ee821aa4260ed5f07cfd999?s=96&d=mm&r=g\",\"contentUrl\":\"https:\/\/secure.gravatar.com\/avatar\/c2b7262a4ee821aa4260ed5f07cfd999?s=96&d=mm&r=g\",\"caption\":\"Luis Hern\u00e1ndez del Arco\"},\"sameAs\":[\"https:\/\/us.as.com\/autos\/\",\"https:\/\/www.instagram.com\/luisdelarcoh\",\"https:\/\/x.com\/https:\/\/x.com\/ldelarco\"],\"gender\":\"Hombre\",\"jobTitle\":\"Editor\",\"worksFor\":\"Grupo Prisa\",\"url\":\"https:\/\/us.as.com\/autos\/autor\/lhernandezd\/\"}]}<\/script>\n<!-- \/ Yoast SEO Premium plugin. -->","yoast_head_json":{"title":"El costo y duraci\u00f3n de las bater\u00edas de los autos el\u00e9ctricos - Autos","description":"Es importante saber el costo y duraci\u00f3n de las bater\u00edas de los autos el\u00e9ctricos para no llevarse sorpresas a futuro","robots":{"index":"index","follow":"follow","max-snippet":"max-snippet:-1","max-image-preview":"max-image-preview:large","max-video-preview":"max-video-preview:-1"},"canonical":"https:\/\/us.as.com\/autos\/electricos\/el-costo-y-duracion-de-las-baterias-de-los-autos-electricos\/","og_locale":"es_ES","og_type":"article","og_title":"El costo y duraci\u00f3n de las bater\u00edas de los autos el\u00e9ctricos - Autos","og_description":"Es importante saber el costo y duraci\u00f3n de las bater\u00edas de los autos el\u00e9ctricos para no llevarse sorpresas a futuro","og_url":"https:\/\/us.as.com\/autos\/electricos\/el-costo-y-duracion-de-las-baterias-de-los-autos-electricos\/","og_site_name":"Autos","article_published_time":"2024-02-16T17:10:00+00:00","article_modified_time":"2024-02-16T17:10:02+00:00","og_image":[{"width":1080,"height":607,"url":"https:\/\/us.as.com\/autos\/wp-content\/uploads\/2024\/02\/ev_battery_capacity.png","type":"image\/png"}],"author":"Luis Hern\u00e1ndez del Arco","twitter_card":"summary_large_image","twitter_creator":"@https:\/\/x.com\/ldelarco","twitter_misc":{"Escrito por":"Luis Hern\u00e1ndez del Arco","Tiempo de lectura":"3 minutos"},"schema":{"@context":"https:\/\/schema.org","@graph":[{"@type":"WebPage","@id":"https:\/\/us.as.com\/autos\/electricos\/el-costo-y-duracion-de-las-baterias-de-los-autos-electricos\/","url":"https:\/\/us.as.com\/autos\/electricos\/el-costo-y-duracion-de-las-baterias-de-los-autos-electricos\/","name":"El costo y duraci\u00f3n de las bater\u00edas de los autos el\u00e9ctricos - Autos","isPartOf":{"@id":"https:\/\/us.as.com\/autos\/#website"},"primaryImageOfPage":{"@id":"https:\/\/us.as.com\/autos\/electricos\/el-costo-y-duracion-de-las-baterias-de-los-autos-electricos\/#primaryimage"},"image":{"@id":"https:\/\/us.as.com\/autos\/electricos\/el-costo-y-duracion-de-las-baterias-de-los-autos-electricos\/#primaryimage"},"thumbnailUrl":"https:\/\/us.as.com\/autos\/wp-content\/uploads\/2024\/02\/ev_battery_capacity.png","datePublished":"2024-02-16T17:10:00+00:00","dateModified":"2024-02-16T17:10:02+00:00","author":{"@id":"https:\/\/us.as.com\/autos\/#\/schema\/person\/b59ded8d3d136c0f0f7adae8ab7f1712"},"description":"Es importante saber el costo y duraci\u00f3n de las bater\u00edas de los autos el\u00e9ctricos para no llevarse sorpresas a futuro","inLanguage":"es","potentialAction":[{"@type":"ReadAction","target":["https:\/\/us.as.com\/autos\/electricos\/el-costo-y-duracion-de-las-baterias-de-los-autos-electricos\/"]}]},{"@type":"ImageObject","inLanguage":"es","@id":"https:\/\/us.as.com\/autos\/electricos\/el-costo-y-duracion-de-las-baterias-de-los-autos-electricos\/#primaryimage","url":"https:\/\/us.as.com\/autos\/wp-content\/uploads\/2024\/02\/ev_battery_capacity.png","contentUrl":"https:\/\/us.as.com\/autos\/wp-content\/uploads\/2024\/02\/ev_battery_capacity.png","width":1080,"height":607,"caption":"\u00bfCu\u00e1ntos a\u00f1os dura la bater\u00eda de un auto el\u00e9ctrico?"},{"@type":"WebSite","@id":"https:\/\/us.as.com\/autos\/#website","url":"https:\/\/us.as.com\/autos\/","name":"Autos","description":"","potentialAction":[{"@type":"SearchAction","target":{"@type":"EntryPoint","urlTemplate":"https:\/\/us.as.com\/autos\/?s={search_term_string}"},"query-input":{"@type":"PropertyValueSpecification","valueRequired":true,"valueName":"search_term_string"}}],"inLanguage":"es"},{"@type":"Person","@id":"https:\/\/us.as.com\/autos\/#\/schema\/person\/b59ded8d3d136c0f0f7adae8ab7f1712","name":"Luis Hern\u00e1ndez del Arco","image":{"@type":"ImageObject","inLanguage":"es","@id":"https:\/\/us.as.com\/autos\/#\/schema\/person\/image\/","url":"https:\/\/secure.gravatar.com\/avatar\/c2b7262a4ee821aa4260ed5f07cfd999?s=96&d=mm&r=g","contentUrl":"https:\/\/secure.gravatar.com\/avatar\/c2b7262a4ee821aa4260ed5f07cfd999?s=96&d=mm&r=g","caption":"Luis Hern\u00e1ndez del Arco"},"sameAs":["https:\/\/us.as.com\/autos\/","https:\/\/www.instagram.com\/luisdelarcoh","https:\/\/x.com\/https:\/\/x.com\/ldelarco"],"gender":"Hombre","jobTitle":"Editor","worksFor":"Grupo Prisa","url":"https:\/\/us.as.com\/autos\/autor\/lhernandezd\/"}]}},"amp_enabled":true,"_links":{"self":[{"href":"https:\/\/us.as.com\/autos\/wp-json\/wp\/v2\/posts\/2080","targetHints":{"allow":["GET"]}}],"collection":[{"href":"https:\/\/us.as.com\/autos\/wp-json\/wp\/v2\/posts"}],"about":[{"href":"https:\/\/us.as.com\/autos\/wp-json\/wp\/v2\/types\/post"}],"author":[{"embeddable":true,"href":"https:\/\/us.as.com\/autos\/wp-json\/wp\/v2\/users\/9"}],"replies":[{"embeddable":true,"href":"https:\/\/us.as.com\/autos\/wp-json\/wp\/v2\/comments?post=2080"}],"version-history":[{"count":2,"href":"https:\/\/us.as.com\/autos\/wp-json\/wp\/v2\/posts\/2080\/revisions"}],"predecessor-version":[{"id":2084,"href":"https:\/\/us.as.com\/autos\/wp-json\/wp\/v2\/posts\/2080\/revisions\/2084"}],"wp:featuredmedia":[{"embeddable":true,"href":"https:\/\/us.as.com\/autos\/wp-json\/wp\/v2\/media\/2081"}],"wp:attachment":[{"href":"https:\/\/us.as.com\/autos\/wp-json\/wp\/v2\/media?parent=2080"}],"wp:term":[{"taxonomy":"category","embeddable":true,"href":"https:\/\/us.as.com\/autos\/wp-json\/wp\/v2\/categories?post=2080"},{"taxonomy":"post_tag","embeddable":true,"href":"https:\/\/us.as.com\/autos\/wp-json\/wp\/v2\/tags?post=2080"},{"taxonomy":"marcas","embeddable":true,"href":"https:\/\/us.as.com\/autos\/wp-json\/wp\/v2\/marcas?post=2080"}],"curies":[{"name":"wp","href":"https:\/\/api.w.org\/{rel}","templated":true}]}}