{"id":11920,"date":"2026-02-09T18:34:05","date_gmt":"2026-02-09T17:34:05","guid":{"rendered":"https:\/\/us.as.com\/autos\/?p=11920"},"modified":"2026-02-09T18:34:06","modified_gmt":"2026-02-09T17:34:06","slug":"estos-son-los-comerciales-de-autos-del-super-bowl-lx-2026","status":"publish","type":"post","link":"https:\/\/us.as.com\/autos\/curiosidades\/estos-son-los-comerciales-de-autos-del-super-bowl-lx-2026\/","title":{"rendered":"Estos son los comerciales de autos del Super Bowl LX 2026"},"content":{"rendered":"\n<p>Durante a\u00f1os, el domingo del Super Bowl fue la vitrina de cristal para que todas las marcas de autos presumieran sus caballos de fuerza. Este febrero de 2026, la historia se escribi\u00f3 con una pluma bastante m\u00e1s selectiva. Esa pregunta que retumba en las casas de millones de aficionados tiene una respuesta ligada a la eficiencia financiera.&nbsp;<\/p>\n\n\n\n<p>Los <strong>comerciales de autos del Super Bowl LX<\/strong> no llenaron la pantalla como en \u00e9pocas pasadas, dejando un espacio que fue aprovechado por sectores tecnol\u00f3gicos y de servicios.<\/p>\n\n\n\n<p>Esta edici\u00f3n se sinti\u00f3 distinta desde el primer cuarto. El ambiente de los anuncios reflej\u00f3 una industria que prefiere la precisi\u00f3n de un bistur\u00ed antes que la fuerza de un mazo. En esta ocasi\u00f3n, la visibilidad estuvo concentrada en manos de gigantes que decidieron que el riesgo val\u00eda la inversi\u00f3n.<\/p>\n\n\n\n<figure class=\"wp-block-image size-large\"><img decoding=\"async\" width=\"1024\" height=\"576\" src=\"https:\/\/us.as.com\/autos\/wp-content\/uploads\/2026\/02\/maxresdefault-19-1024x576.jpg\" alt=\"\" class=\"wp-image-11921\" srcset=\"https:\/\/us.as.com\/autos\/wp-content\/uploads\/2026\/02\/maxresdefault-19-1024x576.jpg 1024w, https:\/\/us.as.com\/autos\/wp-content\/uploads\/2026\/02\/maxresdefault-19-300x169.jpg 300w, https:\/\/us.as.com\/autos\/wp-content\/uploads\/2026\/02\/maxresdefault-19-768x432.jpg 768w, https:\/\/us.as.com\/autos\/wp-content\/uploads\/2026\/02\/maxresdefault-19-1200x675.jpg 1200w, https:\/\/us.as.com\/autos\/wp-content\/uploads\/2026\/02\/maxresdefault-19-800x450.jpg 800w, https:\/\/us.as.com\/autos\/wp-content\/uploads\/2026\/02\/maxresdefault-19-450x253.jpg 450w, https:\/\/us.as.com\/autos\/wp-content\/uploads\/2026\/02\/maxresdefault-19.jpg 1280w\" sizes=\"(max-width: 1024px) 100vw, 1024px\" \/><\/figure>\n\n\n\n<h3 class=\"wp-block-heading\" id=\"h-el-costo-de-capturar-la-atencion-mundial\"><strong>El costo de capturar la atenci\u00f3n mundial<\/strong><\/h3>\n\n\n\n<p>La econom\u00eda de la atenci\u00f3n alcanz\u00f3 niveles estratosf\u00e9ricos este a\u00f1o. Se estima que las empresas pagaron cerca de m\u00e1s de 230,000 d\u00f3lares por cada segundo de transmisi\u00f3n. <\/p>\n\n\n\n<p>Ese n\u00famero suena fr\u00edo, pero al multiplicarlo por los 30 segundos est\u00e1ndar de un clip, la cifra roza los 7 millones de d\u00f3lares. Es evidente que los <strong>comerciales de autos del Super Bowl LX<\/strong> representaron una de las apuestas m\u00e1s arriesgadas para los departamentos de marketing.<\/p>\n\n\n\n<p>Dentro de este ecosistema de precios elevados, el bloque publicitario que acompa\u00f1a al show del medio tiempo se consolid\u00f3 como el espacio m\u00e1s costoso de toda la jornada. Aquellas marcas que buscaron asociar su imagen con el espect\u00e1culo musical tuvieron que desembolsar una prima adicional por ese privilegio.&nbsp;<\/p>\n\n\n\n<p>De hecho, el costo del comercial del medio tiempo super\u00f3 con creces los promedios de los comerciales emitidos durante el desarrollo del partido. Esta situaci\u00f3n oblig\u00f3 a las automotrices a replantearse si el retorno de inversi\u00f3n justificaba tales cantidades de dinero en un solo impacto.<\/p>\n\n\n\n<h3 class=\"wp-block-heading\" id=\"h-toyota-y-volkswagen-el-duelo-de-los-sobrevivientes\"><strong>Toyota y Volkswagen: El duelo de los sobrevivientes<\/strong><\/h3>\n\n\n\n<p>A diferencia de a\u00f1os anteriores, la cantidad de marcas de autos no fue tan abrumadora. Las calles digitales de la publicidad solo vieron circular a dos protagonistas principales: Toyota y Volkswagen.&nbsp;<\/p>\n\n\n\n<p>Estas dos firmas decidieron que el 2026 era el momento de reafirmar su dominio en el mercado estadounidense, aprovechando el vac\u00edo que dejaron sus competidores tradicionales.<\/p>\n\n\n\n<p>La firma japonesa opt\u00f3 por un enfoque emocional, conectando la movilidad con las historias de vida de los usuarios. Por su parte, la casa alemana prefiri\u00f3 resaltar la longevidad de sus modelos m\u00e1s emblem\u00e1ticos, haciendo un gui\u00f1o a la nostalgia pero con tecnolog\u00eda de \u00faltima generaci\u00f3n.&nbsp;<\/p>\n\n\n\n<p>La participaci\u00f3n de estas dos marcas fue el clavo que sostuvo la representaci\u00f3n del sector en el evento. Igualmente, la ausencia de las marcas de Detroit y de los fabricantes de lujo europeos se not\u00f3 en la narrativa del juego. Esa falta de volumen permiti\u00f3 que los mensajes de Toyota y Volkswagen resonaran con una claridad que antes era imposible de lograr entre tanto ruido.<\/p>\n\n\n\n<figure class=\"wp-block-image size-large\"><img decoding=\"async\" width=\"1024\" height=\"576\" src=\"https:\/\/us.as.com\/autos\/wp-content\/uploads\/2026\/02\/maxresdefault-18-1024x576.jpg\" alt=\"\" class=\"wp-image-11922\" srcset=\"https:\/\/us.as.com\/autos\/wp-content\/uploads\/2026\/02\/maxresdefault-18-1024x576.jpg 1024w, https:\/\/us.as.com\/autos\/wp-content\/uploads\/2026\/02\/maxresdefault-18-300x169.jpg 300w, https:\/\/us.as.com\/autos\/wp-content\/uploads\/2026\/02\/maxresdefault-18-768x432.jpg 768w, https:\/\/us.as.com\/autos\/wp-content\/uploads\/2026\/02\/maxresdefault-18-1200x675.jpg 1200w, https:\/\/us.as.com\/autos\/wp-content\/uploads\/2026\/02\/maxresdefault-18-800x450.jpg 800w, https:\/\/us.as.com\/autos\/wp-content\/uploads\/2026\/02\/maxresdefault-18-450x253.jpg 450w, https:\/\/us.as.com\/autos\/wp-content\/uploads\/2026\/02\/maxresdefault-18.jpg 1280w\" sizes=\"(max-width: 1024px) 100vw, 1024px\" \/><\/figure>\n\n\n\n<h3 class=\"wp-block-heading\" id=\"h-datos-clave-del-despliegue-publicitario\"><strong>Datos clave del despliegue publicitario<\/strong><\/h3>\n\n\n\n<ul class=\"wp-block-list\">\n<li><strong>Inversi\u00f3n por spot:<\/strong> 7 millones de d\u00f3lares por 30 segundos de aire.<\/li>\n\n\n\n<li><strong>Marcas participantes:<\/strong> \u00danicamente Toyota y Volkswagen en la categor\u00eda automotriz.<\/li>\n\n\n\n<li><strong>Costo por segundo:<\/strong> Aproximadamente 233,333 d\u00f3lares.<\/li>\n\n\n\n<li><strong>Segmento premium:<\/strong> El comercial m\u00e1s caro es el del medio tiempo.<\/li>\n\n\n\n<li><strong>Duraci\u00f3n total:<\/strong> La categor\u00eda de autos ocup\u00f3 menos de 3 minutos de tiempo comercial total.<\/li>\n<\/ul>\n\n\n\n<h3 class=\"wp-block-heading\" id=\"h-una-vision-critica-sobre-el-cambio-de-paradigma\"><strong>Una visi\u00f3n cr\u00edtica sobre el cambio de paradigma<\/strong><\/h3>\n\n\n\n<p>Bajo la mirada de un analista, el panorama actual sugiere que el Super Bowl ya no es el \u00abjard\u00edn de juegos\u00bb obligatorio para cualquier fabricante. La decisi\u00f3n de muchas marcas de retirarse de la contienda publicitaria del gran juego no debe interpretarse como una crisis, sino como una evoluci\u00f3n hacia canales de comunicaci\u00f3n m\u00e1s segmentados. Los <strong>comerciales de autos del Super Bowl LX<\/strong> demostraron que la exclusividad ahora pesa m\u00e1s que la presencia masiva.<\/p>\n\n\n\n<p>Es un hecho que lanzar un video de 30 segundos ante 100 millones de personas es fascinante para el ego de una corporaci\u00f3n. A pesar de esto, la realidad de los datos muestra que los consumidores actuales buscan interacciones m\u00e1s profundas y menos ef\u00edmeras.&nbsp;<\/p>\n\n\n\n<p>Toyota y Volkswagen ganaron por abandono de sus rivales, pero tambi\u00e9n asumieron la carga de representar a toda una industria bajo un escrutinio feroz.&nbsp;<\/p>\n\n\n\n<p>El mensaje que nos queda es claro: en 2026, la potencia ya no se mide solo en caballos de fuerza, sino en la capacidad de justificar cada d\u00f3lar gastado ante una audiencia que tiene el control remoto en la mano y el tel\u00e9fono en la otra.<\/p>\n\n\n\n<h3 class=\"wp-block-heading\" id=\"h-el-futuro-de-la-publicidad-en-el-asfalto\"><strong>El futuro de la publicidad en el asfalto<\/strong><\/h3>\n\n\n\n<p>La pregunta que todos se hacen es si esta tendencia de reducci\u00f3n continuar\u00e1 en el Super Bowl LXI. Es probable que el costo por segundo siga subiendo, alejando incluso a las empresas m\u00e1s solventes.&nbsp;<\/p>\n\n\n\n<p>De esta manera, el evento podr\u00eda convertirse en una pasarela de industrias de consumo r\u00e1pido y servicios digitales, dejando a los autos como una pieza de colecci\u00f3n en el museo de la publicidad televisiva.<\/p>\n\n\n\n<p>Los <strong>comerciales de autos del Super Bowl LX<\/strong> marcaron un antes y un despu\u00e9s en la forma en que entendemos la relaci\u00f3n entre el deporte y los motores. Quienes esperaban un desfile interminable de camionetas y sedanes se quedaron con las ganas.<\/p>\n\n\n\n<h3 class=\"wp-block-heading\" id=\"h-vw-the-great-invitation-drivers-wanted-big-game-spot\"><strong>VW | The Great Invitation: Drivers wanted. | Big Game Spot\u00a0<\/strong><\/h3>\n\n\n\n<figure class=\"wp-block-embed is-type-video is-provider-youtube wp-block-embed-youtube wp-embed-aspect-16-9 wp-has-aspect-ratio\"><div class=\"wp-block-embed__wrapper\">\n<iframe title=\"VW | The Great Invitation: Drivers wanted. | Big Game Spot (Extended Cut)\u200b\" width=\"640\" height=\"360\" src=\"https:\/\/www.youtube.com\/embed\/uyE4IZDPdBg?feature=oembed\" frameborder=\"0\" allow=\"accelerometer; autoplay; clipboard-write; encrypted-media; gyroscope; picture-in-picture; web-share\" referrerpolicy=\"strict-origin-when-cross-origin\" allowfullscreen><\/iframe>\n<\/div><\/figure>\n\n\n\n<h3 class=\"wp-block-heading\" id=\"h-superhero-belt-toyota\"><strong>Superhero Belt | Toyota<\/strong><\/h3>\n\n\n\n<figure class=\"wp-block-embed is-type-video is-provider-youtube wp-block-embed-youtube wp-embed-aspect-16-9 wp-has-aspect-ratio\"><div class=\"wp-block-embed__wrapper\">\n<iframe title=\"Superhero Belt | Toyota\" width=\"640\" height=\"360\" src=\"https:\/\/www.youtube.com\/embed\/y5bJ612mUt8?feature=oembed\" frameborder=\"0\" allow=\"accelerometer; autoplay; clipboard-write; encrypted-media; gyroscope; picture-in-picture; web-share\" referrerpolicy=\"strict-origin-when-cross-origin\" allowfullscreen><\/iframe>\n<\/div><\/figure>\n\n\n\n<h3 class=\"wp-block-heading\" id=\"h-where-dreams-began-toyota-x-nfl\"><strong>Where Dreams Began | Toyota X NFL<\/strong><\/h3>\n\n\n\n<figure class=\"wp-block-embed is-type-video is-provider-youtube wp-block-embed-youtube wp-embed-aspect-16-9 wp-has-aspect-ratio\"><div class=\"wp-block-embed__wrapper\">\n<iframe title=\"Where Dreams Began | Toyota X NFL\" width=\"640\" height=\"360\" src=\"https:\/\/www.youtube.com\/embed\/qdK9PkvTC_c?feature=oembed\" frameborder=\"0\" allow=\"accelerometer; autoplay; clipboard-write; encrypted-media; gyroscope; picture-in-picture; web-share\" referrerpolicy=\"strict-origin-when-cross-origin\" allowfullscreen><\/iframe>\n<\/div><\/figure>\n","protected":false},"excerpt":{"rendered":"<p>Durante a\u00f1os, el domingo del Super Bowl fue la vitrina de cristal para que todas las marcas de autos presumieran sus caballos de fuerza. Este febrero de 2026, la historia se escribi\u00f3 con una pluma bastante m\u00e1s selectiva. Esa pregunta que retumba en las casas de millones de aficionados tiene una respuesta ligada a la [&hellip;]<\/p>\n","protected":false},"author":9,"featured_media":11923,"comment_status":"open","ping_status":"open","sticky":false,"template":"","format":"standard","meta":{"_acf_changed":false,"footnotes":""},"categories":[12],"tags":[210,197],"marcas":[178,241],"class_list":["post-11920","post","type-post","status-publish","format-standard","has-post-thumbnail","hentry","category-curiosidades","tag-consejos","tag-tips","marcas-toyota","marcas-volkswagen","cat-12-id"],"acf":[],"yoast_head":"<!-- This site is optimized with the Yoast SEO Premium plugin  - https:\/\/yoast.com\/wordpress\/plugins\/seo\/ -->\n<title>Estos son los comerciales de autos del Super Bowl LX 2026 - Autos<\/title>\n<meta name=\"description\" content=\"Un an\u00e1lisis sobre los comerciales de autos del Super Bowl LX. Por qu\u00e9 Toyota y Volkswagen fueron los \u00fanicos protagonistas\" \/>\n<meta name=\"robots\" content=\"index, follow, max-snippet:-1, max-image-preview:large, max-video-preview:-1\" \/>\n<link rel=\"canonical\" href=\"https:\/\/us.as.com\/autos\/curiosidades\/estos-son-los-comerciales-de-autos-del-super-bowl-lx-2026\/\" \/>\n<meta property=\"og:locale\" content=\"es_ES\" \/>\n<meta property=\"og:type\" content=\"article\" \/>\n<meta property=\"og:title\" content=\"Estos son los comerciales de autos del Super Bowl LX 2026 - Autos\" \/>\n<meta property=\"og:description\" content=\"Un an\u00e1lisis sobre los comerciales de autos del Super Bowl LX. Por qu\u00e9 Toyota y Volkswagen fueron los \u00fanicos protagonistas\" \/>\n<meta property=\"og:url\" content=\"https:\/\/us.as.com\/autos\/curiosidades\/estos-son-los-comerciales-de-autos-del-super-bowl-lx-2026\/\" \/>\n<meta property=\"og:site_name\" content=\"Autos\" \/>\n<meta property=\"article:published_time\" content=\"2026-02-09T17:34:05+00:00\" \/>\n<meta property=\"article:modified_time\" content=\"2026-02-09T17:34:06+00:00\" \/>\n<meta property=\"og:image\" content=\"https:\/\/us.as.com\/autos\/wp-content\/uploads\/2026\/02\/comerciales-de-autos-del-Super-Bowl-LX-2026-scaled.jpg\" \/>\n\t<meta property=\"og:image:width\" content=\"2560\" \/>\n\t<meta property=\"og:image:height\" content=\"1440\" \/>\n\t<meta property=\"og:image:type\" content=\"image\/jpeg\" \/>\n<meta name=\"author\" content=\"Luis Hern\u00e1ndez del Arco\" \/>\n<meta name=\"twitter:card\" content=\"summary_large_image\" \/>\n<meta name=\"twitter:creator\" content=\"@https:\/\/x.com\/ldelarco\" \/>\n<meta name=\"twitter:label1\" content=\"Escrito por\" \/>\n\t<meta name=\"twitter:data1\" content=\"Luis Hern\u00e1ndez del Arco\" \/>\n\t<meta name=\"twitter:label2\" content=\"Tiempo de lectura\" \/>\n\t<meta name=\"twitter:data2\" content=\"5 minutos\" \/>\n<script type=\"application\/ld+json\" class=\"yoast-schema-graph\">{\"@context\":\"https:\/\/schema.org\",\"@graph\":[{\"@type\":\"WebPage\",\"@id\":\"https:\/\/us.as.com\/autos\/curiosidades\/estos-son-los-comerciales-de-autos-del-super-bowl-lx-2026\/\",\"url\":\"https:\/\/us.as.com\/autos\/curiosidades\/estos-son-los-comerciales-de-autos-del-super-bowl-lx-2026\/\",\"name\":\"Estos son los comerciales de autos del Super Bowl LX 2026 - Autos\",\"isPartOf\":{\"@id\":\"https:\/\/us.as.com\/autos\/#website\"},\"primaryImageOfPage\":{\"@id\":\"https:\/\/us.as.com\/autos\/curiosidades\/estos-son-los-comerciales-de-autos-del-super-bowl-lx-2026\/#primaryimage\"},\"image\":{\"@id\":\"https:\/\/us.as.com\/autos\/curiosidades\/estos-son-los-comerciales-de-autos-del-super-bowl-lx-2026\/#primaryimage\"},\"thumbnailUrl\":\"https:\/\/us.as.com\/autos\/wp-content\/uploads\/2026\/02\/comerciales-de-autos-del-Super-Bowl-LX-2026-scaled.jpg\",\"datePublished\":\"2026-02-09T17:34:05+00:00\",\"dateModified\":\"2026-02-09T17:34:06+00:00\",\"author\":{\"@id\":\"https:\/\/us.as.com\/autos\/#\/schema\/person\/b59ded8d3d136c0f0f7adae8ab7f1712\"},\"description\":\"Un an\u00e1lisis sobre los comerciales de autos del Super Bowl LX. Por qu\u00e9 Toyota y Volkswagen fueron los \u00fanicos protagonistas\",\"inLanguage\":\"es\",\"potentialAction\":[{\"@type\":\"ReadAction\",\"target\":[\"https:\/\/us.as.com\/autos\/curiosidades\/estos-son-los-comerciales-de-autos-del-super-bowl-lx-2026\/\"]}]},{\"@type\":\"ImageObject\",\"inLanguage\":\"es\",\"@id\":\"https:\/\/us.as.com\/autos\/curiosidades\/estos-son-los-comerciales-de-autos-del-super-bowl-lx-2026\/#primaryimage\",\"url\":\"https:\/\/us.as.com\/autos\/wp-content\/uploads\/2026\/02\/comerciales-de-autos-del-Super-Bowl-LX-2026-scaled.jpg\",\"contentUrl\":\"https:\/\/us.as.com\/autos\/wp-content\/uploads\/2026\/02\/comerciales-de-autos-del-Super-Bowl-LX-2026-scaled.jpg\",\"width\":2560,\"height\":1440,\"caption\":\"comerciales de autos del Super Bowl LX 2026\"},{\"@type\":\"WebSite\",\"@id\":\"https:\/\/us.as.com\/autos\/#website\",\"url\":\"https:\/\/us.as.com\/autos\/\",\"name\":\"Autos\",\"description\":\"\",\"potentialAction\":[{\"@type\":\"SearchAction\",\"target\":{\"@type\":\"EntryPoint\",\"urlTemplate\":\"https:\/\/us.as.com\/autos\/?s={search_term_string}\"},\"query-input\":{\"@type\":\"PropertyValueSpecification\",\"valueRequired\":true,\"valueName\":\"search_term_string\"}}],\"inLanguage\":\"es\"},{\"@type\":\"Person\",\"@id\":\"https:\/\/us.as.com\/autos\/#\/schema\/person\/b59ded8d3d136c0f0f7adae8ab7f1712\",\"name\":\"Luis Hern\u00e1ndez del Arco\",\"image\":{\"@type\":\"ImageObject\",\"inLanguage\":\"es\",\"@id\":\"https:\/\/us.as.com\/autos\/#\/schema\/person\/image\/\",\"url\":\"https:\/\/secure.gravatar.com\/avatar\/c2b7262a4ee821aa4260ed5f07cfd999?s=96&d=mm&r=g\",\"contentUrl\":\"https:\/\/secure.gravatar.com\/avatar\/c2b7262a4ee821aa4260ed5f07cfd999?s=96&d=mm&r=g\",\"caption\":\"Luis Hern\u00e1ndez del Arco\"},\"sameAs\":[\"https:\/\/us.as.com\/autos\/\",\"https:\/\/www.instagram.com\/luisdelarcoh\",\"https:\/\/x.com\/https:\/\/x.com\/ldelarco\"],\"gender\":\"Hombre\",\"jobTitle\":\"Editor\",\"worksFor\":\"Grupo Prisa\",\"url\":\"https:\/\/us.as.com\/autos\/autor\/lhernandezd\/\"}]}<\/script>\n<meta property=\"og:video\" content=\"https:\/\/www.youtube.com\/embed\/uyE4IZDPdBg\" \/>\n<meta property=\"og:video:type\" content=\"text\/html\" \/>\n<meta property=\"og:video:duration\" content=\"92\" \/>\n<meta property=\"og:video:width\" content=\"480\" \/>\n<meta property=\"og:video:height\" content=\"270\" \/>\n<meta property=\"ya:ovs:adult\" content=\"false\" \/>\n<meta property=\"ya:ovs:upload_date\" content=\"2026-02-09T17:34:05+00:00\" \/>\n<meta property=\"ya:ovs:allow_embed\" content=\"true\" \/>\n<!-- \/ Yoast SEO Premium plugin. -->","yoast_head_json":{"title":"Estos son los comerciales de autos del Super Bowl LX 2026 - Autos","description":"Un an\u00e1lisis sobre los comerciales de autos del Super Bowl LX. Por qu\u00e9 Toyota y Volkswagen fueron los \u00fanicos protagonistas","robots":{"index":"index","follow":"follow","max-snippet":"max-snippet:-1","max-image-preview":"max-image-preview:large","max-video-preview":"max-video-preview:-1"},"canonical":"https:\/\/us.as.com\/autos\/curiosidades\/estos-son-los-comerciales-de-autos-del-super-bowl-lx-2026\/","og_locale":"es_ES","og_type":"article","og_title":"Estos son los comerciales de autos del Super Bowl LX 2026 - Autos","og_description":"Un an\u00e1lisis sobre los comerciales de autos del Super Bowl LX. Por qu\u00e9 Toyota y Volkswagen fueron los \u00fanicos protagonistas","og_url":"https:\/\/us.as.com\/autos\/curiosidades\/estos-son-los-comerciales-de-autos-del-super-bowl-lx-2026\/","og_site_name":"Autos","article_published_time":"2026-02-09T17:34:05+00:00","article_modified_time":"2026-02-09T17:34:06+00:00","og_image":[{"width":2560,"height":1440,"url":"https:\/\/us.as.com\/autos\/wp-content\/uploads\/2026\/02\/comerciales-de-autos-del-Super-Bowl-LX-2026-scaled.jpg","type":"image\/jpeg"}],"author":"Luis Hern\u00e1ndez del Arco","twitter_card":"summary_large_image","twitter_creator":"@https:\/\/x.com\/ldelarco","twitter_misc":{"Escrito por":"Luis Hern\u00e1ndez del Arco","Tiempo de lectura":"5 minutos"},"schema":{"@context":"https:\/\/schema.org","@graph":[{"@type":"WebPage","@id":"https:\/\/us.as.com\/autos\/curiosidades\/estos-son-los-comerciales-de-autos-del-super-bowl-lx-2026\/","url":"https:\/\/us.as.com\/autos\/curiosidades\/estos-son-los-comerciales-de-autos-del-super-bowl-lx-2026\/","name":"Estos son los comerciales de autos del Super Bowl LX 2026 - Autos","isPartOf":{"@id":"https:\/\/us.as.com\/autos\/#website"},"primaryImageOfPage":{"@id":"https:\/\/us.as.com\/autos\/curiosidades\/estos-son-los-comerciales-de-autos-del-super-bowl-lx-2026\/#primaryimage"},"image":{"@id":"https:\/\/us.as.com\/autos\/curiosidades\/estos-son-los-comerciales-de-autos-del-super-bowl-lx-2026\/#primaryimage"},"thumbnailUrl":"https:\/\/us.as.com\/autos\/wp-content\/uploads\/2026\/02\/comerciales-de-autos-del-Super-Bowl-LX-2026-scaled.jpg","datePublished":"2026-02-09T17:34:05+00:00","dateModified":"2026-02-09T17:34:06+00:00","author":{"@id":"https:\/\/us.as.com\/autos\/#\/schema\/person\/b59ded8d3d136c0f0f7adae8ab7f1712"},"description":"Un an\u00e1lisis sobre los comerciales de autos del Super Bowl LX. Por qu\u00e9 Toyota y Volkswagen fueron los \u00fanicos protagonistas","inLanguage":"es","potentialAction":[{"@type":"ReadAction","target":["https:\/\/us.as.com\/autos\/curiosidades\/estos-son-los-comerciales-de-autos-del-super-bowl-lx-2026\/"]}]},{"@type":"ImageObject","inLanguage":"es","@id":"https:\/\/us.as.com\/autos\/curiosidades\/estos-son-los-comerciales-de-autos-del-super-bowl-lx-2026\/#primaryimage","url":"https:\/\/us.as.com\/autos\/wp-content\/uploads\/2026\/02\/comerciales-de-autos-del-Super-Bowl-LX-2026-scaled.jpg","contentUrl":"https:\/\/us.as.com\/autos\/wp-content\/uploads\/2026\/02\/comerciales-de-autos-del-Super-Bowl-LX-2026-scaled.jpg","width":2560,"height":1440,"caption":"comerciales de autos del Super Bowl LX 2026"},{"@type":"WebSite","@id":"https:\/\/us.as.com\/autos\/#website","url":"https:\/\/us.as.com\/autos\/","name":"Autos","description":"","potentialAction":[{"@type":"SearchAction","target":{"@type":"EntryPoint","urlTemplate":"https:\/\/us.as.com\/autos\/?s={search_term_string}"},"query-input":{"@type":"PropertyValueSpecification","valueRequired":true,"valueName":"search_term_string"}}],"inLanguage":"es"},{"@type":"Person","@id":"https:\/\/us.as.com\/autos\/#\/schema\/person\/b59ded8d3d136c0f0f7adae8ab7f1712","name":"Luis Hern\u00e1ndez del Arco","image":{"@type":"ImageObject","inLanguage":"es","@id":"https:\/\/us.as.com\/autos\/#\/schema\/person\/image\/","url":"https:\/\/secure.gravatar.com\/avatar\/c2b7262a4ee821aa4260ed5f07cfd999?s=96&d=mm&r=g","contentUrl":"https:\/\/secure.gravatar.com\/avatar\/c2b7262a4ee821aa4260ed5f07cfd999?s=96&d=mm&r=g","caption":"Luis Hern\u00e1ndez del Arco"},"sameAs":["https:\/\/us.as.com\/autos\/","https:\/\/www.instagram.com\/luisdelarcoh","https:\/\/x.com\/https:\/\/x.com\/ldelarco"],"gender":"Hombre","jobTitle":"Editor","worksFor":"Grupo Prisa","url":"https:\/\/us.as.com\/autos\/autor\/lhernandezd\/"}]},"og_video":"https:\/\/www.youtube.com\/embed\/uyE4IZDPdBg","og_video_type":"text\/html","og_video_duration":"92","og_video_width":"480","og_video_height":"270","ya_ovs_adult":"false","ya_ovs_upload_date":"2026-02-09T17:34:05+00:00","ya_ovs_allow_embed":"true"},"amp_enabled":true,"_links":{"self":[{"href":"https:\/\/us.as.com\/autos\/wp-json\/wp\/v2\/posts\/11920","targetHints":{"allow":["GET"]}}],"collection":[{"href":"https:\/\/us.as.com\/autos\/wp-json\/wp\/v2\/posts"}],"about":[{"href":"https:\/\/us.as.com\/autos\/wp-json\/wp\/v2\/types\/post"}],"author":[{"embeddable":true,"href":"https:\/\/us.as.com\/autos\/wp-json\/wp\/v2\/users\/9"}],"replies":[{"embeddable":true,"href":"https:\/\/us.as.com\/autos\/wp-json\/wp\/v2\/comments?post=11920"}],"version-history":[{"count":2,"href":"https:\/\/us.as.com\/autos\/wp-json\/wp\/v2\/posts\/11920\/revisions"}],"predecessor-version":[{"id":11926,"href":"https:\/\/us.as.com\/autos\/wp-json\/wp\/v2\/posts\/11920\/revisions\/11926"}],"wp:featuredmedia":[{"embeddable":true,"href":"https:\/\/us.as.com\/autos\/wp-json\/wp\/v2\/media\/11923"}],"wp:attachment":[{"href":"https:\/\/us.as.com\/autos\/wp-json\/wp\/v2\/media?parent=11920"}],"wp:term":[{"taxonomy":"category","embeddable":true,"href":"https:\/\/us.as.com\/autos\/wp-json\/wp\/v2\/categories?post=11920"},{"taxonomy":"post_tag","embeddable":true,"href":"https:\/\/us.as.com\/autos\/wp-json\/wp\/v2\/tags?post=11920"},{"taxonomy":"marcas","embeddable":true,"href":"https:\/\/us.as.com\/autos\/wp-json\/wp\/v2\/marcas?post=11920"}],"curies":[{"name":"wp","href":"https:\/\/api.w.org\/{rel}","templated":true}]}}