{"id":11504,"date":"2026-01-05T19:43:41","date_gmt":"2026-01-05T18:43:41","guid":{"rendered":"https:\/\/us.as.com\/autos\/?p=11504"},"modified":"2026-01-05T19:43:42","modified_gmt":"2026-01-05T18:43:42","slug":"ram-power-wagon-2027-con-el-motor-diesel-que-todos-pedian","status":"publish","type":"post","link":"https:\/\/us.as.com\/autos\/marcas\/ram-power-wagon-2027-con-el-motor-diesel-que-todos-pedian\/","title":{"rendered":"Ram Power Wagon 2027 con el motor di\u00e9sel que todos ped\u00edan"},"content":{"rendered":"\n<p>Despu\u00e9s de que durante a\u00f1os, los foros de internet, los comentarios en YouTube y las pl\u00e1ticas de taller giraban en torno a la misma s\u00faplica: \u00ab\u00bfPor qu\u00e9 no le ponen el motor di\u00e9sel a la Power Wagon?\u00bb, esta espera ha terminado.&nbsp;<\/p>\n\n\n\n<p>Ram ha confirmado la <strong>Power Wagon 2027<\/strong> con el bloque Cummins turbo di\u00e9sel de alto rendimiento. Y no es cualquier configuraci\u00f3n; estamos hablando de cifras que marean.<\/p>\n\n\n\n<p>Este movimiento cambia las reglas del juego para quienes buscan una camioneta capaz de cruzar el desierto y, al mismo tiempo, remolcar una casa rodante de quinta rueda. Pero, \u00bfes todo tan perfecto como lo pinta el departamento de marketing? Vamos a desmenuzarlo.<\/p>\n\n\n\n<figure class=\"wp-block-image size-large\"><img decoding=\"async\" width=\"1024\" height=\"576\" src=\"https:\/\/us.as.com\/autos\/wp-content\/uploads\/2026\/01\/RM027_025TF-1024x576.jpg\" alt=\"Ram Power Wagon 2027\" class=\"wp-image-11509\" srcset=\"https:\/\/us.as.com\/autos\/wp-content\/uploads\/2026\/01\/RM027_025TF-1024x576.jpg 1024w, https:\/\/us.as.com\/autos\/wp-content\/uploads\/2026\/01\/RM027_025TF-300x169.jpg 300w, https:\/\/us.as.com\/autos\/wp-content\/uploads\/2026\/01\/RM027_025TF-768x432.jpg 768w, https:\/\/us.as.com\/autos\/wp-content\/uploads\/2026\/01\/RM027_025TF-1536x864.jpg 1536w, https:\/\/us.as.com\/autos\/wp-content\/uploads\/2026\/01\/RM027_025TF-2048x1152.jpg 2048w, https:\/\/us.as.com\/autos\/wp-content\/uploads\/2026\/01\/RM027_025TF-1200x675.jpg 1200w, https:\/\/us.as.com\/autos\/wp-content\/uploads\/2026\/01\/RM027_025TF-800x450.jpg 800w, https:\/\/us.as.com\/autos\/wp-content\/uploads\/2026\/01\/RM027_025TF-450x253.jpg 450w\" sizes=\"(max-width: 1024px) 100vw, 1024px\" \/><\/figure>\n\n\n\n<h3 class=\"wp-block-heading\" id=\"h-cummins-y-off-road\"><strong>Cummins y Off-Road<\/strong><\/h3>\n\n\n\n<p>La gran noticia no es solo la presencia del motor, sino la configuraci\u00f3n espec\u00edfica. El bloque de seis cilindros en l\u00ednea de 6.7 litros entrega 430 hp. Eso suena bien, pero lo que realmente importa en el mundo de las <em>Heavy Duty<\/em> es el torque. Aqu\u00ed tenemos <strong>1,075 libras-pie de torque<\/strong>, la mejor cifra en su clase para un motor di\u00e9sel base.<\/p>\n\n\n\n<p>Antes, la Power Wagon estaba limitada al motor de gasolina HEMI, que es excelente, pero carece de esa patada incesante a bajas revoluciones que solo el di\u00e9sel ofrece. Ram no solo transplant\u00f3 el motor; reforzaron todo el tren motriz.<\/p>\n\n\n\n<p>El eje trasero ahora cuenta con una relaci\u00f3n de 3.42, acoplado a la transmisi\u00f3n autom\u00e1tica de ocho velocidades TorqueFlite HD. Esta combinaci\u00f3n busca un equilibrio dif\u00edcil: fuerza bruta para arrancar con carga pesada y, sorprendentemente, una reducci\u00f3n de ruido y consumo en carretera.&nbsp;<\/p>\n\n\n\n<p>Con un tanque de 31 galones, la marca estima un rango de 600 millas. Eso es oro puro para los aventureros que odian cargar bidones extra de combustible.<\/p>\n\n\n\n<figure class=\"wp-block-image size-large\"><img decoding=\"async\" width=\"1024\" height=\"576\" src=\"https:\/\/us.as.com\/autos\/wp-content\/uploads\/2026\/01\/RM027_002TF-1024x576.jpg\" alt=\"Ram Power Wagon 2027\" class=\"wp-image-11507\" srcset=\"https:\/\/us.as.com\/autos\/wp-content\/uploads\/2026\/01\/RM027_002TF-1024x576.jpg 1024w, https:\/\/us.as.com\/autos\/wp-content\/uploads\/2026\/01\/RM027_002TF-300x169.jpg 300w, https:\/\/us.as.com\/autos\/wp-content\/uploads\/2026\/01\/RM027_002TF-768x432.jpg 768w, https:\/\/us.as.com\/autos\/wp-content\/uploads\/2026\/01\/RM027_002TF-1536x864.jpg 1536w, https:\/\/us.as.com\/autos\/wp-content\/uploads\/2026\/01\/RM027_002TF-1200x675.jpg 1200w, https:\/\/us.as.com\/autos\/wp-content\/uploads\/2026\/01\/RM027_002TF-800x450.jpg 800w, https:\/\/us.as.com\/autos\/wp-content\/uploads\/2026\/01\/RM027_002TF-450x253.jpg 450w, https:\/\/us.as.com\/autos\/wp-content\/uploads\/2026\/01\/RM027_002TF.jpg 2000w\" sizes=\"(max-width: 1024px) 100vw, 1024px\" \/><\/figure>\n\n\n\n<h3 class=\"wp-block-heading\" id=\"h-rompiendo-mitos-sobre-la-capacidad-de-carga\"><strong>Rompiendo mitos sobre la capacidad de carga<\/strong><\/h3>\n\n\n\n<p>Uno de los puntos d\u00e9biles hist\u00f3ricos de la Power Wagon era su capacidad de remolque y carga, sacrificada en el altar de la suspensi\u00f3n articulada. La nueva iteraci\u00f3n di\u00e9sel promete corregir esto. Ahora presume una capacidad de remolque de casi 20,000 libras.<\/p>\n\n\n\n<p>Para lograr esto sin perder su habilidad de \u00abgato mont\u00e9s\u00bb, Ram mantuvo los diferenciales de bloqueo electr\u00f3nico delanteros y traseros, pero a\u00f1adi\u00f3 algo crucial: la preparaci\u00f3n para quinta rueda y cuello de ganso (<em>gooseneck<\/em>). Esta caracter\u00edstica es vital para quienes buscan llevar remolques de trabajo pesado o campers grandes con total seguridad.<\/p>\n\n\n\n<p>La suspensi\u00f3n trasera de cinco brazos con resortes helicoidales sigue ah\u00ed, pero reforzada. Incluso ofrecen una suspensi\u00f3n neum\u00e1tica de nivelaci\u00f3n autom\u00e1tica. Esto significa que puedes enganchar un remolque pesado y la camioneta no se sentar\u00e1 de atr\u00e1s, manteniendo la geometr\u00eda correcta para que las luces apunten a la carretera y no a las copas de los \u00e1rboles.<\/p>\n\n\n\n<figure class=\"wp-block-image size-large\"><img decoding=\"async\" width=\"1024\" height=\"576\" src=\"https:\/\/us.as.com\/autos\/wp-content\/uploads\/2026\/01\/RM027_004TF-1024x576.jpg\" alt=\"Ram Power Wagon 2027\" class=\"wp-image-11505\" srcset=\"https:\/\/us.as.com\/autos\/wp-content\/uploads\/2026\/01\/RM027_004TF-1024x576.jpg 1024w, https:\/\/us.as.com\/autos\/wp-content\/uploads\/2026\/01\/RM027_004TF-300x169.jpg 300w, https:\/\/us.as.com\/autos\/wp-content\/uploads\/2026\/01\/RM027_004TF-768x432.jpg 768w, https:\/\/us.as.com\/autos\/wp-content\/uploads\/2026\/01\/RM027_004TF-1536x864.jpg 1536w, https:\/\/us.as.com\/autos\/wp-content\/uploads\/2026\/01\/RM027_004TF-1200x675.jpg 1200w, https:\/\/us.as.com\/autos\/wp-content\/uploads\/2026\/01\/RM027_004TF-800x450.jpg 800w, https:\/\/us.as.com\/autos\/wp-content\/uploads\/2026\/01\/RM027_004TF-450x253.jpg 450w, https:\/\/us.as.com\/autos\/wp-content\/uploads\/2026\/01\/RM027_004TF.jpg 2000w\" sizes=\"(max-width: 1024px) 100vw, 1024px\" \/><\/figure>\n\n\n\n<h3 class=\"wp-block-heading\" id=\"h-ram-power-wagon-2027-vale-la-pena-el-precio-de-entrada\"><strong>Ram Power Wagon 2027: \u00bfVale la pena el precio de entrada?<\/strong><\/h3>\n\n\n\n<p>Aqu\u00ed entramos en terreno pantanoso. El precio inicial es de <strong>$88,470 d\u00f3lares<\/strong>. Estamos hablando de una cifra que hace unos a\u00f1os correspond\u00eda a un superdeportivo, no a una herramienta de trabajo. Claro, el interior es el m\u00e1s lujoso del segmento, con esa pantalla Uconnect 5 de 14.5 pulgadas que parece una televisi\u00f3n y acabados en cuero que huelen a \u00e9xito.<\/p>\n\n\n\n<p>El dilema surge al pensar en el uso real. Si se va a usar para ir al supermercado, es un desperdicio de ingenier\u00eda y dinero. Esta camioneta pide a gritos ser maltratada, rayada con ramas y cubierta de polvo. Pagar casi 90,000 d\u00f3lares para tener miedo de ensuciarla es una contradicci\u00f3n.<\/p>\n\n\n\n<p>Muchos compradores potenciales est\u00e1n evaluando sus opciones. Con la llegada de la <strong>Ram Power Wagon 2027<\/strong>, la discusi\u00f3n sobre el valor real se intensifica. Invertir tal cantidad requiere certeza de que el veh\u00edculo podr\u00e1 cumplir con las exigencias extremas, y un cami\u00f3n di\u00e9sel de estas caracter\u00edsticas suele ser muy cotizado por su durabilidad a largo plazo.<\/p>\n\n\n\n<figure class=\"wp-block-image size-large\"><img decoding=\"async\" width=\"1024\" height=\"576\" src=\"https:\/\/us.as.com\/autos\/wp-content\/uploads\/2026\/01\/RM027_021TF-1024x576.jpg\" alt=\"Ram Power Wagon 2027\" class=\"wp-image-11506\" srcset=\"https:\/\/us.as.com\/autos\/wp-content\/uploads\/2026\/01\/RM027_021TF-1024x576.jpg 1024w, https:\/\/us.as.com\/autos\/wp-content\/uploads\/2026\/01\/RM027_021TF-300x169.jpg 300w, https:\/\/us.as.com\/autos\/wp-content\/uploads\/2026\/01\/RM027_021TF-768x432.jpg 768w, https:\/\/us.as.com\/autos\/wp-content\/uploads\/2026\/01\/RM027_021TF-1536x864.jpg 1536w, https:\/\/us.as.com\/autos\/wp-content\/uploads\/2026\/01\/RM027_021TF-1200x675.jpg 1200w, https:\/\/us.as.com\/autos\/wp-content\/uploads\/2026\/01\/RM027_021TF-800x450.jpg 800w, https:\/\/us.as.com\/autos\/wp-content\/uploads\/2026\/01\/RM027_021TF-450x253.jpg 450w, https:\/\/us.as.com\/autos\/wp-content\/uploads\/2026\/01\/RM027_021TF.jpg 2000w\" sizes=\"(max-width: 1024px) 100vw, 1024px\" \/><\/figure>\n\n\n\n<h3 class=\"wp-block-heading\" id=\"h-tecnologia-que-justifica-en-parte-el-costo\"><strong>Tecnolog\u00eda que justifica (en parte) el costo<\/strong><\/h3>\n\n\n\n<p>Ram no escatim\u00f3 en <em>gadgets<\/em>. La barra estabilizadora delantera se desconecta electr\u00f3nicamente, permitiendo una articulaci\u00f3n que dejar\u00eda en rid\u00edculo a muchas SUVs modificadas. Los amortiguadores Bilstein monotubo vienen de serie. Pero lo que realmente llama la atenci\u00f3n son las asistencias de remolque.<\/p>\n\n\n\n<p>El sistema de c\u00e1maras de 360 grados y la gu\u00eda de reversa para remolque son herramientas que, una vez que las pruebas, no quieres dejar. El espejo retrovisor digital 3.0 es otro acierto, especialmente cuando llevas la cabina llena de carga hasta el techo.<\/p>\n\n\n\n<p>Es interesante notar c\u00f3mo la tecnolog\u00eda se ha infiltrado en lo que antes era pura mec\u00e1nica. Los ejes, fabricados por American Axle Manufacturing, son robustos (11.5 pulgadas atr\u00e1s), pero dependen de actuadores electromagn\u00e9ticos para los bloqueos.&nbsp;<\/p>\n\n\n\n<p>La fiabilidad electr\u00f3nica a largo plazo ser\u00e1 algo a vigilar en la <strong>Ram Power Wagon 2027<\/strong>, especialmente para aquellos que planean usarla en zonas rurales donde el acceso a reparaciones complejas es limitado.<\/p>\n\n\n\n<figure class=\"wp-block-image size-large\"><img decoding=\"async\" width=\"1024\" height=\"576\" src=\"https:\/\/us.as.com\/autos\/wp-content\/uploads\/2026\/01\/RM027_008TF-1024x576.jpg\" alt=\"\" class=\"wp-image-11508\" srcset=\"https:\/\/us.as.com\/autos\/wp-content\/uploads\/2026\/01\/RM027_008TF-1024x576.jpg 1024w, https:\/\/us.as.com\/autos\/wp-content\/uploads\/2026\/01\/RM027_008TF-300x169.jpg 300w, https:\/\/us.as.com\/autos\/wp-content\/uploads\/2026\/01\/RM027_008TF-768x432.jpg 768w, https:\/\/us.as.com\/autos\/wp-content\/uploads\/2026\/01\/RM027_008TF-1536x864.jpg 1536w, https:\/\/us.as.com\/autos\/wp-content\/uploads\/2026\/01\/RM027_008TF-1200x675.jpg 1200w, https:\/\/us.as.com\/autos\/wp-content\/uploads\/2026\/01\/RM027_008TF-800x450.jpg 800w, https:\/\/us.as.com\/autos\/wp-content\/uploads\/2026\/01\/RM027_008TF-450x253.jpg 450w, https:\/\/us.as.com\/autos\/wp-content\/uploads\/2026\/01\/RM027_008TF.jpg 2000w\" sizes=\"(max-width: 1024px) 100vw, 1024px\" \/><\/figure>\n\n\n\n<h3 class=\"wp-block-heading\" id=\"h-una-pickup-fuera-de-serie\"><strong>Una pickup fuera de serie<\/strong><\/h3>\n\n\n\n<p>Esta <strong>Ram Power Wagon 2027<\/strong> con motor Cummins es, sin duda, la respuesta a una plegaria colectiva. Tiene la potencia, tiene el torque y, por fin, tiene la capacidad de remolque que el nombre \u00abHeavy Duty\u00bb exige.<\/p>\n\n\n\n<p>El peso extra del motor di\u00e9sel sobre el eje delantero podr\u00eda afectar ligeramente la agilidad en dunas de arena muy blanda comparada con la versi\u00f3n de gasolina, m\u00e1s ligera. Es f\u00edsica simple. Pero para el 99% de las situaciones \u2014rocas, lodo, nieve y arrastre\u2014, el di\u00e9sel es superior.<\/p>\n\n\n\n<p>Si se est\u00e1 considerando comprar una <strong>Ram Power Wagon 2027<\/strong>, tener en cuenta que el sistema de DEF (l\u00edquido de escape di\u00e9sel) y los filtros de part\u00edculas requieren mantenimiento riguroso y di\u00e9sel de ultra bajo azufre, que afortunadamente ya es est\u00e1ndar en la mayor\u00eda de las gasolineras principales.<\/p>\n\n\n\n<p>Ram ha creado un veh\u00edculo que elimina la necesidad de elegir entre una camioneta de trabajo pesado y una todoterreno pura. Ahora se puede tener ambas, siempre y cuando tu cuenta bancaria lo soporte. Es excesiva, es enorme y es costosa. Exactamente lo que los fan\u00e1ticos de Ram adoran.<\/p>\n\n\n\n<h3 class=\"wp-block-heading\" id=\"h-ficha-tecnica-ram-power-wagon-2027\"><strong>Ficha t\u00e9cnica: Ram Power Wagon 2027<\/strong><\/h3>\n\n\n\n<ul class=\"wp-block-list\">\n<li><strong>Motor:<\/strong> 6.7L Cummins High-Output Turbo Diesel I-6<\/li>\n\n\n\n<li><strong>Potencia:<\/strong> 430 HP<\/li>\n\n\n\n<li><strong>Torque:<\/strong> 1,075 lb-pie<\/li>\n\n\n\n<li><strong>Transmisi\u00f3n:<\/strong> TorqueFlite 8HP75 ocho velocidades autom\u00e1tica<\/li>\n\n\n\n<li><strong>Ejes:<\/strong> American Axle (9.25&#8243; frente \/ 11.5&#8243; atr\u00e1s) con relaci\u00f3n 3.42<\/li>\n\n\n\n<li><strong>Suspensi\u00f3n:<\/strong> Articulink (frente) \/ 5-link coil (atr\u00e1s) + Amortiguadores Bilstein<\/li>\n\n\n\n<li><strong>Diferenciales:<\/strong> Bloqueo electr\u00f3nico delantero y trasero (Tru-Lok)<\/li>\n\n\n\n<li><strong>Llantas:<\/strong> 34 pulgadas All-Terrain en rines de 20 pulgadas<\/li>\n\n\n\n<li><strong>Remolque M\u00e1x.:<\/strong> ~20,000 lbs<\/li>\n\n\n\n<li><strong>Carga M\u00e1x.:<\/strong> ~3,000 lbs<\/li>\n\n\n\n<li><strong>Disponibilidad:<\/strong> Segunda mitad de 2026<\/li>\n<\/ul>\n","protected":false},"excerpt":{"rendered":"<p>Despu\u00e9s de que durante a\u00f1os, los foros de internet, los comentarios en YouTube y las pl\u00e1ticas de taller giraban en torno a la misma s\u00faplica: \u00ab\u00bfPor qu\u00e9 no le ponen el motor di\u00e9sel a la Power Wagon?\u00bb, esta espera ha terminado.&nbsp; Ram ha confirmado la Power Wagon 2027 con el bloque Cummins turbo di\u00e9sel de [&hellip;]<\/p>\n","protected":false},"author":9,"featured_media":11510,"comment_status":"open","ping_status":"open","sticky":false,"template":"","format":"standard","meta":{"_acf_changed":false,"footnotes":""},"categories":[166],"tags":[176,175],"marcas":[233],"class_list":["post-11504","post","type-post","status-publish","format-standard","has-post-thumbnail","hentry","category-marcas","tag-camionetas","tag-pickups","marcas-ram","cat-166-id"],"acf":[],"yoast_head":"<!-- This site is optimized with the Yoast SEO Premium plugin  - https:\/\/yoast.com\/wordpress\/plugins\/seo\/ -->\n<title>Ram Power Wagon 2027 con el motor di\u00e9sel que todos ped\u00edan - Autos<\/title>\n<meta name=\"description\" content=\"An\u00e1lisis cr\u00edtico de la nueva Ram Power Wagon 2027 con motor Cummins. Descubre si vale la pena la inversi\u00f3n y si esta bestia del torque\" \/>\n<meta name=\"robots\" content=\"index, follow, max-snippet:-1, max-image-preview:large, max-video-preview:-1\" \/>\n<link rel=\"canonical\" href=\"https:\/\/us.as.com\/autos\/marcas\/ram-power-wagon-2027-con-el-motor-diesel-que-todos-pedian\/\" \/>\n<meta property=\"og:locale\" content=\"es_ES\" \/>\n<meta property=\"og:type\" content=\"article\" \/>\n<meta property=\"og:title\" content=\"Ram Power Wagon 2027 con el motor di\u00e9sel que todos ped\u00edan - Autos\" \/>\n<meta property=\"og:description\" content=\"An\u00e1lisis cr\u00edtico de la nueva Ram Power Wagon 2027 con motor Cummins. Descubre si vale la pena la inversi\u00f3n y si esta bestia del torque\" \/>\n<meta property=\"og:url\" content=\"https:\/\/us.as.com\/autos\/marcas\/ram-power-wagon-2027-con-el-motor-diesel-que-todos-pedian\/\" \/>\n<meta property=\"og:site_name\" content=\"Autos\" \/>\n<meta property=\"article:published_time\" content=\"2026-01-05T18:43:41+00:00\" \/>\n<meta property=\"article:modified_time\" content=\"2026-01-05T18:43:42+00:00\" \/>\n<meta property=\"og:image\" content=\"https:\/\/us.as.com\/autos\/wp-content\/uploads\/2026\/01\/Ram-Power-Wagon-2027.jpg\" \/>\n\t<meta property=\"og:image:width\" content=\"1735\" \/>\n\t<meta property=\"og:image:height\" content=\"976\" \/>\n\t<meta property=\"og:image:type\" content=\"image\/jpeg\" \/>\n<meta name=\"author\" content=\"Luis Hern\u00e1ndez del Arco\" \/>\n<meta name=\"twitter:card\" content=\"summary_large_image\" \/>\n<meta name=\"twitter:creator\" content=\"@https:\/\/x.com\/ldelarco\" \/>\n<meta name=\"twitter:label1\" content=\"Escrito por\" \/>\n\t<meta name=\"twitter:data1\" content=\"Luis Hern\u00e1ndez del Arco\" \/>\n\t<meta name=\"twitter:label2\" content=\"Tiempo de lectura\" \/>\n\t<meta name=\"twitter:data2\" content=\"6 minutos\" \/>\n<script type=\"application\/ld+json\" class=\"yoast-schema-graph\">{\"@context\":\"https:\/\/schema.org\",\"@graph\":[{\"@type\":\"WebPage\",\"@id\":\"https:\/\/us.as.com\/autos\/marcas\/ram-power-wagon-2027-con-el-motor-diesel-que-todos-pedian\/\",\"url\":\"https:\/\/us.as.com\/autos\/marcas\/ram-power-wagon-2027-con-el-motor-diesel-que-todos-pedian\/\",\"name\":\"Ram Power Wagon 2027 con el motor di\u00e9sel que todos ped\u00edan - Autos\",\"isPartOf\":{\"@id\":\"https:\/\/us.as.com\/autos\/#website\"},\"primaryImageOfPage\":{\"@id\":\"https:\/\/us.as.com\/autos\/marcas\/ram-power-wagon-2027-con-el-motor-diesel-que-todos-pedian\/#primaryimage\"},\"image\":{\"@id\":\"https:\/\/us.as.com\/autos\/marcas\/ram-power-wagon-2027-con-el-motor-diesel-que-todos-pedian\/#primaryimage\"},\"thumbnailUrl\":\"https:\/\/us.as.com\/autos\/wp-content\/uploads\/2026\/01\/Ram-Power-Wagon-2027.jpg\",\"datePublished\":\"2026-01-05T18:43:41+00:00\",\"dateModified\":\"2026-01-05T18:43:42+00:00\",\"author\":{\"@id\":\"https:\/\/us.as.com\/autos\/#\/schema\/person\/b59ded8d3d136c0f0f7adae8ab7f1712\"},\"description\":\"An\u00e1lisis cr\u00edtico de la nueva Ram Power Wagon 2027 con motor Cummins. Descubre si vale la pena la inversi\u00f3n y si esta bestia del torque\",\"inLanguage\":\"es\",\"potentialAction\":[{\"@type\":\"ReadAction\",\"target\":[\"https:\/\/us.as.com\/autos\/marcas\/ram-power-wagon-2027-con-el-motor-diesel-que-todos-pedian\/\"]}]},{\"@type\":\"ImageObject\",\"inLanguage\":\"es\",\"@id\":\"https:\/\/us.as.com\/autos\/marcas\/ram-power-wagon-2027-con-el-motor-diesel-que-todos-pedian\/#primaryimage\",\"url\":\"https:\/\/us.as.com\/autos\/wp-content\/uploads\/2026\/01\/Ram-Power-Wagon-2027.jpg\",\"contentUrl\":\"https:\/\/us.as.com\/autos\/wp-content\/uploads\/2026\/01\/Ram-Power-Wagon-2027.jpg\",\"width\":1735,\"height\":976,\"caption\":\"Ram Power Wagon 2027\"},{\"@type\":\"WebSite\",\"@id\":\"https:\/\/us.as.com\/autos\/#website\",\"url\":\"https:\/\/us.as.com\/autos\/\",\"name\":\"Autos\",\"description\":\"\",\"potentialAction\":[{\"@type\":\"SearchAction\",\"target\":{\"@type\":\"EntryPoint\",\"urlTemplate\":\"https:\/\/us.as.com\/autos\/?s={search_term_string}\"},\"query-input\":{\"@type\":\"PropertyValueSpecification\",\"valueRequired\":true,\"valueName\":\"search_term_string\"}}],\"inLanguage\":\"es\"},{\"@type\":\"Person\",\"@id\":\"https:\/\/us.as.com\/autos\/#\/schema\/person\/b59ded8d3d136c0f0f7adae8ab7f1712\",\"name\":\"Luis Hern\u00e1ndez del Arco\",\"image\":{\"@type\":\"ImageObject\",\"inLanguage\":\"es\",\"@id\":\"https:\/\/us.as.com\/autos\/#\/schema\/person\/image\/\",\"url\":\"https:\/\/secure.gravatar.com\/avatar\/c2b7262a4ee821aa4260ed5f07cfd999?s=96&d=mm&r=g\",\"contentUrl\":\"https:\/\/secure.gravatar.com\/avatar\/c2b7262a4ee821aa4260ed5f07cfd999?s=96&d=mm&r=g\",\"caption\":\"Luis Hern\u00e1ndez del Arco\"},\"sameAs\":[\"https:\/\/us.as.com\/autos\/\",\"https:\/\/www.instagram.com\/luisdelarcoh\",\"https:\/\/x.com\/https:\/\/x.com\/ldelarco\"],\"gender\":\"Hombre\",\"jobTitle\":\"Editor\",\"worksFor\":\"Grupo Prisa\",\"url\":\"https:\/\/us.as.com\/autos\/autor\/lhernandezd\/\"}]}<\/script>\n<!-- \/ Yoast SEO Premium plugin. -->","yoast_head_json":{"title":"Ram Power Wagon 2027 con el motor di\u00e9sel que todos ped\u00edan - Autos","description":"An\u00e1lisis cr\u00edtico de la nueva Ram Power Wagon 2027 con motor Cummins. Descubre si vale la pena la inversi\u00f3n y si esta bestia del torque","robots":{"index":"index","follow":"follow","max-snippet":"max-snippet:-1","max-image-preview":"max-image-preview:large","max-video-preview":"max-video-preview:-1"},"canonical":"https:\/\/us.as.com\/autos\/marcas\/ram-power-wagon-2027-con-el-motor-diesel-que-todos-pedian\/","og_locale":"es_ES","og_type":"article","og_title":"Ram Power Wagon 2027 con el motor di\u00e9sel que todos ped\u00edan - Autos","og_description":"An\u00e1lisis cr\u00edtico de la nueva Ram Power Wagon 2027 con motor Cummins. Descubre si vale la pena la inversi\u00f3n y si esta bestia del torque","og_url":"https:\/\/us.as.com\/autos\/marcas\/ram-power-wagon-2027-con-el-motor-diesel-que-todos-pedian\/","og_site_name":"Autos","article_published_time":"2026-01-05T18:43:41+00:00","article_modified_time":"2026-01-05T18:43:42+00:00","og_image":[{"width":1735,"height":976,"url":"https:\/\/us.as.com\/autos\/wp-content\/uploads\/2026\/01\/Ram-Power-Wagon-2027.jpg","type":"image\/jpeg"}],"author":"Luis Hern\u00e1ndez del Arco","twitter_card":"summary_large_image","twitter_creator":"@https:\/\/x.com\/ldelarco","twitter_misc":{"Escrito por":"Luis Hern\u00e1ndez del Arco","Tiempo de lectura":"6 minutos"},"schema":{"@context":"https:\/\/schema.org","@graph":[{"@type":"WebPage","@id":"https:\/\/us.as.com\/autos\/marcas\/ram-power-wagon-2027-con-el-motor-diesel-que-todos-pedian\/","url":"https:\/\/us.as.com\/autos\/marcas\/ram-power-wagon-2027-con-el-motor-diesel-que-todos-pedian\/","name":"Ram Power Wagon 2027 con el motor di\u00e9sel que todos ped\u00edan - Autos","isPartOf":{"@id":"https:\/\/us.as.com\/autos\/#website"},"primaryImageOfPage":{"@id":"https:\/\/us.as.com\/autos\/marcas\/ram-power-wagon-2027-con-el-motor-diesel-que-todos-pedian\/#primaryimage"},"image":{"@id":"https:\/\/us.as.com\/autos\/marcas\/ram-power-wagon-2027-con-el-motor-diesel-que-todos-pedian\/#primaryimage"},"thumbnailUrl":"https:\/\/us.as.com\/autos\/wp-content\/uploads\/2026\/01\/Ram-Power-Wagon-2027.jpg","datePublished":"2026-01-05T18:43:41+00:00","dateModified":"2026-01-05T18:43:42+00:00","author":{"@id":"https:\/\/us.as.com\/autos\/#\/schema\/person\/b59ded8d3d136c0f0f7adae8ab7f1712"},"description":"An\u00e1lisis cr\u00edtico de la nueva Ram Power Wagon 2027 con motor Cummins. Descubre si vale la pena la inversi\u00f3n y si esta bestia del torque","inLanguage":"es","potentialAction":[{"@type":"ReadAction","target":["https:\/\/us.as.com\/autos\/marcas\/ram-power-wagon-2027-con-el-motor-diesel-que-todos-pedian\/"]}]},{"@type":"ImageObject","inLanguage":"es","@id":"https:\/\/us.as.com\/autos\/marcas\/ram-power-wagon-2027-con-el-motor-diesel-que-todos-pedian\/#primaryimage","url":"https:\/\/us.as.com\/autos\/wp-content\/uploads\/2026\/01\/Ram-Power-Wagon-2027.jpg","contentUrl":"https:\/\/us.as.com\/autos\/wp-content\/uploads\/2026\/01\/Ram-Power-Wagon-2027.jpg","width":1735,"height":976,"caption":"Ram Power Wagon 2027"},{"@type":"WebSite","@id":"https:\/\/us.as.com\/autos\/#website","url":"https:\/\/us.as.com\/autos\/","name":"Autos","description":"","potentialAction":[{"@type":"SearchAction","target":{"@type":"EntryPoint","urlTemplate":"https:\/\/us.as.com\/autos\/?s={search_term_string}"},"query-input":{"@type":"PropertyValueSpecification","valueRequired":true,"valueName":"search_term_string"}}],"inLanguage":"es"},{"@type":"Person","@id":"https:\/\/us.as.com\/autos\/#\/schema\/person\/b59ded8d3d136c0f0f7adae8ab7f1712","name":"Luis Hern\u00e1ndez del Arco","image":{"@type":"ImageObject","inLanguage":"es","@id":"https:\/\/us.as.com\/autos\/#\/schema\/person\/image\/","url":"https:\/\/secure.gravatar.com\/avatar\/c2b7262a4ee821aa4260ed5f07cfd999?s=96&d=mm&r=g","contentUrl":"https:\/\/secure.gravatar.com\/avatar\/c2b7262a4ee821aa4260ed5f07cfd999?s=96&d=mm&r=g","caption":"Luis Hern\u00e1ndez del Arco"},"sameAs":["https:\/\/us.as.com\/autos\/","https:\/\/www.instagram.com\/luisdelarcoh","https:\/\/x.com\/https:\/\/x.com\/ldelarco"],"gender":"Hombre","jobTitle":"Editor","worksFor":"Grupo Prisa","url":"https:\/\/us.as.com\/autos\/autor\/lhernandezd\/"}]}},"amp_enabled":true,"_links":{"self":[{"href":"https:\/\/us.as.com\/autos\/wp-json\/wp\/v2\/posts\/11504","targetHints":{"allow":["GET"]}}],"collection":[{"href":"https:\/\/us.as.com\/autos\/wp-json\/wp\/v2\/posts"}],"about":[{"href":"https:\/\/us.as.com\/autos\/wp-json\/wp\/v2\/types\/post"}],"author":[{"embeddable":true,"href":"https:\/\/us.as.com\/autos\/wp-json\/wp\/v2\/users\/9"}],"replies":[{"embeddable":true,"href":"https:\/\/us.as.com\/autos\/wp-json\/wp\/v2\/comments?post=11504"}],"version-history":[{"count":1,"href":"https:\/\/us.as.com\/autos\/wp-json\/wp\/v2\/posts\/11504\/revisions"}],"predecessor-version":[{"id":11511,"href":"https:\/\/us.as.com\/autos\/wp-json\/wp\/v2\/posts\/11504\/revisions\/11511"}],"wp:featuredmedia":[{"embeddable":true,"href":"https:\/\/us.as.com\/autos\/wp-json\/wp\/v2\/media\/11510"}],"wp:attachment":[{"href":"https:\/\/us.as.com\/autos\/wp-json\/wp\/v2\/media?parent=11504"}],"wp:term":[{"taxonomy":"category","embeddable":true,"href":"https:\/\/us.as.com\/autos\/wp-json\/wp\/v2\/categories?post=11504"},{"taxonomy":"post_tag","embeddable":true,"href":"https:\/\/us.as.com\/autos\/wp-json\/wp\/v2\/tags?post=11504"},{"taxonomy":"marcas","embeddable":true,"href":"https:\/\/us.as.com\/autos\/wp-json\/wp\/v2\/marcas?post=11504"}],"curies":[{"name":"wp","href":"https:\/\/api.w.org\/{rel}","templated":true}]}}