{"id":11351,"date":"2025-12-18T22:21:52","date_gmt":"2025-12-18T21:21:52","guid":{"rendered":"https:\/\/us.as.com\/autos\/?p=11351"},"modified":"2025-12-18T22:25:50","modified_gmt":"2025-12-18T21:25:50","slug":"mercedes-benz-cla-hybrid-por-que-es-mucho-mas-que-un-baby-benz","status":"publish","type":"post","link":"https:\/\/us.as.com\/autos\/marcas\/mercedes-benz-cla-hybrid-por-que-es-mucho-mas-que-un-baby-benz\/","title":{"rendered":"Mercedes-Benz CLA Hybrid: Por qu\u00e9 es mucho m\u00e1s que un \u00abbaby Benz\u00bb"},"content":{"rendered":"\n<p>El mercado automotriz vive una transformaci\u00f3n curiosa. Mientras los SUVs siguen dominando las ventas, existe un hambre real por autos compactos que no sacrifiquen tecnolog\u00eda ni potencia, pero que entiendan la necesidad de eficiencia.&nbsp;<\/p>\n\n\n\n<p>Aqu\u00ed entra en juego el nuevo <strong>Mercedes-Benz CLA Hybrid<\/strong>, un veh\u00edculo que llega no solo para actualizar una l\u00ednea de dise\u00f1o, sino para demostrar que la hibridaci\u00f3n ligera (Mild-Hybrid) puede sentirse como algo mucho m\u00e1s sustancial.<\/p>\n\n\n\n<p>Olvidemos por un momento las fichas t\u00e9cnicas aburridas. Lo que Mercedes-Benz ha hecho aqu\u00ed es inyectar esteroides tecnol\u00f3gicos a su modelo de entrada. Ya no se trata solo de tener la estrella en la parrilla; se trata de lo que ocurre bajo el cap\u00f3 y, m\u00e1s importante a\u00fan, detr\u00e1s de las pantallas.<\/p>\n\n\n\n<figure class=\"wp-block-image size-large\"><img decoding=\"async\" width=\"1024\" height=\"576\" src=\"https:\/\/us.as.com\/autos\/wp-content\/uploads\/2025\/12\/25c0296_002-source-1024x576.jpg\" alt=\"Mercedes-Benz CLA Hybrid Por qu\u00e9 este sed\u00e1n es mucho m\u00e1s que un baby Benz.\" class=\"wp-image-11352\" srcset=\"https:\/\/us.as.com\/autos\/wp-content\/uploads\/2025\/12\/25c0296_002-source-1024x576.jpg 1024w, https:\/\/us.as.com\/autos\/wp-content\/uploads\/2025\/12\/25c0296_002-source-300x169.jpg 300w, https:\/\/us.as.com\/autos\/wp-content\/uploads\/2025\/12\/25c0296_002-source-768x432.jpg 768w, https:\/\/us.as.com\/autos\/wp-content\/uploads\/2025\/12\/25c0296_002-source-800x450.jpg 800w, https:\/\/us.as.com\/autos\/wp-content\/uploads\/2025\/12\/25c0296_002-source-450x253.jpg 450w, https:\/\/us.as.com\/autos\/wp-content\/uploads\/2025\/12\/25c0296_002-source.jpg 1198w\" sizes=\"(max-width: 1024px) 100vw, 1024px\" \/><\/figure>\n\n\n\n<h3 class=\"wp-block-heading\" id=\"h-mercedes-benz-cla-hybrid-ingenieria-alemana-con-un-toque-de-magia-electrica\"><strong>Mercedes-Benz CLA Hybrid:<\/strong> <strong>Ingenier\u00eda alemana con un toque de magia el\u00e9ctrica<\/strong><\/h3>\n\n\n\n<p>Resulta fascinante ver c\u00f3mo la ingenier\u00eda ha evolucionado para exprimir cada gota de energ\u00eda. El coraz\u00f3n de este <strong>Mercedes-Benz CLA Hybrid<\/strong> es un bloque totalmente nuevo de cuatro cilindros y 1.5 litros turboalimentado. Pertenece a la familia de motores FAME (Family of Modular Engines).&nbsp;<\/p>\n\n\n\n<p>Lo interesante no es solo el tama\u00f1o, sino el ciclo de combusti\u00f3n Miller que utiliza. Este sistema cierra las v\u00e1lvulas de admisi\u00f3n antes de tiempo para mejorar la eficiencia t\u00e9rmica, algo crucial cuando est\u00e1s atorado en el tr\u00e1fico de Los \u00c1ngeles o Miami.<\/p>\n\n\n\n<p>Este motor de combusti\u00f3n no trabaja solo. La integraci\u00f3n del sistema h\u00edbrido de 48 volts es donde ocurre la verdadera innovaci\u00f3n. A diferencia de sistemas anteriores que apenas serv\u00edan para mantener el aire acondicionado encendido en un sem\u00e1foro, este sistema cuenta con una bater\u00eda de iones de litio de 1.3 kWh y un motor el\u00e9ctrico integrado directamente en la transmisi\u00f3n.<\/p>\n\n\n\n<p>Esa transmisi\u00f3n es una nueva caja de doble embrague de ocho velocidades (8F-eDCT). La magia radica en que el motor el\u00e9ctrico de 27 caballos de fuerza (hp) puede mover el auto por s\u00ed mismo en entornos urbanos de baja demanda. Incluso, permite el \u00abelectric gliding\u00bb o planeo el\u00e9ctrico a velocidades de hasta 60 mph.&nbsp;<\/p>\n\n\n\n<p>El coche apaga el motor de gasolina y simplemente fluye. La transici\u00f3n entre ambos propulsores promete ser imperceptible, eliminando esos tirones molestos de los sistemas Start-Stop antiguos.<\/p>\n\n\n\n<figure class=\"wp-block-image size-large\"><img decoding=\"async\" width=\"1024\" height=\"576\" src=\"https:\/\/us.as.com\/autos\/wp-content\/uploads\/2025\/12\/25c0296_001-source-1024x576.jpg\" alt=\"Mercedes-Benz CLA Hybrid Por qu\u00e9 este sed\u00e1n es mucho m\u00e1s que un baby Benz.\" class=\"wp-image-11353\" srcset=\"https:\/\/us.as.com\/autos\/wp-content\/uploads\/2025\/12\/25c0296_001-source-1024x576.jpg 1024w, https:\/\/us.as.com\/autos\/wp-content\/uploads\/2025\/12\/25c0296_001-source-300x169.jpg 300w, https:\/\/us.as.com\/autos\/wp-content\/uploads\/2025\/12\/25c0296_001-source-768x432.jpg 768w, https:\/\/us.as.com\/autos\/wp-content\/uploads\/2025\/12\/25c0296_001-source-1536x864.jpg 1536w, https:\/\/us.as.com\/autos\/wp-content\/uploads\/2025\/12\/25c0296_001-source-1200x675.jpg 1200w, https:\/\/us.as.com\/autos\/wp-content\/uploads\/2025\/12\/25c0296_001-source-800x450.jpg 800w, https:\/\/us.as.com\/autos\/wp-content\/uploads\/2025\/12\/25c0296_001-source-450x253.jpg 450w, https:\/\/us.as.com\/autos\/wp-content\/uploads\/2025\/12\/25c0296_001-source.jpg 1624w\" sizes=\"(max-width: 1024px) 100vw, 1024px\" \/><\/figure>\n\n\n\n<h3 class=\"wp-block-heading\" id=\"h-un-superordenador-disfrazado-de-coupe\"><strong>Un superordenador disfrazado de coup\u00e9<\/strong><\/h3>\n\n\n\n<p>Vivimos en una era donde el software define al hardware. El <strong>Mercedes-Benz CLA Hybrid<\/strong> incorpora el sistema operativo MB.OS, una arquitectura que separa el hardware del software para permitir actualizaciones inal\u00e1mbricas (Over-the-Air) reales. Imagina que tu coche recibe funciones nuevas mientras duermes, igual que tu smartphone.<\/p>\n\n\n\n<p>El sistema de infoentretenimiento MBUX de cuarta generaci\u00f3n lleva esto un paso m\u00e1s all\u00e1. Gracias a una colaboraci\u00f3n estrat\u00e9gica, integra inteligencia artificial de Microsoft y Google. El asistente virtual ya no es un simple comando de voz que falla al entenderte; utiliza un enfoque multi-agente para mantener conversaciones complejas, recordar el contexto y aprender tus rutinas. Si le pides una ruta, no solo te lleva; el sistema, apoyado por Google Maps y el nuevo Automotive AI Agent, gestiona la navegaci\u00f3n con una fluidez que pocas marcas han logrado.<\/p>\n\n\n\n<p>Visualmente, la experiencia digital es abrumadora. La opci\u00f3n del MBUX Superscreen extiende pantallas a lo ancho del tablero, incluyendo una para el pasajero delantero. Los gr\u00e1ficos, renderizados en tiempo real por el motor de videojuegos Unity, hacen que ver el panel de instrumentos se sienta como estar dentro de una consola de \u00faltima generaci\u00f3n.<\/p>\n\n\n\n<figure class=\"wp-block-image size-large\"><img decoding=\"async\" width=\"1024\" height=\"576\" src=\"https:\/\/us.as.com\/autos\/wp-content\/uploads\/2025\/12\/25C0312_015-source-1024x576.jpg\" alt=\"Mercedes-Benz CLA Hybrid Por qu\u00e9 este sed\u00e1n es mucho m\u00e1s que un baby Benz.\" class=\"wp-image-11355\" srcset=\"https:\/\/us.as.com\/autos\/wp-content\/uploads\/2025\/12\/25C0312_015-source-1024x576.jpg 1024w, https:\/\/us.as.com\/autos\/wp-content\/uploads\/2025\/12\/25C0312_015-source-300x169.jpg 300w, https:\/\/us.as.com\/autos\/wp-content\/uploads\/2025\/12\/25C0312_015-source-768x432.jpg 768w, https:\/\/us.as.com\/autos\/wp-content\/uploads\/2025\/12\/25C0312_015-source-1536x864.jpg 1536w, https:\/\/us.as.com\/autos\/wp-content\/uploads\/2025\/12\/25C0312_015-source-1200x675.jpg 1200w, https:\/\/us.as.com\/autos\/wp-content\/uploads\/2025\/12\/25C0312_015-source-800x450.jpg 800w, https:\/\/us.as.com\/autos\/wp-content\/uploads\/2025\/12\/25C0312_015-source-450x253.jpg 450w, https:\/\/us.as.com\/autos\/wp-content\/uploads\/2025\/12\/25C0312_015-source.jpg 2000w\" sizes=\"(max-width: 1024px) 100vw, 1024px\" \/><\/figure>\n\n\n\n<h3 class=\"wp-block-heading\" id=\"h-diseno-y-confort\"><strong>Dise\u00f1o y confort<\/strong><\/h3>\n\n\n\n<p>Est\u00e9ticamente, el coche grita modernidad. Los faros delanteros LED de alto rendimiento incorporan la estrella de la marca en su firma lum\u00ednica, un detalle que polariza opiniones pero que indudablemente marca identidad. La parrilla con el patr\u00f3n de estrellas y el borde iluminado conecta visualmente este h\u00edbrido con sus hermanos totalmente el\u00e9ctricos de la familia EQ.<\/p>\n\n\n\n<p>El confort ac\u00fastico ha sido una prioridad. Los ingenieros aplicaron un paquete extensivo de NVH (Noise, Vibration, Harshness). El concepto de doble mampara y el aislamiento que se extiende hasta los pilares A buscan aislar a los ocupantes del caos exterior. Esto es vital en un auto compacto, donde el ruido de rodadura suele ser el tal\u00f3n de Aquiles.<\/p>\n\n\n\n<figure class=\"wp-block-image size-large\"><img decoding=\"async\" width=\"1024\" height=\"576\" src=\"https:\/\/us.as.com\/autos\/wp-content\/uploads\/2025\/12\/25C0312_009-source-1024x576.jpg\" alt=\"Mercedes-Benz CLA Hybrid Por qu\u00e9 este sed\u00e1n es mucho m\u00e1s que un baby Benz.\" class=\"wp-image-11356\" srcset=\"https:\/\/us.as.com\/autos\/wp-content\/uploads\/2025\/12\/25C0312_009-source-1024x576.jpg 1024w, https:\/\/us.as.com\/autos\/wp-content\/uploads\/2025\/12\/25C0312_009-source-300x169.jpg 300w, https:\/\/us.as.com\/autos\/wp-content\/uploads\/2025\/12\/25C0312_009-source-768x432.jpg 768w, https:\/\/us.as.com\/autos\/wp-content\/uploads\/2025\/12\/25C0312_009-source-1536x864.jpg 1536w, https:\/\/us.as.com\/autos\/wp-content\/uploads\/2025\/12\/25C0312_009-source-1200x675.jpg 1200w, https:\/\/us.as.com\/autos\/wp-content\/uploads\/2025\/12\/25C0312_009-source-800x450.jpg 800w, https:\/\/us.as.com\/autos\/wp-content\/uploads\/2025\/12\/25C0312_009-source-450x253.jpg 450w, https:\/\/us.as.com\/autos\/wp-content\/uploads\/2025\/12\/25C0312_009-source.jpg 2000w\" sizes=\"(max-width: 1024px) 100vw, 1024px\" \/><\/figure>\n\n\n\n<h3 class=\"wp-block-heading\" id=\"h-la-competencia-en-el-espejo-retrovisor\"><strong>La competencia en el espejo retrovisor<\/strong><\/h3>\n\n\n\n<p>Analizar este auto requiere mirar a los costados. El <strong>Mercedes-Benz CLA Hybrid<\/strong> tiene rivales muy serios. El BMW Serie 2 Gran Coup\u00e9 ofrece una din\u00e1mica de conducci\u00f3n quiz\u00e1s m\u00e1s agresiva, t\u00edpica de los b\u00e1varos, pero se siente un paso atr\u00e1s en integraci\u00f3n digital.&nbsp;<\/p>\n\n\n\n<p>Con su sobriedad caracter\u00edstica, el Audi A3 es un competidor formidable en calidad de construcci\u00f3n, aunque su sistema mild-hybrid no ofrece la capacidad de desplazamiento el\u00e9ctrico que promete este CLA.<\/p>\n\n\n\n<p>Acura Integra tambi\u00e9n busca a este comprador joven, ofreciendo confiabilidad y un manejo deportivo, pero carece del refinamiento \u00abpremium\u00bb y la carga tecnol\u00f3gica del ecosistema MB.OS. Mercedes apuesta a que el comprador prefiere la conectividad extrema y la eficiencia inteligente sobre la deportividad pura y dura.<\/p>\n\n\n\n<figure class=\"wp-block-image size-large\"><img decoding=\"async\" width=\"1024\" height=\"576\" src=\"https:\/\/us.as.com\/autos\/wp-content\/uploads\/2025\/12\/25c0296_003-source-1024x576.jpg\" alt=\"\" class=\"wp-image-11354\" srcset=\"https:\/\/us.as.com\/autos\/wp-content\/uploads\/2025\/12\/25c0296_003-source-1024x576.jpg 1024w, https:\/\/us.as.com\/autos\/wp-content\/uploads\/2025\/12\/25c0296_003-source-300x169.jpg 300w, https:\/\/us.as.com\/autos\/wp-content\/uploads\/2025\/12\/25c0296_003-source-768x432.jpg 768w, https:\/\/us.as.com\/autos\/wp-content\/uploads\/2025\/12\/25c0296_003-source-1536x864.jpg 1536w, https:\/\/us.as.com\/autos\/wp-content\/uploads\/2025\/12\/25c0296_003-source-1200x675.jpg 1200w, https:\/\/us.as.com\/autos\/wp-content\/uploads\/2025\/12\/25c0296_003-source-800x450.jpg 800w, https:\/\/us.as.com\/autos\/wp-content\/uploads\/2025\/12\/25c0296_003-source-450x253.jpg 450w, https:\/\/us.as.com\/autos\/wp-content\/uploads\/2025\/12\/25c0296_003-source.jpg 2000w\" sizes=\"(max-width: 1024px) 100vw, 1024px\" \/><\/figure>\n\n\n\n<h3 class=\"wp-block-heading\" id=\"h-mercedes-benz-cla-hybrid-vale-la-pena-la-evolucion\"><strong>Mercedes-Benz CLA Hybrid<\/strong> <strong>\u00bfVale la pena la evoluci\u00f3n?<\/strong><\/h3>\n\n\n\n<p>La propuesta es s\u00f3lida. Este veh\u00edculo intenta resolver la ansiedad de la transici\u00f3n el\u00e9ctrica. Ofrece la eficiencia de un h\u00edbrido, la capacidad de recuperaci\u00f3n de energ\u00eda (hasta 25 kW) y la familiaridad de un motor de gasolina. Es un puente tecnol\u00f3gico para quienes a\u00fan no est\u00e1n listos para un el\u00e9ctrico puro pero exigen la tecnolog\u00eda de uno.<\/p>\n\n\n\n<p>Resulta evidente que el <strong>Mercedes-Benz CLA Hybrid<\/strong> no es barato. La sofisticaci\u00f3n del sistema de 48V y la potencia de c\u00f3mputo tienen un precio. Pero para el usuario que valora tener lo \u00faltimo en <em>tech<\/em> y una conducci\u00f3n refinada en un paquete que cabe en cualquier estacionamiento urbano, este auto se posiciona como el l\u00edder indiscutible de la manada.<\/p>\n\n\n\n<h3 class=\"wp-block-heading\" id=\"h-puntos-clave-del-analisis\"><strong>Puntos clave del an\u00e1lisis<\/strong><\/h3>\n\n\n\n<ul class=\"wp-block-list\">\n<li><strong>Hibridaci\u00f3n real:<\/strong> El sistema de 48V permite conducci\u00f3n 100% el\u00e9ctrica en situaciones de baja carga y planeo hasta 60 mph, superando a los mild-hybrids convencionales.<\/li>\n\n\n\n<li><strong>Cerebro digital:<\/strong> La integraci\u00f3n de MB.OS con IA de Google y Microsoft coloca al CLA por delante de la competencia en t\u00e9rminos de asistencia y conectividad.<\/li>\n\n\n\n<li><strong>Eficiencia t\u00e9rmica:<\/strong> El uso del ciclo Miller en el motor de 1.5L maximiza el rendimiento del combustible sin sacrificar la respuesta del turbo.<\/li>\n\n\n\n<li><strong>Experiencia visual:<\/strong> El uso del motor gr\u00e1fico Unity para las pantallas y la opci\u00f3n MBUX Superscreen transforman el interior en una experiencia inmersiva.<\/li>\n\n\n\n<li><strong>Identidad:<\/strong> El dise\u00f1o con firmas lum\u00ednicas de estrella refuerza la marca, diferenci\u00e1ndolo claramente en la carretera de noche.<\/li>\n<\/ul>\n\n\n\n<h3 class=\"wp-block-heading\" id=\"h-mercedes-benz-cla-hybrid-ficha-tecnica-cla-220\"><strong>Mercedes-Benz CLA Hybrid: Ficha t\u00e9cnica (CLA 220)<\/strong><\/h3>\n\n\n\n<ul class=\"wp-block-list\">\n<li><strong>Motor:<\/strong> 4 cilindros en l\u00ednea, 1.5 Litros Turbo (M 252).<\/li>\n\n\n\n<li><strong>Sistema h\u00edbrido:<\/strong> 48 Voltios, bater\u00eda de 1.3 kWh.<\/li>\n\n\n\n<li><strong>Potencia combinada:<\/strong> 208 hp (188 hp motor t\u00e9rmico + 27 hp el\u00e9ctrico m\u00e1ximo).<\/li>\n\n\n\n<li><strong>Torque combinado:<\/strong> 280 lb-ft.<\/li>\n\n\n\n<li><strong>Transmisi\u00f3n:<\/strong> 8 velocidades doble embrague (8F-eDCT) con motor el\u00e9ctrico integrado.<\/li>\n\n\n\n<li><strong>Tracci\u00f3n:<\/strong> Delantera (FWD).<\/li>\n\n\n\n<li><strong>Aceleraci\u00f3n 0-60 mph:<\/strong> 7.1 segundos.<\/li>\n\n\n\n<li><strong>Velocidad M\u00e1xima:<\/strong> 130 mph (limitada electr\u00f3nicamente).<\/li>\n\n\n\n<li><strong>Capacidad de Maletero:<\/strong> 14.3 pies c\u00fabicos.<\/li>\n<\/ul>\n\n\n\n<h3 class=\"wp-block-heading\" id=\"h-precios-estimados-mercado-ee-uu\"><strong>Precios Estimados (Mercado EE.UU.)<\/strong><\/h3>\n\n\n\n<p><em>Nota: Los precios oficiales para el modelo 2026 a\u00fan no se liberan, estas son estimaciones basadas en la inflaci\u00f3n del segmento y el equipamiento tecnol\u00f3gico a\u00f1adido.<\/em><\/p>\n\n\n\n<ul class=\"wp-block-list\">\n<li><strong>Mercedes-Benz CLA 250 (Base FWD):<\/strong> ~$44,500 USD<\/li>\n\n\n\n<li><strong>Mercedes-Benz CLA 250 4MATIC:<\/strong> ~$46,500 USD<\/li>\n\n\n\n<li><strong>Paquete Pinnacle Trim (Estimado):<\/strong> +$3,500 USD (Incluye Superscreen y mejoras de IA).<\/li>\n<\/ul>\n\n\n\n<p>Esta evoluci\u00f3n del CLA sugiere que el lujo de entrada ya no es \u00abb\u00e1sico\u00bb, es simplemente m\u00e1s compacto.<\/p>\n","protected":false},"excerpt":{"rendered":"<p>El mercado automotriz vive una transformaci\u00f3n curiosa. Mientras los SUVs siguen dominando las ventas, existe un hambre real por autos compactos que no sacrifiquen tecnolog\u00eda ni potencia, pero que entiendan la necesidad de eficiencia.&nbsp; Aqu\u00ed entra en juego el nuevo Mercedes-Benz CLA Hybrid, un veh\u00edculo que llega no solo para actualizar una l\u00ednea de dise\u00f1o, [&hellip;]<\/p>\n","protected":false},"author":9,"featured_media":11358,"comment_status":"open","ping_status":"open","sticky":false,"template":"","format":"standard","meta":{"_acf_changed":false,"footnotes":""},"categories":[166],"tags":[177,187,205],"marcas":[],"class_list":["post-11351","post","type-post","status-publish","format-standard","has-post-thumbnail","hentry","category-marcas","tag-autos-hibridos","tag-mercedes-benz","tag-sedanes","cat-166-id"],"acf":[],"yoast_head":"<!-- This site is optimized with the Yoast SEO Premium plugin  - https:\/\/yoast.com\/wordpress\/plugins\/seo\/ -->\n<title>Mercedes-Benz CLA Hybrid: Por qu\u00e9 es mucho m\u00e1s que un &quot;baby Benz&quot; - Autos<\/title>\n<meta name=\"description\" content=\"An\u00e1lisis del nuevo Mercedes-Benz CLA Hybrid. C\u00f3mo su sistema de 48V, el MB.OS y la inteligencia artificial redefinen el lujo\" \/>\n<meta name=\"robots\" content=\"index, follow, max-snippet:-1, max-image-preview:large, max-video-preview:-1\" \/>\n<link rel=\"canonical\" href=\"https:\/\/us.as.com\/autos\/marcas\/mercedes-benz-cla-hybrid-por-que-es-mucho-mas-que-un-baby-benz\/\" \/>\n<meta property=\"og:locale\" content=\"es_ES\" \/>\n<meta property=\"og:type\" content=\"article\" \/>\n<meta property=\"og:title\" content=\"Mercedes-Benz CLA Hybrid: Por qu\u00e9 es mucho m\u00e1s que un &quot;baby Benz&quot; - Autos\" \/>\n<meta property=\"og:description\" content=\"An\u00e1lisis del nuevo Mercedes-Benz CLA Hybrid. C\u00f3mo su sistema de 48V, el MB.OS y la inteligencia artificial redefinen el lujo\" \/>\n<meta property=\"og:url\" content=\"https:\/\/us.as.com\/autos\/marcas\/mercedes-benz-cla-hybrid-por-que-es-mucho-mas-que-un-baby-benz\/\" \/>\n<meta property=\"og:site_name\" content=\"Autos\" \/>\n<meta property=\"article:published_time\" content=\"2025-12-18T21:21:52+00:00\" \/>\n<meta property=\"article:modified_time\" content=\"2025-12-18T21:25:50+00:00\" \/>\n<meta property=\"og:image\" content=\"https:\/\/us.as.com\/autos\/wp-content\/uploads\/2025\/12\/Mercedes-Benz-CLA-Hybrid-Por-que-este-sedan-es-mucho-mas-que-un-baby-Benz-scaled.jpg\" \/>\n\t<meta property=\"og:image:width\" content=\"2560\" \/>\n\t<meta property=\"og:image:height\" content=\"1440\" \/>\n\t<meta property=\"og:image:type\" content=\"image\/jpeg\" \/>\n<meta name=\"author\" content=\"Luis Hern\u00e1ndez del Arco\" \/>\n<meta name=\"twitter:card\" content=\"summary_large_image\" \/>\n<meta name=\"twitter:creator\" content=\"@https:\/\/x.com\/ldelarco\" \/>\n<meta name=\"twitter:label1\" content=\"Escrito por\" \/>\n\t<meta name=\"twitter:data1\" content=\"Luis Hern\u00e1ndez del Arco\" \/>\n\t<meta name=\"twitter:label2\" content=\"Tiempo de lectura\" \/>\n\t<meta name=\"twitter:data2\" content=\"7 minutos\" \/>\n<script type=\"application\/ld+json\" class=\"yoast-schema-graph\">{\"@context\":\"https:\/\/schema.org\",\"@graph\":[{\"@type\":\"WebPage\",\"@id\":\"https:\/\/us.as.com\/autos\/marcas\/mercedes-benz-cla-hybrid-por-que-es-mucho-mas-que-un-baby-benz\/\",\"url\":\"https:\/\/us.as.com\/autos\/marcas\/mercedes-benz-cla-hybrid-por-que-es-mucho-mas-que-un-baby-benz\/\",\"name\":\"Mercedes-Benz CLA Hybrid: Por qu\u00e9 es mucho m\u00e1s que un \\\"baby Benz\\\" - Autos\",\"isPartOf\":{\"@id\":\"https:\/\/us.as.com\/autos\/#website\"},\"primaryImageOfPage\":{\"@id\":\"https:\/\/us.as.com\/autos\/marcas\/mercedes-benz-cla-hybrid-por-que-es-mucho-mas-que-un-baby-benz\/#primaryimage\"},\"image\":{\"@id\":\"https:\/\/us.as.com\/autos\/marcas\/mercedes-benz-cla-hybrid-por-que-es-mucho-mas-que-un-baby-benz\/#primaryimage\"},\"thumbnailUrl\":\"https:\/\/us.as.com\/autos\/wp-content\/uploads\/2025\/12\/Mercedes-Benz-CLA-Hybrid-Por-que-este-sedan-es-mucho-mas-que-un-baby-Benz-scaled.jpg\",\"datePublished\":\"2025-12-18T21:21:52+00:00\",\"dateModified\":\"2025-12-18T21:25:50+00:00\",\"author\":{\"@id\":\"https:\/\/us.as.com\/autos\/#\/schema\/person\/b59ded8d3d136c0f0f7adae8ab7f1712\"},\"description\":\"An\u00e1lisis del nuevo Mercedes-Benz CLA Hybrid. C\u00f3mo su sistema de 48V, el MB.OS y la inteligencia artificial redefinen el lujo\",\"inLanguage\":\"es\",\"potentialAction\":[{\"@type\":\"ReadAction\",\"target\":[\"https:\/\/us.as.com\/autos\/marcas\/mercedes-benz-cla-hybrid-por-que-es-mucho-mas-que-un-baby-benz\/\"]}]},{\"@type\":\"ImageObject\",\"inLanguage\":\"es\",\"@id\":\"https:\/\/us.as.com\/autos\/marcas\/mercedes-benz-cla-hybrid-por-que-es-mucho-mas-que-un-baby-benz\/#primaryimage\",\"url\":\"https:\/\/us.as.com\/autos\/wp-content\/uploads\/2025\/12\/Mercedes-Benz-CLA-Hybrid-Por-que-este-sedan-es-mucho-mas-que-un-baby-Benz-scaled.jpg\",\"contentUrl\":\"https:\/\/us.as.com\/autos\/wp-content\/uploads\/2025\/12\/Mercedes-Benz-CLA-Hybrid-Por-que-este-sedan-es-mucho-mas-que-un-baby-Benz-scaled.jpg\",\"width\":2560,\"height\":1440,\"caption\":\"Mercedes-Benz CLA Hybrid: Por qu\u00e9 es mucho m\u00e1s que un \\\"baby Benz\\\"\"},{\"@type\":\"WebSite\",\"@id\":\"https:\/\/us.as.com\/autos\/#website\",\"url\":\"https:\/\/us.as.com\/autos\/\",\"name\":\"Autos\",\"description\":\"\",\"potentialAction\":[{\"@type\":\"SearchAction\",\"target\":{\"@type\":\"EntryPoint\",\"urlTemplate\":\"https:\/\/us.as.com\/autos\/?s={search_term_string}\"},\"query-input\":{\"@type\":\"PropertyValueSpecification\",\"valueRequired\":true,\"valueName\":\"search_term_string\"}}],\"inLanguage\":\"es\"},{\"@type\":\"Person\",\"@id\":\"https:\/\/us.as.com\/autos\/#\/schema\/person\/b59ded8d3d136c0f0f7adae8ab7f1712\",\"name\":\"Luis Hern\u00e1ndez del Arco\",\"image\":{\"@type\":\"ImageObject\",\"inLanguage\":\"es\",\"@id\":\"https:\/\/us.as.com\/autos\/#\/schema\/person\/image\/\",\"url\":\"https:\/\/secure.gravatar.com\/avatar\/c2b7262a4ee821aa4260ed5f07cfd999?s=96&d=mm&r=g\",\"contentUrl\":\"https:\/\/secure.gravatar.com\/avatar\/c2b7262a4ee821aa4260ed5f07cfd999?s=96&d=mm&r=g\",\"caption\":\"Luis Hern\u00e1ndez del Arco\"},\"sameAs\":[\"https:\/\/us.as.com\/autos\/\",\"https:\/\/www.instagram.com\/luisdelarcoh\",\"https:\/\/x.com\/https:\/\/x.com\/ldelarco\"],\"gender\":\"Hombre\",\"jobTitle\":\"Editor\",\"worksFor\":\"Grupo Prisa\",\"url\":\"https:\/\/us.as.com\/autos\/autor\/lhernandezd\/\"}]}<\/script>\n<!-- \/ Yoast SEO Premium plugin. -->","yoast_head_json":{"title":"Mercedes-Benz CLA Hybrid: Por qu\u00e9 es mucho m\u00e1s que un \"baby Benz\" - Autos","description":"An\u00e1lisis del nuevo Mercedes-Benz CLA Hybrid. C\u00f3mo su sistema de 48V, el MB.OS y la inteligencia artificial redefinen el lujo","robots":{"index":"index","follow":"follow","max-snippet":"max-snippet:-1","max-image-preview":"max-image-preview:large","max-video-preview":"max-video-preview:-1"},"canonical":"https:\/\/us.as.com\/autos\/marcas\/mercedes-benz-cla-hybrid-por-que-es-mucho-mas-que-un-baby-benz\/","og_locale":"es_ES","og_type":"article","og_title":"Mercedes-Benz CLA Hybrid: Por qu\u00e9 es mucho m\u00e1s que un \"baby Benz\" - Autos","og_description":"An\u00e1lisis del nuevo Mercedes-Benz CLA Hybrid. C\u00f3mo su sistema de 48V, el MB.OS y la inteligencia artificial redefinen el lujo","og_url":"https:\/\/us.as.com\/autos\/marcas\/mercedes-benz-cla-hybrid-por-que-es-mucho-mas-que-un-baby-benz\/","og_site_name":"Autos","article_published_time":"2025-12-18T21:21:52+00:00","article_modified_time":"2025-12-18T21:25:50+00:00","og_image":[{"width":2560,"height":1440,"url":"https:\/\/us.as.com\/autos\/wp-content\/uploads\/2025\/12\/Mercedes-Benz-CLA-Hybrid-Por-que-este-sedan-es-mucho-mas-que-un-baby-Benz-scaled.jpg","type":"image\/jpeg"}],"author":"Luis Hern\u00e1ndez del Arco","twitter_card":"summary_large_image","twitter_creator":"@https:\/\/x.com\/ldelarco","twitter_misc":{"Escrito por":"Luis Hern\u00e1ndez del Arco","Tiempo de lectura":"7 minutos"},"schema":{"@context":"https:\/\/schema.org","@graph":[{"@type":"WebPage","@id":"https:\/\/us.as.com\/autos\/marcas\/mercedes-benz-cla-hybrid-por-que-es-mucho-mas-que-un-baby-benz\/","url":"https:\/\/us.as.com\/autos\/marcas\/mercedes-benz-cla-hybrid-por-que-es-mucho-mas-que-un-baby-benz\/","name":"Mercedes-Benz CLA Hybrid: Por qu\u00e9 es mucho m\u00e1s que un \"baby Benz\" - Autos","isPartOf":{"@id":"https:\/\/us.as.com\/autos\/#website"},"primaryImageOfPage":{"@id":"https:\/\/us.as.com\/autos\/marcas\/mercedes-benz-cla-hybrid-por-que-es-mucho-mas-que-un-baby-benz\/#primaryimage"},"image":{"@id":"https:\/\/us.as.com\/autos\/marcas\/mercedes-benz-cla-hybrid-por-que-es-mucho-mas-que-un-baby-benz\/#primaryimage"},"thumbnailUrl":"https:\/\/us.as.com\/autos\/wp-content\/uploads\/2025\/12\/Mercedes-Benz-CLA-Hybrid-Por-que-este-sedan-es-mucho-mas-que-un-baby-Benz-scaled.jpg","datePublished":"2025-12-18T21:21:52+00:00","dateModified":"2025-12-18T21:25:50+00:00","author":{"@id":"https:\/\/us.as.com\/autos\/#\/schema\/person\/b59ded8d3d136c0f0f7adae8ab7f1712"},"description":"An\u00e1lisis del nuevo Mercedes-Benz CLA Hybrid. C\u00f3mo su sistema de 48V, el MB.OS y la inteligencia artificial redefinen el lujo","inLanguage":"es","potentialAction":[{"@type":"ReadAction","target":["https:\/\/us.as.com\/autos\/marcas\/mercedes-benz-cla-hybrid-por-que-es-mucho-mas-que-un-baby-benz\/"]}]},{"@type":"ImageObject","inLanguage":"es","@id":"https:\/\/us.as.com\/autos\/marcas\/mercedes-benz-cla-hybrid-por-que-es-mucho-mas-que-un-baby-benz\/#primaryimage","url":"https:\/\/us.as.com\/autos\/wp-content\/uploads\/2025\/12\/Mercedes-Benz-CLA-Hybrid-Por-que-este-sedan-es-mucho-mas-que-un-baby-Benz-scaled.jpg","contentUrl":"https:\/\/us.as.com\/autos\/wp-content\/uploads\/2025\/12\/Mercedes-Benz-CLA-Hybrid-Por-que-este-sedan-es-mucho-mas-que-un-baby-Benz-scaled.jpg","width":2560,"height":1440,"caption":"Mercedes-Benz CLA Hybrid: Por qu\u00e9 es mucho m\u00e1s que un \"baby Benz\""},{"@type":"WebSite","@id":"https:\/\/us.as.com\/autos\/#website","url":"https:\/\/us.as.com\/autos\/","name":"Autos","description":"","potentialAction":[{"@type":"SearchAction","target":{"@type":"EntryPoint","urlTemplate":"https:\/\/us.as.com\/autos\/?s={search_term_string}"},"query-input":{"@type":"PropertyValueSpecification","valueRequired":true,"valueName":"search_term_string"}}],"inLanguage":"es"},{"@type":"Person","@id":"https:\/\/us.as.com\/autos\/#\/schema\/person\/b59ded8d3d136c0f0f7adae8ab7f1712","name":"Luis Hern\u00e1ndez del Arco","image":{"@type":"ImageObject","inLanguage":"es","@id":"https:\/\/us.as.com\/autos\/#\/schema\/person\/image\/","url":"https:\/\/secure.gravatar.com\/avatar\/c2b7262a4ee821aa4260ed5f07cfd999?s=96&d=mm&r=g","contentUrl":"https:\/\/secure.gravatar.com\/avatar\/c2b7262a4ee821aa4260ed5f07cfd999?s=96&d=mm&r=g","caption":"Luis Hern\u00e1ndez del Arco"},"sameAs":["https:\/\/us.as.com\/autos\/","https:\/\/www.instagram.com\/luisdelarcoh","https:\/\/x.com\/https:\/\/x.com\/ldelarco"],"gender":"Hombre","jobTitle":"Editor","worksFor":"Grupo Prisa","url":"https:\/\/us.as.com\/autos\/autor\/lhernandezd\/"}]}},"amp_enabled":true,"_links":{"self":[{"href":"https:\/\/us.as.com\/autos\/wp-json\/wp\/v2\/posts\/11351","targetHints":{"allow":["GET"]}}],"collection":[{"href":"https:\/\/us.as.com\/autos\/wp-json\/wp\/v2\/posts"}],"about":[{"href":"https:\/\/us.as.com\/autos\/wp-json\/wp\/v2\/types\/post"}],"author":[{"embeddable":true,"href":"https:\/\/us.as.com\/autos\/wp-json\/wp\/v2\/users\/9"}],"replies":[{"embeddable":true,"href":"https:\/\/us.as.com\/autos\/wp-json\/wp\/v2\/comments?post=11351"}],"version-history":[{"count":2,"href":"https:\/\/us.as.com\/autos\/wp-json\/wp\/v2\/posts\/11351\/revisions"}],"predecessor-version":[{"id":11361,"href":"https:\/\/us.as.com\/autos\/wp-json\/wp\/v2\/posts\/11351\/revisions\/11361"}],"wp:featuredmedia":[{"embeddable":true,"href":"https:\/\/us.as.com\/autos\/wp-json\/wp\/v2\/media\/11358"}],"wp:attachment":[{"href":"https:\/\/us.as.com\/autos\/wp-json\/wp\/v2\/media?parent=11351"}],"wp:term":[{"taxonomy":"category","embeddable":true,"href":"https:\/\/us.as.com\/autos\/wp-json\/wp\/v2\/categories?post=11351"},{"taxonomy":"post_tag","embeddable":true,"href":"https:\/\/us.as.com\/autos\/wp-json\/wp\/v2\/tags?post=11351"},{"taxonomy":"marcas","embeddable":true,"href":"https:\/\/us.as.com\/autos\/wp-json\/wp\/v2\/marcas?post=11351"}],"curies":[{"name":"wp","href":"https:\/\/api.w.org\/{rel}","templated":true}]}}