{"id":11045,"date":"2025-11-26T19:25:36","date_gmt":"2025-11-26T18:25:36","guid":{"rendered":"https:\/\/us.as.com\/autos\/?p=11045"},"modified":"2025-11-26T19:25:37","modified_gmt":"2025-11-26T18:25:37","slug":"bmw-z4-final-edition","status":"publish","type":"post","link":"https:\/\/us.as.com\/autos\/marcas\/bmw-z4-final-edition\/","title":{"rendered":"Adi\u00f3s al BMW Z4: La edici\u00f3n final de 382 hp que cierra 23 a\u00f1os de historia"},"content":{"rendered":"\n<p>Vivimos constantemente de ciclos en la industria automotriz, donde modelos legendarios nacen, evolucionan y eventualmente llegan a su final. <strong>BMW Z4 Final Edition<\/strong> representa exactamente ese momento culminante para un roadster que ha definido la experiencia de manejo abierto durante m\u00e1s de dos d\u00e9cadas.&nbsp;<\/p>\n\n\n\n<p>BMW ha decidido cerrar este cap\u00edtulo con una edici\u00f3n limitad\u00edsima que saldr\u00e1 de la planta de Spartanburg entre febrero y abril de 2026, marcando el punto final para un veh\u00edculo que comenz\u00f3 su historia en 2002.<\/p>\n\n\n\n<figure class=\"wp-block-image size-large\"><img decoding=\"async\" width=\"1024\" height=\"576\" src=\"https:\/\/us.as.com\/autos\/wp-content\/uploads\/2025\/11\/P90625524_highRes_the-bmw-z4-final-edi-1024x576.jpg\" alt=\"\" class=\"wp-image-11047\" srcset=\"https:\/\/us.as.com\/autos\/wp-content\/uploads\/2025\/11\/P90625524_highRes_the-bmw-z4-final-edi-1024x576.jpg 1024w, https:\/\/us.as.com\/autos\/wp-content\/uploads\/2025\/11\/P90625524_highRes_the-bmw-z4-final-edi-300x169.jpg 300w, https:\/\/us.as.com\/autos\/wp-content\/uploads\/2025\/11\/P90625524_highRes_the-bmw-z4-final-edi-768x432.jpg 768w, https:\/\/us.as.com\/autos\/wp-content\/uploads\/2025\/11\/P90625524_highRes_the-bmw-z4-final-edi-1536x864.jpg 1536w, https:\/\/us.as.com\/autos\/wp-content\/uploads\/2025\/11\/P90625524_highRes_the-bmw-z4-final-edi-2048x1152.jpg 2048w, https:\/\/us.as.com\/autos\/wp-content\/uploads\/2025\/11\/P90625524_highRes_the-bmw-z4-final-edi-1200x675.jpg 1200w, https:\/\/us.as.com\/autos\/wp-content\/uploads\/2025\/11\/P90625524_highRes_the-bmw-z4-final-edi-800x450.jpg 800w, https:\/\/us.as.com\/autos\/wp-content\/uploads\/2025\/11\/P90625524_highRes_the-bmw-z4-final-edi-450x253.jpg 450w\" sizes=\"(max-width: 1024px) 100vw, 1024px\" \/><\/figure>\n\n\n\n<h3 class=\"wp-block-heading\" id=\"h-legado-que-termina-con-estilo\"><strong>Legado que termina con estilo<\/strong><\/h3>\n\n\n\n<p>Nunca ha sido simple la historia del Z4. Hablamos de un roadster que naci\u00f3 como sucesor del Z3 y que tuvo que cargar con expectativas enormes desde el primer d\u00eda. A lo largo de tres generaciones, este biplaza ha evolucionado desde aquel primer E85 con su dise\u00f1o controversial hasta la interpretaci\u00f3n moderna que conocemos hoy.&nbsp;<\/p>\n\n\n\n<p>Revelada en Pebble Beach en 2018, la tercera generaci\u00f3n trajo de vuelta el concepto de soft top despu\u00e9s de que la segunda generaci\u00f3n apostara por un techo retr\u00e1ctil de metal. Resulta interesante c\u00f3mo BMW ha cerrado el c\u00edrculo regresando a las ra\u00edces del roadster cl\u00e1sico.<\/p>\n\n\n\n<p>Tomando como base el M40i, el <strong>BMW Z4 Final Edition<\/strong> representa la versi\u00f3n m\u00e1s potente de la gama actual. Tiene l\u00f3gica perfecta la decisi\u00f3n: si vas a despedir un modelo, hazlo con la configuraci\u00f3n que mejor representa el esp\u00edritu deportivo de la marca.&nbsp;<\/p>\n\n\n\n<p>Con tecnolog\u00eda TwinPower Turbo, el motor de seis cilindros en l\u00ednea de 3.0 litros entrega <strong>382 hp<\/strong> entre 5,800 y 6,500 rpm, mientras que el torque alcanza 369 lb-ft desde apenas 1,800 revoluciones. Estos n\u00fameros permiten alcanzar las 60 millas por hora en 3.9 segundos con la transmisi\u00f3n autom\u00e1tica de ocho velocidades, o en 4.2 segundos si eliges la caja manual de seis cambios.<\/p>\n\n\n\n<figure class=\"wp-block-image size-large\"><img decoding=\"async\" width=\"1024\" height=\"576\" src=\"https:\/\/us.as.com\/autos\/wp-content\/uploads\/2025\/11\/P90625531_highRes_the-bmw-z4-final-edi-1024x576.jpg\" alt=\"BMW Z4 Final Edition\" class=\"wp-image-11049\" srcset=\"https:\/\/us.as.com\/autos\/wp-content\/uploads\/2025\/11\/P90625531_highRes_the-bmw-z4-final-edi-1024x576.jpg 1024w, https:\/\/us.as.com\/autos\/wp-content\/uploads\/2025\/11\/P90625531_highRes_the-bmw-z4-final-edi-300x169.jpg 300w, https:\/\/us.as.com\/autos\/wp-content\/uploads\/2025\/11\/P90625531_highRes_the-bmw-z4-final-edi-768x432.jpg 768w, https:\/\/us.as.com\/autos\/wp-content\/uploads\/2025\/11\/P90625531_highRes_the-bmw-z4-final-edi-1536x864.jpg 1536w, https:\/\/us.as.com\/autos\/wp-content\/uploads\/2025\/11\/P90625531_highRes_the-bmw-z4-final-edi-2048x1152.jpg 2048w, https:\/\/us.as.com\/autos\/wp-content\/uploads\/2025\/11\/P90625531_highRes_the-bmw-z4-final-edi-1200x675.jpg 1200w, https:\/\/us.as.com\/autos\/wp-content\/uploads\/2025\/11\/P90625531_highRes_the-bmw-z4-final-edi-800x450.jpg 800w, https:\/\/us.as.com\/autos\/wp-content\/uploads\/2025\/11\/P90625531_highRes_the-bmw-z4-final-edi-450x253.jpg 450w\" sizes=\"(max-width: 1024px) 100vw, 1024px\" \/><\/figure>\n\n\n\n<h3 class=\"wp-block-heading\" id=\"h-exclusividad-visual-que-habla-por-si-sola\"><strong>Exclusividad visual que habla por s\u00ed sola<\/strong><\/h3>\n\n\n\n<p>Llega con la pintura <strong><a href=\"http:\/\/www.bmw.com\">BMW Individual Frozen Black metallic<\/a><\/strong> la primera se\u00f1al de que estamos frente a algo especial. Este acabado mate no es simplemente negro; cambia sutilmente dependiendo de la luz y el \u00e1ngulo, creando un efecto visual que resalta cada l\u00ednea del Z4.\u00a0<\/p>\n\n\n\n<p>Extiende este concepto el paquete Shadowline con detalles en negro brillante en las tapas de los espejos, la parrilla tipo ri\u00f1\u00f3n, las tomas de aire inferiores y los terminales de escape. Viene en color Moonlight Black el soft top, manteniendo la coherencia crom\u00e1tica del conjunto.<\/p>\n\n\n\n<p>Adoptan un esquema escalonado las llantas, algo que muchos entusiastas apreciar\u00e1n de inmediato. Adelante, las <strong>M Dual-Spoke Bicolor 800M de 19 pulgadas<\/strong> montan neum\u00e1ticos de alto desempe\u00f1o 255\/35 R19, mientras que atr\u00e1s crecen hasta 20 pulgadas con gomas 285\/30 R20. Se presentan en color rojo las pinzas de los frenos M Sport, agregando un toque deportivo que anticipa lo que encontraremos al abrir las puertas.<\/p>\n\n\n\n<h3 class=\"wp-block-heading\" id=\"h-detalle-que-diferencia-transmision-manual-con-ajustes-especificos\"><strong>Detalle que diferencia: transmisi\u00f3n manual con ajustes espec\u00edficos<\/strong><\/h3>\n\n\n\n<p>Aqu\u00ed es donde la narrativa se vuelve particularmente relevante para los puristas. Ofrece la transmisi\u00f3n manual de seis velocidades como opci\u00f3n el <strong>BMW Z4 Final Edition<\/strong>, pero va mucho m\u00e1s all\u00e1 de simplemente incluir una palanca de cambios.&nbsp;<\/p>\n\n\n\n<p>Desarrollaron los ingenieros alemanes el paquete Edition Handschalter, que incluye resortes auxiliares \u00fanicos en los ejes delantero y trasero, una abrazadera reforzada de la barra estabilizadora frontal, mapeo reconfigurado para el control electr\u00f3nico de los amortiguadores traseros y software modificado para la direcci\u00f3n deportiva variable.&nbsp;<\/p>\n\n\n\n<p>Incluso reciben l\u00f3gica de control espec\u00edfica el control de tracci\u00f3n y el diferencial M Sport. Esta clase de atenci\u00f3n al detalle explica por qu\u00e9 el precio de $77,500 (m\u00e1s $1,175 de destino y manejo) se mantiene igual independientemente de la transmisi\u00f3n elegida.<\/p>\n\n\n\n<figure class=\"wp-block-image size-large\"><img decoding=\"async\" width=\"1024\" height=\"576\" src=\"https:\/\/us.as.com\/autos\/wp-content\/uploads\/2025\/11\/P90625530_highRes_the-bmw-z4-final-edi-1024x576.jpg\" alt=\"BMW Z4 Final Edition\" class=\"wp-image-11048\" srcset=\"https:\/\/us.as.com\/autos\/wp-content\/uploads\/2025\/11\/P90625530_highRes_the-bmw-z4-final-edi-1024x576.jpg 1024w, https:\/\/us.as.com\/autos\/wp-content\/uploads\/2025\/11\/P90625530_highRes_the-bmw-z4-final-edi-300x169.jpg 300w, https:\/\/us.as.com\/autos\/wp-content\/uploads\/2025\/11\/P90625530_highRes_the-bmw-z4-final-edi-768x432.jpg 768w, https:\/\/us.as.com\/autos\/wp-content\/uploads\/2025\/11\/P90625530_highRes_the-bmw-z4-final-edi-1536x864.jpg 1536w, https:\/\/us.as.com\/autos\/wp-content\/uploads\/2025\/11\/P90625530_highRes_the-bmw-z4-final-edi-2048x1152.jpg 2048w, https:\/\/us.as.com\/autos\/wp-content\/uploads\/2025\/11\/P90625530_highRes_the-bmw-z4-final-edi-1200x675.jpg 1200w, https:\/\/us.as.com\/autos\/wp-content\/uploads\/2025\/11\/P90625530_highRes_the-bmw-z4-final-edi-800x450.jpg 800w, https:\/\/us.as.com\/autos\/wp-content\/uploads\/2025\/11\/P90625530_highRes_the-bmw-z4-final-edi-450x253.jpg 450w\" sizes=\"(max-width: 1024px) 100vw, 1024px\" \/><\/figure>\n\n\n\n<h3 class=\"wp-block-heading\" id=\"h-interior-rojo-sobre-negro\"><strong>Interior rojo sobre negro<\/strong><\/h3>\n\n\n\n<p>Presenta costuras contrastantes en rojo el habit\u00e1culo, recorriendo el tablero de instrumentos, la consola central, los paneles de las puertas y los asientos M Sport forrados en cuero Vernasca y Alcantara.&nbsp;<\/p>\n\n\n\n<p>Llevan ribetes rojos los tapetes, mientras que las placas de entrada de las puertas est\u00e1n grabadas con la inscripci\u00f3n \u00abZ4 FINAL EDITION\u00bb. Adoptan los colores tricolor de M los cinturones de seguridad, completando un interior que equilibra deportividad con elegancia premium.<\/p>\n\n\n\n<p>No ha escatimado BMW en tecnolog\u00eda para esta despedida. Incluye el paquete de asistencia a la conducci\u00f3n control de distancia de estacionamiento, detecci\u00f3n activa de punto ciego, informaci\u00f3n de l\u00edmite de velocidad, asistente de mantenimiento de carril y mitigaci\u00f3n de colisi\u00f3n frontal.&nbsp;<\/p>\n\n\n\n<p>Suma iluminaci\u00f3n ambiental el paquete Premium, asistente de estacionamiento, head-up display y control activo de distancia con protecci\u00f3n lateral. Completa una lista de equipamiento el sistema de sonido Harman Kardon, justificando el posicionamiento premium del modelo.<\/p>\n\n\n\n<figure class=\"wp-block-image size-large\"><img decoding=\"async\" width=\"1024\" height=\"576\" src=\"https:\/\/us.as.com\/autos\/wp-content\/uploads\/2025\/11\/P90625522_highRes_the-bmw-z4-final-edi-1024x576.jpg\" alt=\"\" class=\"wp-image-11050\" srcset=\"https:\/\/us.as.com\/autos\/wp-content\/uploads\/2025\/11\/P90625522_highRes_the-bmw-z4-final-edi-1024x576.jpg 1024w, https:\/\/us.as.com\/autos\/wp-content\/uploads\/2025\/11\/P90625522_highRes_the-bmw-z4-final-edi-300x169.jpg 300w, https:\/\/us.as.com\/autos\/wp-content\/uploads\/2025\/11\/P90625522_highRes_the-bmw-z4-final-edi-768x432.jpg 768w, https:\/\/us.as.com\/autos\/wp-content\/uploads\/2025\/11\/P90625522_highRes_the-bmw-z4-final-edi-1536x864.jpg 1536w, https:\/\/us.as.com\/autos\/wp-content\/uploads\/2025\/11\/P90625522_highRes_the-bmw-z4-final-edi-2048x1152.jpg 2048w, https:\/\/us.as.com\/autos\/wp-content\/uploads\/2025\/11\/P90625522_highRes_the-bmw-z4-final-edi-1200x675.jpg 1200w, https:\/\/us.as.com\/autos\/wp-content\/uploads\/2025\/11\/P90625522_highRes_the-bmw-z4-final-edi-800x450.jpg 800w, https:\/\/us.as.com\/autos\/wp-content\/uploads\/2025\/11\/P90625522_highRes_the-bmw-z4-final-edi-450x253.jpg 450w\" sizes=\"(max-width: 1024px) 100vw, 1024px\" \/><\/figure>\n\n\n\n<h3 class=\"wp-block-heading\" id=\"h-reflexion-final-sobre-un-modelo-que-cierra-su-historia\"><strong>Reflexi\u00f3n final sobre un modelo que cierra su historia<\/strong><\/h3>\n\n\n\n<p>Funciona como recordatorio el <strong>BMW Z4 Final Edition<\/strong> de que los roadsters de dos plazas est\u00e1n desapareciendo gradualmente del mercado. Se limitar\u00e1 la producci\u00f3n a n\u00fameros muy peque\u00f1os durante apenas tres meses, convirtiendo a este modelo en una pieza de colecci\u00f3n instant\u00e1nea.&nbsp;<\/p>\n\n\n\n<p>Cerrar\u00e1 definitivamente la l\u00ednea de producci\u00f3n de este roadster la planta de Spartanburg despu\u00e9s de abril de 2026, el mismo lugar que ha ensamblado Z4 desde la primera generaci\u00f3n en 2002.<\/p>\n\n\n\n<p>Queda flotando la pregunta de si BMW desarrollar\u00e1 un sucesor o si simplemente cerrar\u00e1 este cap\u00edtulo para siempre. Favorece el mercado actual los SUV y los veh\u00edculos electrificados, dejando poco espacio para roadsters puristas.&nbsp;<\/p>\n\n\n\n<p>Quiz\u00e1s representa esta despedida algo m\u00e1s grande: el final de una \u00e9poca donde los fabricantes alemanes pod\u00edan darse el lujo de mantener modelos de nicho con vol\u00famenes limitados. Ha sobrevivido tres generaciones el Z4, algo que muy pocos modelos logran, y ahora sale del escenario con dignidad, potencia y exclusividad.<\/p>\n\n\n\n<p>Para quienes buscan el \u00faltimo ejemplar de un roadster b\u00e1varo genuino, representa el <strong>BMW Z4 Final Edition<\/strong> una oportunidad \u00fanica de poseer un pedazo de historia automotriz. Crear\u00e1 valor a largo plazo la combinaci\u00f3n de motor de seis cilindros atmosf\u00e9rico (con turbo, pero conservando la configuraci\u00f3n en l\u00ednea cl\u00e1sica), transmisi\u00f3n manual disponible y producci\u00f3n limitad\u00edsima. Deber\u00edan actuar r\u00e1pido los entusiastas porque estos 90 d\u00edas de producci\u00f3n pasar\u00e1n velozmente.<\/p>\n\n\n\n<h2 class=\"wp-block-heading\" id=\"h-diferencias-exclusivas-del-bmw-z4-final-edition\"><strong>Diferencias exclusivas del BMW Z4 Final Edition<\/strong><\/h2>\n\n\n\n<ul class=\"wp-block-list\">\n<li><strong>Pintura BMW Individual Frozen Black metallic<\/strong> (acabado mate exclusivo)<\/li>\n\n\n\n<li><strong>Costuras contrastantes rojas<\/strong> en todo el interior (tablero, consola, puertas, asientos)<\/li>\n\n\n\n<li><strong>Placas de entrada grabadas<\/strong> con inscripci\u00f3n \u00abZ4 FINAL EDITION\u00bb<\/li>\n\n\n\n<li><strong>Pinzas de freno rojas<\/strong> en sistema M Sport Brakes<\/li>\n\n\n\n<li><strong>Soft top Moonlight Black<\/strong> (color espec\u00edfico)<\/li>\n\n\n\n<li><strong>Cinturones de seguridad M tricolor<\/strong><\/li>\n\n\n\n<li><strong>Paquete Edition Handschalter<\/strong> incluido con transmisi\u00f3n manual (ajustes de chasis \u00fanicos)<\/li>\n\n\n\n<li><strong>Tapetes con ribetes rojos<\/strong><\/li>\n\n\n\n<li><strong>Configuraci\u00f3n \u00fanica<\/strong> (sin opciones adicionales, solo elecci\u00f3n de transmisi\u00f3n)<\/li>\n\n\n\n<li><strong>Producci\u00f3n limitada<\/strong> a febrero-abril 2026<\/li>\n<\/ul>\n\n\n\n<h2 class=\"wp-block-heading\" id=\"h-ficha-tecnica-bmw-z4-final-edition-2026\"><strong>Ficha t\u00e9cnica BMW Z4 Final Edition 2026<\/strong><\/h2>\n\n\n\n<h3 class=\"wp-block-heading\" id=\"h-motor\"><strong>Motor<\/strong><\/h3>\n\n\n\n<ul class=\"wp-block-list\">\n<li><strong>Configuraci\u00f3n:<\/strong> 6 cilindros en l\u00ednea, 24 v\u00e1lvulas<\/li>\n\n\n\n<li><strong>Cilindrada:<\/strong> 2,998 cc<\/li>\n\n\n\n<li><strong>Potencia m\u00e1xima:<\/strong> 382 hp @ 5,800-6,500 rpm<\/li>\n\n\n\n<li><strong>Torque m\u00e1ximo:<\/strong> 369 lb-ft @ 1,800-5,000 rpm<\/li>\n\n\n\n<li><strong>Relaci\u00f3n de compresi\u00f3n:<\/strong> 10.2:1<\/li>\n<\/ul>\n\n\n\n<h3 class=\"wp-block-heading\" id=\"h-transmision\"><strong>Transmisi\u00f3n<\/strong><\/h3>\n\n\n\n<ul class=\"wp-block-list\">\n<li><strong>Opciones:<\/strong> 8-speed Steptronic \/ 6-speed manual<\/li>\n\n\n\n<li><strong>Tracci\u00f3n:<\/strong> Trasera<\/li>\n<\/ul>\n\n\n\n<h3 class=\"wp-block-heading\" id=\"h-performance\"><strong>Performance<\/strong><\/h3>\n\n\n\n<ul class=\"wp-block-list\">\n<li><strong>0-60 mph:<\/strong> 3.9 segundos (autom\u00e1tica) \/ 4.2 segundos (manual)<\/li>\n\n\n\n<li><strong>Velocidad m\u00e1xima:<\/strong> 155 mph (limitada electr\u00f3nicamente)<\/li>\n<\/ul>\n\n\n\n<h3 class=\"wp-block-heading\" id=\"h-dimensiones\"><strong>Dimensiones<\/strong><\/h3>\n\n\n\n<ul class=\"wp-block-list\">\n<li><strong>Largo\/Ancho\/Alto:<\/strong> 170.7 \/ 73.4 \/ 51.4 pulgadas<\/li>\n\n\n\n<li><strong>Distancia entre ejes:<\/strong> 97.2 pulgadas<\/li>\n\n\n\n<li><strong>Peso en vac\u00edo:<\/strong> 3,543 lbs (autom\u00e1tica) \/ 3,514 lbs (manual)<\/li>\n\n\n\n<li><strong>Capacidad de carga:<\/strong> 9.9 pies c\u00fabicos<\/li>\n\n\n\n<li><strong>Capacidad tanque combustible:<\/strong> 13.7 galones<\/li>\n<\/ul>\n\n\n\n<h3 class=\"wp-block-heading\" id=\"h-llantas-y-frenos\"><strong>Llantas y frenos<\/strong><\/h3>\n\n\n\n<ul class=\"wp-block-list\">\n<li><strong>Llantas delanteras:<\/strong> 255\/35 R19 en rines 19 x 9.0&#8243;<\/li>\n\n\n\n<li><strong>Llantas traseras:<\/strong> 285\/30 R20 en rines 20 x 10.0&#8243;<\/li>\n\n\n\n<li><strong>Frenos:<\/strong> M Sport Brakes con pinzas rojas<\/li>\n<\/ul>\n\n\n\n<h3 class=\"wp-block-heading\" id=\"h-precio\"><strong>Precio<\/strong><\/h3>\n\n\n\n<ul class=\"wp-block-list\">\n<li><strong>MSRP:<\/strong> $77,500 USD<\/li>\n\n\n\n<li><strong>Destino y manejo:<\/strong> $1,175 USD<\/li>\n\n\n\n<li><strong>Total:<\/strong> $78,675 USD<\/li>\n<\/ul>\n\n\n\n<h3 class=\"wp-block-heading\" id=\"h-equipamiento-estandar-destacado\"><strong>Equipamiento est\u00e1ndar destacado<\/strong><\/h3>\n\n\n\n<ul class=\"wp-block-list\">\n<li>Paquete Shadowline completo<\/li>\n\n\n\n<li>Paquete de asistencia a la conducci\u00f3n<\/li>\n\n\n\n<li>Paquete Premium<\/li>\n\n\n\n<li>Sistema de sonido Harman Kardon<\/li>\n\n\n\n<li>Head-Up Display<\/li>\n\n\n\n<li>Iluminaci\u00f3n LED adaptativa<\/li>\n\n\n\n<li>Asientos M Sport en Vernasca\/Alcantara<\/li>\n<\/ul>\n","protected":false},"excerpt":{"rendered":"<p>Vivimos constantemente de ciclos en la industria automotriz, donde modelos legendarios nacen, evolucionan y eventualmente llegan a su final. BMW Z4 Final Edition representa exactamente ese momento culminante para un roadster que ha definido la experiencia de manejo abierto durante m\u00e1s de dos d\u00e9cadas.&nbsp; BMW ha decidido cerrar este cap\u00edtulo con una edici\u00f3n limitad\u00edsima que [&hellip;]<\/p>\n","protected":false},"author":9,"featured_media":11051,"comment_status":"open","ping_status":"open","sticky":false,"template":"","format":"standard","meta":{"_acf_changed":false,"footnotes":""},"categories":[166],"tags":[231],"marcas":[18],"class_list":["post-11045","post","type-post","status-publish","format-standard","has-post-thumbnail","hentry","category-marcas","tag-autos-deportivos","marcas-bmw","cat-166-id"],"acf":[],"yoast_head":"<!-- This site is optimized with the Yoast SEO Premium plugin  - https:\/\/yoast.com\/wordpress\/plugins\/seo\/ -->\n<title>Adi\u00f3s al BMW Z4: La edici\u00f3n final de 382 hp que cierra 23 a\u00f1os de historia - Autos<\/title>\n<meta name=\"description\" content=\"El BMW Z4 Final Edition marca el final de producci\u00f3n del ic\u00f3nico roadster. An\u00e1lisis completo de esta edici\u00f3n limitada con pintura\" \/>\n<meta name=\"robots\" content=\"index, follow, max-snippet:-1, max-image-preview:large, max-video-preview:-1\" \/>\n<link rel=\"canonical\" href=\"https:\/\/us.as.com\/autos\/marcas\/bmw-z4-final-edition\/\" \/>\n<meta property=\"og:locale\" content=\"es_ES\" \/>\n<meta property=\"og:type\" content=\"article\" \/>\n<meta property=\"og:title\" content=\"Adi\u00f3s al BMW Z4: La edici\u00f3n final de 382 hp que cierra 23 a\u00f1os de historia - Autos\" \/>\n<meta property=\"og:description\" content=\"El BMW Z4 Final Edition marca el final de producci\u00f3n del ic\u00f3nico roadster. An\u00e1lisis completo de esta edici\u00f3n limitada con pintura\" \/>\n<meta property=\"og:url\" content=\"https:\/\/us.as.com\/autos\/marcas\/bmw-z4-final-edition\/\" \/>\n<meta property=\"og:site_name\" content=\"Autos\" \/>\n<meta property=\"article:published_time\" content=\"2025-11-26T18:25:36+00:00\" \/>\n<meta property=\"article:modified_time\" content=\"2025-11-26T18:25:37+00:00\" \/>\n<meta property=\"og:image\" content=\"https:\/\/us.as.com\/autos\/wp-content\/uploads\/2025\/11\/BMW-Z4-scaled.jpeg\" \/>\n\t<meta property=\"og:image:width\" content=\"2560\" \/>\n\t<meta property=\"og:image:height\" content=\"1429\" \/>\n\t<meta property=\"og:image:type\" content=\"image\/jpeg\" \/>\n<meta name=\"author\" content=\"Luis Hern\u00e1ndez del Arco\" \/>\n<meta name=\"twitter:card\" content=\"summary_large_image\" \/>\n<meta name=\"twitter:creator\" content=\"@https:\/\/x.com\/ldelarco\" \/>\n<meta name=\"twitter:label1\" content=\"Escrito por\" \/>\n\t<meta name=\"twitter:data1\" content=\"Luis Hern\u00e1ndez del Arco\" \/>\n\t<meta name=\"twitter:label2\" content=\"Tiempo de lectura\" \/>\n\t<meta name=\"twitter:data2\" content=\"7 minutos\" \/>\n<script type=\"application\/ld+json\" class=\"yoast-schema-graph\">{\"@context\":\"https:\/\/schema.org\",\"@graph\":[{\"@type\":\"WebPage\",\"@id\":\"https:\/\/us.as.com\/autos\/marcas\/bmw-z4-final-edition\/\",\"url\":\"https:\/\/us.as.com\/autos\/marcas\/bmw-z4-final-edition\/\",\"name\":\"Adi\u00f3s al BMW Z4: La edici\u00f3n final de 382 hp que cierra 23 a\u00f1os de historia - Autos\",\"isPartOf\":{\"@id\":\"https:\/\/us.as.com\/autos\/#website\"},\"primaryImageOfPage\":{\"@id\":\"https:\/\/us.as.com\/autos\/marcas\/bmw-z4-final-edition\/#primaryimage\"},\"image\":{\"@id\":\"https:\/\/us.as.com\/autos\/marcas\/bmw-z4-final-edition\/#primaryimage\"},\"thumbnailUrl\":\"https:\/\/us.as.com\/autos\/wp-content\/uploads\/2025\/11\/BMW-Z4-scaled.jpeg\",\"datePublished\":\"2025-11-26T18:25:36+00:00\",\"dateModified\":\"2025-11-26T18:25:37+00:00\",\"author\":{\"@id\":\"https:\/\/us.as.com\/autos\/#\/schema\/person\/b59ded8d3d136c0f0f7adae8ab7f1712\"},\"description\":\"El BMW Z4 Final Edition marca el final de producci\u00f3n del ic\u00f3nico roadster. An\u00e1lisis completo de esta edici\u00f3n limitada con pintura\",\"inLanguage\":\"es\",\"potentialAction\":[{\"@type\":\"ReadAction\",\"target\":[\"https:\/\/us.as.com\/autos\/marcas\/bmw-z4-final-edition\/\"]}]},{\"@type\":\"ImageObject\",\"inLanguage\":\"es\",\"@id\":\"https:\/\/us.as.com\/autos\/marcas\/bmw-z4-final-edition\/#primaryimage\",\"url\":\"https:\/\/us.as.com\/autos\/wp-content\/uploads\/2025\/11\/BMW-Z4-scaled.jpeg\",\"contentUrl\":\"https:\/\/us.as.com\/autos\/wp-content\/uploads\/2025\/11\/BMW-Z4-scaled.jpeg\",\"width\":2560,\"height\":1429},{\"@type\":\"WebSite\",\"@id\":\"https:\/\/us.as.com\/autos\/#website\",\"url\":\"https:\/\/us.as.com\/autos\/\",\"name\":\"Autos\",\"description\":\"\",\"potentialAction\":[{\"@type\":\"SearchAction\",\"target\":{\"@type\":\"EntryPoint\",\"urlTemplate\":\"https:\/\/us.as.com\/autos\/?s={search_term_string}\"},\"query-input\":{\"@type\":\"PropertyValueSpecification\",\"valueRequired\":true,\"valueName\":\"search_term_string\"}}],\"inLanguage\":\"es\"},{\"@type\":\"Person\",\"@id\":\"https:\/\/us.as.com\/autos\/#\/schema\/person\/b59ded8d3d136c0f0f7adae8ab7f1712\",\"name\":\"Luis Hern\u00e1ndez del Arco\",\"image\":{\"@type\":\"ImageObject\",\"inLanguage\":\"es\",\"@id\":\"https:\/\/us.as.com\/autos\/#\/schema\/person\/image\/\",\"url\":\"https:\/\/secure.gravatar.com\/avatar\/c2b7262a4ee821aa4260ed5f07cfd999?s=96&d=mm&r=g\",\"contentUrl\":\"https:\/\/secure.gravatar.com\/avatar\/c2b7262a4ee821aa4260ed5f07cfd999?s=96&d=mm&r=g\",\"caption\":\"Luis Hern\u00e1ndez del Arco\"},\"sameAs\":[\"https:\/\/us.as.com\/autos\/\",\"https:\/\/www.instagram.com\/luisdelarcoh\",\"https:\/\/x.com\/https:\/\/x.com\/ldelarco\"],\"gender\":\"Hombre\",\"jobTitle\":\"Editor\",\"worksFor\":\"Grupo Prisa\",\"url\":\"https:\/\/us.as.com\/autos\/autor\/lhernandezd\/\"}]}<\/script>\n<!-- \/ Yoast SEO Premium plugin. -->","yoast_head_json":{"title":"Adi\u00f3s al BMW Z4: La edici\u00f3n final de 382 hp que cierra 23 a\u00f1os de historia - Autos","description":"El BMW Z4 Final Edition marca el final de producci\u00f3n del ic\u00f3nico roadster. An\u00e1lisis completo de esta edici\u00f3n limitada con pintura","robots":{"index":"index","follow":"follow","max-snippet":"max-snippet:-1","max-image-preview":"max-image-preview:large","max-video-preview":"max-video-preview:-1"},"canonical":"https:\/\/us.as.com\/autos\/marcas\/bmw-z4-final-edition\/","og_locale":"es_ES","og_type":"article","og_title":"Adi\u00f3s al BMW Z4: La edici\u00f3n final de 382 hp que cierra 23 a\u00f1os de historia - Autos","og_description":"El BMW Z4 Final Edition marca el final de producci\u00f3n del ic\u00f3nico roadster. An\u00e1lisis completo de esta edici\u00f3n limitada con pintura","og_url":"https:\/\/us.as.com\/autos\/marcas\/bmw-z4-final-edition\/","og_site_name":"Autos","article_published_time":"2025-11-26T18:25:36+00:00","article_modified_time":"2025-11-26T18:25:37+00:00","og_image":[{"width":2560,"height":1429,"url":"https:\/\/us.as.com\/autos\/wp-content\/uploads\/2025\/11\/BMW-Z4-scaled.jpeg","type":"image\/jpeg"}],"author":"Luis Hern\u00e1ndez del Arco","twitter_card":"summary_large_image","twitter_creator":"@https:\/\/x.com\/ldelarco","twitter_misc":{"Escrito por":"Luis Hern\u00e1ndez del Arco","Tiempo de lectura":"7 minutos"},"schema":{"@context":"https:\/\/schema.org","@graph":[{"@type":"WebPage","@id":"https:\/\/us.as.com\/autos\/marcas\/bmw-z4-final-edition\/","url":"https:\/\/us.as.com\/autos\/marcas\/bmw-z4-final-edition\/","name":"Adi\u00f3s al BMW Z4: La edici\u00f3n final de 382 hp que cierra 23 a\u00f1os de historia - Autos","isPartOf":{"@id":"https:\/\/us.as.com\/autos\/#website"},"primaryImageOfPage":{"@id":"https:\/\/us.as.com\/autos\/marcas\/bmw-z4-final-edition\/#primaryimage"},"image":{"@id":"https:\/\/us.as.com\/autos\/marcas\/bmw-z4-final-edition\/#primaryimage"},"thumbnailUrl":"https:\/\/us.as.com\/autos\/wp-content\/uploads\/2025\/11\/BMW-Z4-scaled.jpeg","datePublished":"2025-11-26T18:25:36+00:00","dateModified":"2025-11-26T18:25:37+00:00","author":{"@id":"https:\/\/us.as.com\/autos\/#\/schema\/person\/b59ded8d3d136c0f0f7adae8ab7f1712"},"description":"El BMW Z4 Final Edition marca el final de producci\u00f3n del ic\u00f3nico roadster. An\u00e1lisis completo de esta edici\u00f3n limitada con pintura","inLanguage":"es","potentialAction":[{"@type":"ReadAction","target":["https:\/\/us.as.com\/autos\/marcas\/bmw-z4-final-edition\/"]}]},{"@type":"ImageObject","inLanguage":"es","@id":"https:\/\/us.as.com\/autos\/marcas\/bmw-z4-final-edition\/#primaryimage","url":"https:\/\/us.as.com\/autos\/wp-content\/uploads\/2025\/11\/BMW-Z4-scaled.jpeg","contentUrl":"https:\/\/us.as.com\/autos\/wp-content\/uploads\/2025\/11\/BMW-Z4-scaled.jpeg","width":2560,"height":1429},{"@type":"WebSite","@id":"https:\/\/us.as.com\/autos\/#website","url":"https:\/\/us.as.com\/autos\/","name":"Autos","description":"","potentialAction":[{"@type":"SearchAction","target":{"@type":"EntryPoint","urlTemplate":"https:\/\/us.as.com\/autos\/?s={search_term_string}"},"query-input":{"@type":"PropertyValueSpecification","valueRequired":true,"valueName":"search_term_string"}}],"inLanguage":"es"},{"@type":"Person","@id":"https:\/\/us.as.com\/autos\/#\/schema\/person\/b59ded8d3d136c0f0f7adae8ab7f1712","name":"Luis Hern\u00e1ndez del Arco","image":{"@type":"ImageObject","inLanguage":"es","@id":"https:\/\/us.as.com\/autos\/#\/schema\/person\/image\/","url":"https:\/\/secure.gravatar.com\/avatar\/c2b7262a4ee821aa4260ed5f07cfd999?s=96&d=mm&r=g","contentUrl":"https:\/\/secure.gravatar.com\/avatar\/c2b7262a4ee821aa4260ed5f07cfd999?s=96&d=mm&r=g","caption":"Luis Hern\u00e1ndez del Arco"},"sameAs":["https:\/\/us.as.com\/autos\/","https:\/\/www.instagram.com\/luisdelarcoh","https:\/\/x.com\/https:\/\/x.com\/ldelarco"],"gender":"Hombre","jobTitle":"Editor","worksFor":"Grupo Prisa","url":"https:\/\/us.as.com\/autos\/autor\/lhernandezd\/"}]}},"amp_enabled":true,"_links":{"self":[{"href":"https:\/\/us.as.com\/autos\/wp-json\/wp\/v2\/posts\/11045","targetHints":{"allow":["GET"]}}],"collection":[{"href":"https:\/\/us.as.com\/autos\/wp-json\/wp\/v2\/posts"}],"about":[{"href":"https:\/\/us.as.com\/autos\/wp-json\/wp\/v2\/types\/post"}],"author":[{"embeddable":true,"href":"https:\/\/us.as.com\/autos\/wp-json\/wp\/v2\/users\/9"}],"replies":[{"embeddable":true,"href":"https:\/\/us.as.com\/autos\/wp-json\/wp\/v2\/comments?post=11045"}],"version-history":[{"count":3,"href":"https:\/\/us.as.com\/autos\/wp-json\/wp\/v2\/posts\/11045\/revisions"}],"predecessor-version":[{"id":11053,"href":"https:\/\/us.as.com\/autos\/wp-json\/wp\/v2\/posts\/11045\/revisions\/11053"}],"wp:featuredmedia":[{"embeddable":true,"href":"https:\/\/us.as.com\/autos\/wp-json\/wp\/v2\/media\/11051"}],"wp:attachment":[{"href":"https:\/\/us.as.com\/autos\/wp-json\/wp\/v2\/media?parent=11045"}],"wp:term":[{"taxonomy":"category","embeddable":true,"href":"https:\/\/us.as.com\/autos\/wp-json\/wp\/v2\/categories?post=11045"},{"taxonomy":"post_tag","embeddable":true,"href":"https:\/\/us.as.com\/autos\/wp-json\/wp\/v2\/tags?post=11045"},{"taxonomy":"marcas","embeddable":true,"href":"https:\/\/us.as.com\/autos\/wp-json\/wp\/v2\/marcas?post=11045"}],"curies":[{"name":"wp","href":"https:\/\/api.w.org\/{rel}","templated":true}]}}